{"id":201737,"date":"2022-03-22T08:22:12","date_gmt":"2022-03-22T12:22:12","guid":{"rendered":"https:\/\/www.ocorreionews.com.br\/acervo-correio\/?p=201737"},"modified":"2022-03-22T08:22:12","modified_gmt":"2022-03-22T12:22:12","slug":"prefeitura-de-paraiso-das-agua-realizou-reuniao-com-moradores-do-pouso-alto","status":"publish","type":"post","link":"https:\/\/www.ocorreionews.com.br\/acervo-correio\/?p=201737","title":{"rendered":"Prefeitura de Paraiso das \u00c1gua realizou reuni\u00e3o com moradores do Pouso Alto"},"content":{"rendered":"<p><span class=\"d2edcug0 hpfvmrgz qv66sw1b c1et5uql lr9zc1uh a8c37x1j fe6kdd0r mau55g9w c8b282yb keod5gw0 nxhoafnm aigsh9s9 d3f4x2em iv3no6db jq4qci2q a3bd9o3v b1v8xokw oo9gr5id hzawbc8m\" dir=\"auto\"> a Prefeitura Municipal de Para\u00edso das \u00c1guas, por meio da Secretaria Municipal de Assist\u00eancia Social, Habita\u00e7\u00e3o e Cidadania, esteve no distrito de Pouso Alto, ouvindo a comunidade quanto aos projetos sociais que \u00e9 desenvolvido em nosso munic\u00edpio, que contemplada crian\u00e7as, adolescentes e idosos.<\/span><\/p>\n<p><span class=\"d2edcug0 hpfvmrgz qv66sw1b c1et5uql lr9zc1uh a8c37x1j fe6kdd0r mau55g9w c8b282yb keod5gw0 nxhoafnm aigsh9s9 d3f4x2em iv3no6db jq4qci2q a3bd9o3v b1v8xokw oo9gr5id hzawbc8m\" dir=\"auto\"> A secret\u00e1ria municipal de Assist\u00eancia Social, Prof\u00aa Rozilda, a psic\u00f3loga @Alexia Nogueira, estiveram presentes e conversando com a comunidade. <\/span><\/p>\n<p><span class=\"d2edcug0 hpfvmrgz qv66sw1b c1et5uql lr9zc1uh a8c37x1j fe6kdd0r mau55g9w c8b282yb keod5gw0 nxhoafnm aigsh9s9 d3f4x2em iv3no6db jq4qci2q a3bd9o3v b1v8xokw oo9gr5id hzawbc8m\" dir=\"auto\">Esta \u00e9 a Prefeitura de Para\u00edso das \u00c1guas, presente nos quatro cantos do nosso Munic\u00edpio. Gest\u00e3o Daqui Pra Melhor.<\/span><\/p>\n<p>&nbsp;<\/p>\n<p><a href=\"https:\/\/www.ocorreionews.com.br\/acervo-correio\/wp-content\/uploads\/2022\/03\/reuniao-pouso-alto3.jpg\"><img loading=\"lazy\" decoding=\"async\" class=\"alignnone size-full wp-image-201740\" src=\"https:\/\/www.ocorreionews.com.br\/acervo-correio\/wp-content\/uploads\/2022\/03\/reuniao-pouso-alto3.jpg\" alt=\"\" width=\"1280\" height=\"853\" srcset=\"https:\/\/www.ocorreionews.com.br\/acervo-correio\/wp-content\/uploads\/2022\/03\/reuniao-pouso-alto3.jpg 1280w, https:\/\/www.ocorreionews.com.br\/acervo-correio\/wp-content\/uploads\/2022\/03\/reuniao-pouso-alto3-300x200.jpg 300w, https:\/\/www.ocorreionews.com.br\/acervo-correio\/wp-content\/uploads\/2022\/03\/reuniao-pouso-alto3-1024x682.jpg 1024w, https:\/\/www.ocorreionews.com.br\/acervo-correio\/wp-content\/uploads\/2022\/03\/reuniao-pouso-alto3-768x512.jpg 768w\" sizes=\"auto, (max-width: 1280px) 100vw, 1280px\" \/><\/a><\/p>\n<p>Assecom<\/p>\n","protected":false},"excerpt":{"rendered":"<p>a Prefeitura Municipal de Para\u00edso das \u00c1guas, por meio da Secretaria Municipal de Assist\u00eancia Social, Habita\u00e7\u00e3o e Cidadania, esteve no distrito de Pouso Alto, ouvindo a comunidade quanto aos projetos sociais que \u00e9 desenvolvido em nosso munic\u00edpio, que contemplada crian\u00e7as, adolescentes e idosos. A secret\u00e1ria municipal de Assist\u00eancia Social, Prof\u00aa Rozilda, a psic\u00f3loga @Alexia Nogueira, [&hellip;]<\/p>\n","protected":false},"author":4,"featured_media":201739,"comment_status":"closed","ping_status":"closed","sticky":false,"template":"","format":"standard","meta":{"footnotes":""},"categories":[36],"tags":[],"class_list":["post-201737","post","type-post","status-publish","format-standard","has-post-thumbnail","hentry","category-paraiso-das-aguas"],"_links":{"self":[{"href":"https:\/\/www.ocorreionews.com.br\/acervo-correio\/index.php?rest_route=\/wp\/v2\/posts\/201737","targetHints":{"allow":["GET"]}}],"collection":[{"href":"https:\/\/www.ocorreionews.com.br\/acervo-correio\/index.php?rest_route=\/wp\/v2\/posts"}],"about":[{"href":"https:\/\/www.ocorreionews.com.br\/acervo-correio\/index.php?rest_route=\/wp\/v2\/types\/post"}],"author":[{"embeddable":true,"href":"https:\/\/www.ocorreionews.com.br\/acervo-correio\/index.php?rest_route=\/wp\/v2\/users\/4"}],"replies":[{"embeddable":true,"href":"https:\/\/www.ocorreionews.com.br\/acervo-correio\/index.php?rest_route=%2Fwp%2Fv2%2Fcomments&post=201737"}],"version-history":[{"count":1,"href":"https:\/\/www.ocorreionews.com.br\/acervo-correio\/index.php?rest_route=\/wp\/v2\/posts\/201737\/revisions"}],"predecessor-version":[{"id":201741,"href":"https:\/\/www.ocorreionews.com.br\/acervo-correio\/index.php?rest_route=\/wp\/v2\/posts\/201737\/revisions\/201741"}],"wp:featuredmedia":[{"embeddable":true,"href":"https:\/\/www.ocorreionews.com.br\/acervo-correio\/index.php?rest_route=\/wp\/v2\/media\/201739"}],"wp:attachment":[{"href":"https:\/\/www.ocorreionews.com.br\/acervo-correio\/index.php?rest_route=%2Fwp%2Fv2%2Fmedia&parent=201737"}],"wp:term":[{"taxonomy":"category","embeddable":true,"href":"https:\/\/www.ocorreionews.com.br\/acervo-correio\/index.php?rest_route=%2Fwp%2Fv2%2Fcategories&post=201737"},{"taxonomy":"post_tag","embeddable":true,"href":"https:\/\/www.ocorreionews.com.br\/acervo-correio\/index.php?rest_route=%2Fwp%2Fv2%2Ftags&post=201737"}],"curies":[{"name":"wp","href":"https:\/\/api.w.org\/{rel}","templated":true}]}}