{"id":201742,"date":"2022-03-22T08:29:30","date_gmt":"2022-03-22T12:29:30","guid":{"rendered":"https:\/\/www.ocorreionews.com.br\/acervo-correio\/?p=201742"},"modified":"2022-03-22T08:29:30","modified_gmt":"2022-03-22T12:29:30","slug":"costarriquense-eleita-miss-brasil-infantil-e-recebida-com-carreata-e-homenagens","status":"publish","type":"post","link":"https:\/\/www.ocorreionews.com.br\/acervo-correio\/?p=201742","title":{"rendered":"Costarriquense eleita Miss Brasil Infantil \u00e9 recebida com carreata e homenagens"},"content":{"rendered":"<div class=\"ntc_cont_descricao_noticia sw_txteditor\">\n<div>A pequena Isabella Barroso, de 8 anos, ganhou, emocionou e festejou sua vit\u00f3ria no Miss Brasil Infantil 2022. Na tarde desta segunda-feira (21), ela foi recebida em Costa Rica, sua cidade natal, com uma carreata e homenagens em frente ao Pa\u00e7o Municipal.<\/p>\n<p>Depois de desfilar em carro aberto do Corpo de Bombeiros pela avenida Jos\u00e9 Ferreira da Costa, a Miss foi recebida no Pa\u00e7o Municipal pelo vice-prefeito, Roni Cota; pela primeira-dama, M\u00e1rcia Alves; pela presidente da C\u00e2mara de Vereadores, professora mestre Manuelina Martins da Silva Arantes Cabral; pelos vereadores Evaldo Paulino Garcia e Ros\u00e2ngela Mar\u00e7al; pelos secret\u00e1rios municipais Airton Ruiz Pereira (Governo), Jesus Queiroz Baird (Sa\u00fade); a diretora de Cultura, Jacy Bulh\u00f5es, representando a SEMTMA (Secretaria Municipal de Turismo, Meio Ambiente, Esporte e Cultura); os subsecret\u00e1rios Ang\u00e9lica Moraes (Educa\u00e7\u00e3o), Reinaldo Valim (Administra\u00e7\u00e3o), Roberto Paes Barbosa (Desenvolvimento), o padre Wilkson Mendes, servidores p\u00fablicos municipais, al\u00e9m de amigos e familiares da homenageada.<\/p><\/div>\n<div><img loading=\"lazy\" decoding=\"async\" class=\"imgcentraliza\" src=\"https:\/\/www.costarica.ms.gov.br\/fotos\/6a591c29be625f539755851f0bd09462.jpg\" alt=\"Foto Noticia Principal Grande\" width=\"600\" height=\"379\" \/><\/p>\n<p>\u201cIsabella t\u00e3o jovem j\u00e1 \u00e9 a estrela de Costa Rica que agora brilha para o mundo. Parab\u00e9ns mais uma vez pela vit\u00f3ria na etapa estadual, disputada com outras 17 meninas, e agora nesse desafio ainda maior com outras 30 representantes de todo o pa\u00eds. Que venha o mundial, pois estamos muito bem representados\u201d, parabenizou o vice-prefeito.<\/p><\/div>\n<div><img loading=\"lazy\" decoding=\"async\" class=\"imgcentraliza\" src=\"https:\/\/www.costarica.ms.gov.br\/fotos\/8abf7aec7e8a8f46f7bea675138373a4.jpg\" alt=\"Foto Noticia Principal Grande\" width=\"600\" height=\"417\" \/><\/p>\n<p>Na oportunidade a presidente da C\u00e2mara de Vereadores entregou para a Miss uma Mo\u00e7\u00e3o de Congratula\u00e7\u00e3o e Aplausos em nome de todos os parlamentares. \u201cOs nossos cumprimentos \u00e0 Isabella em nome de todo povo costarriquense, pela grandeza e import\u00e2ncia desse t\u00edtulo, tanto para voc\u00ea como para a vida de Costa Rica. N\u00e3o tenha medo de realizar todos os seus sonhos, pois eles tamb\u00e9m s\u00e3o um pouquinho nossos\u201d, afirmou professora Manuelina.<\/p><\/div>\n<div><img loading=\"lazy\" decoding=\"async\" class=\"imgcentraliza\" src=\"https:\/\/www.costarica.ms.gov.br\/fotos\/0babf74c8cf418c919c03c71e66ddfd0.jpg\" alt=\"Foto Noticia Principal Grande\" width=\"600\" height=\"450\" \/><\/p>\n<p>A pequena Miss finalizou o evento agradecendo \u201cprimeiramente a Deus e para todo mundo que estava na torcida por mim, um beijo e muita gratid\u00e3o\u201d, completou Isabella.<\/p><\/div>\n<\/div>\n<p>&nbsp;<\/p>\n<div class=\"ntc_area_info_noticia sw_lato\">\n<div>\n<div class=\"ntc_info_noticia\"><strong class=\"sw_lato_black\">Fonte: <\/strong>Assessoria de Comunica\u00e7\u00e3o, <strong class=\"sw_lato_black\">\u00a0<\/strong>Angela Bezerra<\/div>\n<\/div>\n<\/div>\n","protected":false},"excerpt":{"rendered":"<p>A pequena Isabella Barroso, de 8 anos, ganhou, emocionou e festejou sua vit\u00f3ria no Miss Brasil Infantil 2022. Na tarde desta segunda-feira (21), ela foi recebida em Costa Rica, sua cidade natal, com uma carreata e homenagens em frente ao Pa\u00e7o Municipal. Depois de desfilar em carro aberto do Corpo de Bombeiros pela avenida Jos\u00e9 [&hellip;]<\/p>\n","protected":false},"author":5,"featured_media":201743,"comment_status":"closed","ping_status":"closed","sticky":false,"template":"","format":"standard","meta":{"footnotes":""},"categories":[25],"tags":[],"class_list":["post-201742","post","type-post","status-publish","format-standard","has-post-thumbnail","hentry","category-costa-rica"],"_links":{"self":[{"href":"https:\/\/www.ocorreionews.com.br\/acervo-correio\/index.php?rest_route=\/wp\/v2\/posts\/201742","targetHints":{"allow":["GET"]}}],"collection":[{"href":"https:\/\/www.ocorreionews.com.br\/acervo-correio\/index.php?rest_route=\/wp\/v2\/posts"}],"about":[{"href":"https:\/\/www.ocorreionews.com.br\/acervo-correio\/index.php?rest_route=\/wp\/v2\/types\/post"}],"author":[{"embeddable":true,"href":"https:\/\/www.ocorreionews.com.br\/acervo-correio\/index.php?rest_route=\/wp\/v2\/users\/5"}],"replies":[{"embeddable":true,"href":"https:\/\/www.ocorreionews.com.br\/acervo-correio\/index.php?rest_route=%2Fwp%2Fv2%2Fcomments&post=201742"}],"version-history":[{"count":1,"href":"https:\/\/www.ocorreionews.com.br\/acervo-correio\/index.php?rest_route=\/wp\/v2\/posts\/201742\/revisions"}],"predecessor-version":[{"id":201744,"href":"https:\/\/www.ocorreionews.com.br\/acervo-correio\/index.php?rest_route=\/wp\/v2\/posts\/201742\/revisions\/201744"}],"wp:featuredmedia":[{"embeddable":true,"href":"https:\/\/www.ocorreionews.com.br\/acervo-correio\/index.php?rest_route=\/wp\/v2\/media\/201743"}],"wp:attachment":[{"href":"https:\/\/www.ocorreionews.com.br\/acervo-correio\/index.php?rest_route=%2Fwp%2Fv2%2Fmedia&parent=201742"}],"wp:term":[{"taxonomy":"category","embeddable":true,"href":"https:\/\/www.ocorreionews.com.br\/acervo-correio\/index.php?rest_route=%2Fwp%2Fv2%2Fcategories&post=201742"},{"taxonomy":"post_tag","embeddable":true,"href":"https:\/\/www.ocorreionews.com.br\/acervo-correio\/index.php?rest_route=%2Fwp%2Fv2%2Ftags&post=201742"}],"curies":[{"name":"wp","href":"https:\/\/api.w.org\/{rel}","templated":true}]}}