{"id":201745,"date":"2022-03-22T08:47:39","date_gmt":"2022-03-22T12:47:39","guid":{"rendered":"https:\/\/www.ocorreionews.com.br\/acervo-correio\/?p=201745"},"modified":"2022-03-22T08:47:39","modified_gmt":"2022-03-22T12:47:39","slug":"mae-e-filho-morrem-em-colisao-com-caminhao-e-crianca-de-7-anos-fica-ferida-em-rodovia-de-ms","status":"publish","type":"post","link":"https:\/\/www.ocorreionews.com.br\/acervo-correio\/?p=201745","title":{"rendered":"M\u00e3e e filho morrem em colis\u00e3o com caminh\u00e3o e crian\u00e7a de 7 anos fica ferida em rodovia de MS"},"content":{"rendered":"<p>Na tarde desta segunda-feira (21), Maria Jos\u00e9 da Concei\u00e7\u00e3o Andrade, de 47 anos, e o filho Ewerton Andrade de Souza, de 26 anos, morreram em um grave acidente na BR-376. O carro em que estavam colidiu contra um caminh\u00e3o na regi\u00e3o de Ivinhema, a 291 quil\u00f4metros de Campo Grande.<\/p>\n<p>O motorista e a m\u00e3e estavam no Corsa, tamb\u00e9m ocupado por outras duas pessoas, uma crian\u00e7a de 7 anos e o pai dela, de 55 anos. O ve\u00edculo seguia pelo trecho entre o Distrito de Amandina e Ivinhema, quando colidiu frontalmente com o caminh\u00e3o ca\u00e7amba.<\/p>\n<p>O caminhoneiro, de Ivinhema, n\u00e3o sofreu ferimentos, mas ficou em estado de choque e foi levado ao hospital. Conforme o site Ivi Not\u00edcias, os dois ve\u00edculos sa\u00edram da pista ap\u00f3s a colis\u00e3o e o carro ficou totalmente destru\u00eddo.<\/p>\n<p>M\u00e3e e filho, tamb\u00e9m moradores em Ivinhema, morreram no local do acidente. PRF (Pol\u00edcia Rodovi\u00e1ria Federal), Pol\u00edcia Civil e Per\u00edcia foram acionadas.<\/p>\n<p>&nbsp;<\/p>\n<p>&nbsp;<\/p>\n<p>*Midiamax &#8211; Renata Portela<\/p>\n","protected":false},"excerpt":{"rendered":"<p>Na tarde desta segunda-feira (21), Maria Jos\u00e9 da Concei\u00e7\u00e3o Andrade, de 47 anos, e o filho Ewerton Andrade de Souza, de 26 anos, morreram em um grave acidente na BR-376. O carro em que estavam colidiu contra um caminh\u00e3o na regi\u00e3o de Ivinhema, a 291 quil\u00f4metros de Campo Grande. O motorista e a m\u00e3e estavam [&hellip;]<\/p>\n","protected":false},"author":5,"featured_media":201748,"comment_status":"closed","ping_status":"closed","sticky":false,"template":"","format":"standard","meta":{"footnotes":""},"categories":[38],"tags":[],"class_list":["post-201745","post","type-post","status-publish","format-standard","has-post-thumbnail","hentry","category-policia"],"_links":{"self":[{"href":"https:\/\/www.ocorreionews.com.br\/acervo-correio\/index.php?rest_route=\/wp\/v2\/posts\/201745","targetHints":{"allow":["GET"]}}],"collection":[{"href":"https:\/\/www.ocorreionews.com.br\/acervo-correio\/index.php?rest_route=\/wp\/v2\/posts"}],"about":[{"href":"https:\/\/www.ocorreionews.com.br\/acervo-correio\/index.php?rest_route=\/wp\/v2\/types\/post"}],"author":[{"embeddable":true,"href":"https:\/\/www.ocorreionews.com.br\/acervo-correio\/index.php?rest_route=\/wp\/v2\/users\/5"}],"replies":[{"embeddable":true,"href":"https:\/\/www.ocorreionews.com.br\/acervo-correio\/index.php?rest_route=%2Fwp%2Fv2%2Fcomments&post=201745"}],"version-history":[{"count":1,"href":"https:\/\/www.ocorreionews.com.br\/acervo-correio\/index.php?rest_route=\/wp\/v2\/posts\/201745\/revisions"}],"predecessor-version":[{"id":201749,"href":"https:\/\/www.ocorreionews.com.br\/acervo-correio\/index.php?rest_route=\/wp\/v2\/posts\/201745\/revisions\/201749"}],"wp:featuredmedia":[{"embeddable":true,"href":"https:\/\/www.ocorreionews.com.br\/acervo-correio\/index.php?rest_route=\/wp\/v2\/media\/201748"}],"wp:attachment":[{"href":"https:\/\/www.ocorreionews.com.br\/acervo-correio\/index.php?rest_route=%2Fwp%2Fv2%2Fmedia&parent=201745"}],"wp:term":[{"taxonomy":"category","embeddable":true,"href":"https:\/\/www.ocorreionews.com.br\/acervo-correio\/index.php?rest_route=%2Fwp%2Fv2%2Fcategories&post=201745"},{"taxonomy":"post_tag","embeddable":true,"href":"https:\/\/www.ocorreionews.com.br\/acervo-correio\/index.php?rest_route=%2Fwp%2Fv2%2Ftags&post=201745"}],"curies":[{"name":"wp","href":"https:\/\/api.w.org\/{rel}","templated":true}]}}