{"id":201814,"date":"2022-03-23T07:00:38","date_gmt":"2022-03-23T11:00:38","guid":{"rendered":"https:\/\/www.ocorreionews.com.br\/acervo-correio\/?p=201814"},"modified":"2022-03-22T17:34:25","modified_gmt":"2022-03-22T21:34:25","slug":"secretaria-municipal-de-saude-apresenta-o-3o-relatorio-quadrimestral-do-ano-de-2021-e-o-relatorio-anual-de-gestao-rag-2021","status":"publish","type":"post","link":"https:\/\/www.ocorreionews.com.br\/acervo-correio\/?p=201814","title":{"rendered":"Secretaria Municipal de Sa\u00fade apresenta o 3\u00ba Relat\u00f3rio Quadrimestral do ano de 2021 e o Relat\u00f3rio Anual de Gest\u00e3o \u2013 RAG 2021"},"content":{"rendered":"<div class=\"cxmmr5t8 oygrvhab hcukyx3x c1et5uql o9v6fnle ii04i59q\">\n<div dir=\"auto\">O Secret\u00e1rio Municipal de Sa\u00fade, Jo\u00e3o Abadio de Oliveira Neto, na data de hoje (22\/03) apresentou o 3\u00ba Relat\u00f3rio Quadrimestral do ano de 2021 e o Relat\u00f3rio Anual de Gest\u00e3o \u2013 RAG 2021, que aconteceu no Plen\u00e1rio da C\u00e2mara Municipal de Alcin\u00f3polis.<\/div>\n<div dir=\"auto\">A Secretaria realizou durante o 3\u00ba Relat\u00f3rio Quadrimestral do ano de 2021 atendimentos ofertados pelo Sistema \u00danico de Sa\u00fade (SUS), contemplando o bem-estar da popula\u00e7\u00e3o. Uma das prioridades da Secretaria \u00e9 o atendimento da Aten\u00e7\u00e3o B\u00e1sica, buscando atingir seus indicadores com qualidade e aten\u00e7\u00e3o.<\/div>\n<div dir=\"auto\">No per\u00edodo correspondente foram realizadas atividades relacionadas \u00e0 sa\u00fade da popula\u00e7\u00e3o, priorizando e evidenciando a promo\u00e7\u00e3o, preven\u00e7\u00e3o, tratamento e reabilita\u00e7\u00e3o.<\/div>\n<div dir=\"auto\">Foram adquiridos ve\u00edculos utilit\u00e1rios e ambul\u00e2ncia, para melhor atender nossa popula\u00e7\u00e3o, trazendo conforto e agilidade nas viagens para atendimentos m\u00e9dicos. O Hospital Municipal est\u00e1 em processo de amplia\u00e7\u00e3o e reforma do pr\u00e9dio e a UBS centro e PSF Cohab, passar\u00e3o por reformas, que ter\u00e3o in\u00edcio j\u00e1 a partir da semana que vem.<\/div>\n<div dir=\"auto\">Vale ressaltar tamb\u00e9m que o munic\u00edpio conta com atendimentos de ultrassonografia, cardiologista, ortopedista, psiquiatra, oftalmologista, ginecologista e pediatra.<\/div>\n<div dir=\"auto\">Jo\u00e3o Abadio finalizou ressaltando que oferecer sa\u00fade de qualidade \u00e9 oferecer o melhor em prol dos usu\u00e1rios do sistema.<\/div>\n<div dir=\"auto\">Participaram da apresenta\u00e7\u00e3o o vereador Evaldo Furtado, Eliane de Jesus, e profissionais da sa\u00fade de nosso munic\u00edpio.<\/div>\n<\/div>\n<div class=\"cxmmr5t8 oygrvhab hcukyx3x c1et5uql o9v6fnle ii04i59q\">\n<div dir=\"auto\">Fonte\/Fotos: Assecom\/ Prefeitura de Alcin\u00f3polis\/ Simone Nogueira<\/div>\n<\/div>\n","protected":false},"excerpt":{"rendered":"<p>O Secret\u00e1rio Municipal de Sa\u00fade, Jo\u00e3o Abadio de Oliveira Neto, na data de hoje (22\/03) apresentou o 3\u00ba Relat\u00f3rio Quadrimestral do ano de 2021 e o Relat\u00f3rio Anual de Gest\u00e3o \u2013 RAG 2021, que aconteceu no Plen\u00e1rio da C\u00e2mara Municipal de Alcin\u00f3polis. A Secretaria realizou durante o 3\u00ba Relat\u00f3rio Quadrimestral do ano de 2021 atendimentos [&hellip;]<\/p>\n","protected":false},"author":4,"featured_media":201815,"comment_status":"closed","ping_status":"closed","sticky":false,"template":"","format":"standard","meta":{"footnotes":""},"categories":[18,39],"tags":[],"class_list":["post-201814","post","type-post","status-publish","format-standard","has-post-thumbnail","hentry","category-alcinopolis","category-saude"],"_links":{"self":[{"href":"https:\/\/www.ocorreionews.com.br\/acervo-correio\/index.php?rest_route=\/wp\/v2\/posts\/201814","targetHints":{"allow":["GET"]}}],"collection":[{"href":"https:\/\/www.ocorreionews.com.br\/acervo-correio\/index.php?rest_route=\/wp\/v2\/posts"}],"about":[{"href":"https:\/\/www.ocorreionews.com.br\/acervo-correio\/index.php?rest_route=\/wp\/v2\/types\/post"}],"author":[{"embeddable":true,"href":"https:\/\/www.ocorreionews.com.br\/acervo-correio\/index.php?rest_route=\/wp\/v2\/users\/4"}],"replies":[{"embeddable":true,"href":"https:\/\/www.ocorreionews.com.br\/acervo-correio\/index.php?rest_route=%2Fwp%2Fv2%2Fcomments&post=201814"}],"version-history":[{"count":1,"href":"https:\/\/www.ocorreionews.com.br\/acervo-correio\/index.php?rest_route=\/wp\/v2\/posts\/201814\/revisions"}],"predecessor-version":[{"id":201816,"href":"https:\/\/www.ocorreionews.com.br\/acervo-correio\/index.php?rest_route=\/wp\/v2\/posts\/201814\/revisions\/201816"}],"wp:featuredmedia":[{"embeddable":true,"href":"https:\/\/www.ocorreionews.com.br\/acervo-correio\/index.php?rest_route=\/wp\/v2\/media\/201815"}],"wp:attachment":[{"href":"https:\/\/www.ocorreionews.com.br\/acervo-correio\/index.php?rest_route=%2Fwp%2Fv2%2Fmedia&parent=201814"}],"wp:term":[{"taxonomy":"category","embeddable":true,"href":"https:\/\/www.ocorreionews.com.br\/acervo-correio\/index.php?rest_route=%2Fwp%2Fv2%2Fcategories&post=201814"},{"taxonomy":"post_tag","embeddable":true,"href":"https:\/\/www.ocorreionews.com.br\/acervo-correio\/index.php?rest_route=%2Fwp%2Fv2%2Ftags&post=201814"}],"curies":[{"name":"wp","href":"https:\/\/api.w.org\/{rel}","templated":true}]}}