{"id":201840,"date":"2022-03-23T08:38:04","date_gmt":"2022-03-23T12:38:04","guid":{"rendered":"https:\/\/www.ocorreionews.com.br\/acervo-correio\/?p=201840"},"modified":"2022-03-23T08:38:04","modified_gmt":"2022-03-23T12:38:04","slug":"casa-do-trabalhador-faz-8-571-atendimentos-em-2021-e-oferta-mais-de-600-vagas-de-emprego","status":"publish","type":"post","link":"https:\/\/www.ocorreionews.com.br\/acervo-correio\/?p=201840","title":{"rendered":"Casa do Trabalhador faz 8.571 atendimentos em 2021 e oferta mais de 600 vagas de emprego"},"content":{"rendered":"<p>Com o objetivo reduzir o tempo de busca do trabalhador por uma oportunidade de emprego e ao mesmo tempo, oferecer ao empregador, profissionais dentro do perfil exigido para ocupa\u00e7\u00e3o das vagas dispon\u00edveis em sua atividade, contribuindo assim para a sustentabilidade das pol\u00edticas de trabalho, emprego e gera\u00e7\u00e3o de renda com garantia formalizada, o Munic\u00edpio de Costa Rica, atrav\u00e9s da Casa do Trabalhador, ofertou no ano de 2021, mais de 600 vagas de emprego e fez 8.571 atendimentos. O destaque fica por conta de profissionais ligados ao agroneg\u00f3cio e industrias, entre outras atividades.<\/p>\n<p>Foram encaminhamentos \u00e0 vagas de emprego, coloca\u00e7\u00e3o no mercado de trabalho, e atendimento ao Seguro Desemprego, na Casa do Trabalhador em 2021, 8.571 pessoas. A Fonte \u00e9 da Casa do Trabalhador de Costa Rica, atrav\u00e9s do Portal Minist\u00e9rio do Trabalho e Emprego \u2013 Base de Gest\u00e3o e Intermedia\u00e7\u00e3o de M\u00e3o de Obra.<\/p>\n<p>Ainda em conformidade com as demandas da administra\u00e7\u00e3o municipal, foram ofertados pela Casa do Trabalhador, atrav\u00e9s da secretaria municipal de Agricultura e Desenvolvimento, 7 cursos de inicia\u00e7\u00e3o profissional dentre eles: Atendimento ao Cliente, Pr\u00e1ticas de Escrit\u00f3rio, Contabilidade B\u00e1sica, Constru\u00e7\u00e3o Civil, Mec\u00e2nica Automotiva, Inform\u00e1tica, Panifica\u00e7\u00e3o e Solda, ao todo foram aproximadamente 140 alunos participantes.<\/p>\n<p>Vinculado a Funda\u00e7\u00e3o do Trabalho de Mato Grosso do Sul, a Casa do Trabalhador conta com servi\u00e7os de: divulga\u00e7\u00e3o de vagas de emprego, seguro desemprego, qualifica\u00e7\u00e3o profissional, orienta\u00e7\u00f5es sobre carteira de trabalho digital e demais orienta\u00e7\u00f5es.<\/p>\n<div class=\"ntc_cont_descricao_noticia sw_txteditor\">\n<table border=\"1\" cellspacing=\"0\" cellpadding=\"0\">\n<tbody>\n<tr>\n<td>Posto-SINE Estadual MS<\/td>\n<td>JAN<\/td>\n<td>FEV<\/td>\n<td>MAR<\/td>\n<td>ABR<\/td>\n<td>MAI<\/td>\n<td>JUN<\/td>\n<td>JUL<\/td>\n<td>AGO<\/td>\n<td>SET<\/td>\n<td>OUT<\/td>\n<td>NOV<\/td>\n<td>DEZ<\/td>\n<td>TOTAL<\/td>\n<\/tr>\n<tr>\n<td>Costa Rica<\/td>\n<td><\/td>\n<td><\/td>\n<td><\/td>\n<td><\/td>\n<td><\/td>\n<td><\/td>\n<td><\/td>\n<td><\/td>\n<td><\/td>\n<td><\/td>\n<td><\/td>\n<td><\/td>\n<td><\/td>\n<\/tr>\n<tr>\n<td>Colocados<\/td>\n<td>00<\/td>\n<td>13<\/td>\n<td>07<\/td>\n<td>09<\/td>\n<td>05<\/td>\n<td>00<\/td>\n<td>08<\/td>\n<td>24<\/td>\n<td>19<\/td>\n<td>14<\/td>\n<td>30<\/td>\n<td>13<\/td>\n<td>142<\/td>\n<\/tr>\n<tr>\n<td>Encaminhados<\/td>\n<td>00<\/td>\n<td>61<\/td>\n<td>76<\/td>\n<td>132<\/td>\n<td>96<\/td>\n<td>184<\/td>\n<td>102<\/td>\n<td>529<\/td>\n<td>244<\/td>\n<td>243<\/td>\n<td>203<\/td>\n<td>376<\/td>\n<td>2.246<\/td>\n<\/tr>\n<tr>\n<td>Inscritos<\/td>\n<td>03<\/td>\n<td>26<\/td>\n<td>36<\/td>\n<td>49<\/td>\n<td>31<\/td>\n<td>38<\/td>\n<td>42<\/td>\n<td>73<\/td>\n<td>39<\/td>\n<td>39<\/td>\n<td>26<\/td>\n<td>56<\/td>\n<td>458<\/td>\n<\/tr>\n<tr>\n<td>Vagas Cadastradas<\/td>\n<td>00<\/td>\n<td>23<\/td>\n<td>15<\/td>\n<td>17<\/td>\n<td>15<\/td>\n<td>19<\/td>\n<td>18<\/td>\n<td>86<\/td>\n<td>33<\/td>\n<td>58<\/td>\n<td>33<\/td>\n<td><\/td>\n<td>317<\/td>\n<\/tr>\n<tr>\n<td>Vagas Oferecidas<\/td>\n<td>00<\/td>\n<td>46<\/td>\n<td>42<\/td>\n<td>24<\/td>\n<td>25<\/td>\n<td>35<\/td>\n<td>31<\/td>\n<td>129<\/td>\n<td>41<\/td>\n<td>72<\/td>\n<td>43<\/td>\n<td>124<\/td>\n<td>612<\/td>\n<\/tr>\n<tr>\n<td>Atendimentos<\/td>\n<td>19<\/td>\n<td>274<\/td>\n<td>357<\/td>\n<td>435<\/td>\n<td>644<\/td>\n<td>701<\/td>\n<td>453<\/td>\n<td>1454<\/td>\n<td>1.167<\/td>\n<td>1.073<\/td>\n<td>699<\/td>\n<td>1295<\/td>\n<td>8571<\/td>\n<\/tr>\n<tr>\n<td>Seguro Desemprego<\/td>\n<td>16<\/td>\n<td>39<\/td>\n<td>40<\/td>\n<td>72<\/td>\n<td>33<\/td>\n<td>49<\/td>\n<td>61<\/td>\n<td>42<\/td>\n<td>50<\/td>\n<td>58<\/td>\n<td>54<\/td>\n<td>85<\/td>\n<td>599<\/td>\n<\/tr>\n<\/tbody>\n<\/table>\n<p>FONTE: Portal Minist\u00e9rio Trabalho e Emprego \u2013 BGIMO \u2013 Base de Gest\u00e3o de Intermedia\u00e7\u00e3o de M\u00e3o de Obra do Minist\u00e9rio do Trabalho e Emprego \u2013 Funtrab, de 8 de mar\u00e7o de 2022.\n<\/p><\/div>\n<div class=\"ntc_area_info_noticia sw_lato\">\n<div>\n<div class=\"ntc_info_noticia\"><strong class=\"sw_lato_black\">Fonte: <\/strong>Assessoria de Comunica\u00e7\u00e3o &#8211; PMCR<\/div>\n<\/div>\n<\/div>\n","protected":false},"excerpt":{"rendered":"<p>Com o objetivo reduzir o tempo de busca do trabalhador por uma oportunidade de emprego e ao mesmo tempo, oferecer ao empregador, profissionais dentro do perfil exigido para ocupa\u00e7\u00e3o das vagas dispon\u00edveis em sua atividade, contribuindo assim para a sustentabilidade das pol\u00edticas de trabalho, emprego e gera\u00e7\u00e3o de renda com garantia formalizada, o Munic\u00edpio de [&hellip;]<\/p>\n","protected":false},"author":5,"featured_media":136439,"comment_status":"closed","ping_status":"closed","sticky":false,"template":"","format":"standard","meta":{"footnotes":""},"categories":[25],"tags":[],"class_list":["post-201840","post","type-post","status-publish","format-standard","has-post-thumbnail","hentry","category-costa-rica"],"_links":{"self":[{"href":"https:\/\/www.ocorreionews.com.br\/acervo-correio\/index.php?rest_route=\/wp\/v2\/posts\/201840","targetHints":{"allow":["GET"]}}],"collection":[{"href":"https:\/\/www.ocorreionews.com.br\/acervo-correio\/index.php?rest_route=\/wp\/v2\/posts"}],"about":[{"href":"https:\/\/www.ocorreionews.com.br\/acervo-correio\/index.php?rest_route=\/wp\/v2\/types\/post"}],"author":[{"embeddable":true,"href":"https:\/\/www.ocorreionews.com.br\/acervo-correio\/index.php?rest_route=\/wp\/v2\/users\/5"}],"replies":[{"embeddable":true,"href":"https:\/\/www.ocorreionews.com.br\/acervo-correio\/index.php?rest_route=%2Fwp%2Fv2%2Fcomments&post=201840"}],"version-history":[{"count":1,"href":"https:\/\/www.ocorreionews.com.br\/acervo-correio\/index.php?rest_route=\/wp\/v2\/posts\/201840\/revisions"}],"predecessor-version":[{"id":201844,"href":"https:\/\/www.ocorreionews.com.br\/acervo-correio\/index.php?rest_route=\/wp\/v2\/posts\/201840\/revisions\/201844"}],"wp:featuredmedia":[{"embeddable":true,"href":"https:\/\/www.ocorreionews.com.br\/acervo-correio\/index.php?rest_route=\/wp\/v2\/media\/136439"}],"wp:attachment":[{"href":"https:\/\/www.ocorreionews.com.br\/acervo-correio\/index.php?rest_route=%2Fwp%2Fv2%2Fmedia&parent=201840"}],"wp:term":[{"taxonomy":"category","embeddable":true,"href":"https:\/\/www.ocorreionews.com.br\/acervo-correio\/index.php?rest_route=%2Fwp%2Fv2%2Fcategories&post=201840"},{"taxonomy":"post_tag","embeddable":true,"href":"https:\/\/www.ocorreionews.com.br\/acervo-correio\/index.php?rest_route=%2Fwp%2Fv2%2Ftags&post=201840"}],"curies":[{"name":"wp","href":"https:\/\/api.w.org\/{rel}","templated":true}]}}