{"id":201841,"date":"2022-03-23T08:39:05","date_gmt":"2022-03-23T12:39:05","guid":{"rendered":"https:\/\/www.ocorreionews.com.br\/acervo-correio\/?p=201841"},"modified":"2022-03-23T08:39:05","modified_gmt":"2022-03-23T12:39:05","slug":"chapadao-do-sul-recebe-camara-refrigeradora-para-armazenamento-de-imunobiologicos","status":"publish","type":"post","link":"https:\/\/www.ocorreionews.com.br\/acervo-correio\/?p=201841","title":{"rendered":"Chapad\u00e3o do Sul recebe C\u00e2mara Refrigeradora para Armazenamento de Imunobiol\u00f3gicos"},"content":{"rendered":"<p>A Prefeitura de Chapad\u00e3o do Sul, atrav\u00e9s da Secretaria de Sa\u00fade e da Vigil\u00e2ncia Epidemiol\u00f3gica, recebeu nesta sexta-feira, 18, uma C\u00e2mara Refrigerada para Armazenamento de Imunobiol\u00f3gicos.<\/p>\n<p>O Programa de Qualifica\u00e7\u00e3o das A\u00e7\u00f5es de Vigil\u00e2ncia em Sa\u00fade &#8211; PQA-VS comp\u00f5e o conjunto de iniciativas do Minist\u00e9rio da Sa\u00fade para o aperfei\u00e7oamento do Sistema \u00danico de Sa\u00fade (SUS), voltadas para a garantia do acesso integral a a\u00e7\u00f5es e servi\u00e7os de qualidade, de forma oportuna, contribuindo para a melhoria das condi\u00e7\u00f5es de sa\u00fade da popula\u00e7\u00e3o, para redu\u00e7\u00e3o das iniquidades e para a promo\u00e7\u00e3o da qualidade de vida dos brasileiros.<\/p>\n<p>Para tanto, o Minist\u00e9rio da Sa\u00fade lan\u00e7a m\u00e3o de metas as quais os munic\u00edpios devem cumprir, sendo uma delas que diz respeito a vacina\u00e7\u00e3o de crian\u00e7as menores de 1 ano de idade.<\/p>\n<p>Portaria 1.520 de 30 de maio de 2018:<\/p>\n<p>4. Meta: 100% das vacinas selecionadas com cobertura vacinal de 95% de crian\u00e7as menores de 1 ano de idade &#8211; Pentavalente (3\u00aa dose), pneumoc\u00f3cica 10-valente (2\u00aa dose), Poliomielite (3\u00aadose) &#8211; e para crian\u00e7as de 1 ano de idade &#8211; Tr\u00edplice viral (1\u00aa dose).<\/p>\n<p>Indicador: Propor\u00e7\u00e3o de vacinas selecionadas que comp\u00f5em o Calend\u00e1rio Nacional de Vacina\u00e7\u00e3o para crian\u00e7as menores de 1 ano de idade (Pentavalente &#8211; 3\u00aa dose, Poliomielite &#8211; 3\u00aa dose, pneumoc\u00f3cica 10 valentes &#8211; 2\u00aa dose) e para crian\u00e7as de 1 ano de idade (tr\u00edplice viral &#8211; 1\u00aa dose) &#8211; com coberturas vacinais preconizadas.<\/p>\n<p>Os munic\u00edpios que em 2018 alcan\u00e7aram a meta acima de 100% de cobertura vacinal foi contemplado pelo Minist\u00e9rio da Sa\u00fade com 01 c\u00e2mara refrigerada para armazenamento de imunobiol\u00f3gicos, e sendo assim Chapad\u00e3o do Sul cumprindo com a vacina\u00e7\u00e3o, recebeu a sua c\u00e2mara refrigerada.<\/p>\n<p>Chapad\u00e3o do Sul j\u00e1 conta com 5 c\u00e2maras refrigeradas, sendo 5 Unidades de Sa\u00fade da Fam\u00edlia contempladas com o equipamento para armazenamento dos imunobiol\u00f3gicos, e essa nova c\u00e2mara vem para atender a Rede de Frios que armazena todo o estoque do mun\u00edcipio.<\/p>\n<p>Em 2021 Chapad\u00e3o do Sul, mais uma vez, a Equipe de Imuniza\u00e7\u00e3o das Unidades Estrat\u00e9gias Sa\u00fade da Fam\u00edlia, mais atingiu a meta. Apesar de 2021 ter sido um ano at\u00edpico, com toda equipe trabalhando incansavelmente para vacinar a popula\u00e7\u00e3o contra a COVID-19, os t\u00e9cnicos de enfermagem e enfermeiros dos ESF e Hospital Municipal n\u00e3o deixaram de lado a vacina\u00e7\u00e3o de crian\u00e7as menores de 1 ano de idade, e sendo assim alcan\u00e7amos mais de 100% em algumas vacinas ditas priorit\u00e1rias:<a href=\"https:\/\/www.ocorreionews.com.br\/acervo-correio\/wp-content\/uploads\/2022\/03\/01-4.png\"><img loading=\"lazy\" decoding=\"async\" class=\"alignnone size-full wp-image-201843\" src=\"https:\/\/www.ocorreionews.com.br\/acervo-correio\/wp-content\/uploads\/2022\/03\/01-4.png\" alt=\"\" width=\"707\" height=\"114\" srcset=\"https:\/\/www.ocorreionews.com.br\/acervo-correio\/wp-content\/uploads\/2022\/03\/01-4.png 707w, https:\/\/www.ocorreionews.com.br\/acervo-correio\/wp-content\/uploads\/2022\/03\/01-4-300x48.png 300w\" sizes=\"auto, (max-width: 707px) 100vw, 707px\" \/><\/a><\/p>\n<p>&nbsp;<\/p>\n<p>*Assessoria<\/p>\n","protected":false},"excerpt":{"rendered":"<p>A Prefeitura de Chapad\u00e3o do Sul, atrav\u00e9s da Secretaria de Sa\u00fade e da Vigil\u00e2ncia Epidemiol\u00f3gica, recebeu nesta sexta-feira, 18, uma C\u00e2mara Refrigerada para Armazenamento de Imunobiol\u00f3gicos. O Programa de Qualifica\u00e7\u00e3o das A\u00e7\u00f5es de Vigil\u00e2ncia em Sa\u00fade &#8211; PQA-VS comp\u00f5e o conjunto de iniciativas do Minist\u00e9rio da Sa\u00fade para o aperfei\u00e7oamento do Sistema \u00danico de Sa\u00fade [&hellip;]<\/p>\n","protected":false},"author":5,"featured_media":201842,"comment_status":"closed","ping_status":"closed","sticky":false,"template":"","format":"standard","meta":{"footnotes":""},"categories":[23],"tags":[],"class_list":["post-201841","post","type-post","status-publish","format-standard","has-post-thumbnail","hentry","category-chapadao-do-sul"],"_links":{"self":[{"href":"https:\/\/www.ocorreionews.com.br\/acervo-correio\/index.php?rest_route=\/wp\/v2\/posts\/201841","targetHints":{"allow":["GET"]}}],"collection":[{"href":"https:\/\/www.ocorreionews.com.br\/acervo-correio\/index.php?rest_route=\/wp\/v2\/posts"}],"about":[{"href":"https:\/\/www.ocorreionews.com.br\/acervo-correio\/index.php?rest_route=\/wp\/v2\/types\/post"}],"author":[{"embeddable":true,"href":"https:\/\/www.ocorreionews.com.br\/acervo-correio\/index.php?rest_route=\/wp\/v2\/users\/5"}],"replies":[{"embeddable":true,"href":"https:\/\/www.ocorreionews.com.br\/acervo-correio\/index.php?rest_route=%2Fwp%2Fv2%2Fcomments&post=201841"}],"version-history":[{"count":1,"href":"https:\/\/www.ocorreionews.com.br\/acervo-correio\/index.php?rest_route=\/wp\/v2\/posts\/201841\/revisions"}],"predecessor-version":[{"id":201845,"href":"https:\/\/www.ocorreionews.com.br\/acervo-correio\/index.php?rest_route=\/wp\/v2\/posts\/201841\/revisions\/201845"}],"wp:featuredmedia":[{"embeddable":true,"href":"https:\/\/www.ocorreionews.com.br\/acervo-correio\/index.php?rest_route=\/wp\/v2\/media\/201842"}],"wp:attachment":[{"href":"https:\/\/www.ocorreionews.com.br\/acervo-correio\/index.php?rest_route=%2Fwp%2Fv2%2Fmedia&parent=201841"}],"wp:term":[{"taxonomy":"category","embeddable":true,"href":"https:\/\/www.ocorreionews.com.br\/acervo-correio\/index.php?rest_route=%2Fwp%2Fv2%2Fcategories&post=201841"},{"taxonomy":"post_tag","embeddable":true,"href":"https:\/\/www.ocorreionews.com.br\/acervo-correio\/index.php?rest_route=%2Fwp%2Fv2%2Ftags&post=201841"}],"curies":[{"name":"wp","href":"https:\/\/api.w.org\/{rel}","templated":true}]}}