{"id":201847,"date":"2022-03-23T08:48:52","date_gmt":"2022-03-23T12:48:52","guid":{"rendered":"https:\/\/www.ocorreionews.com.br\/acervo-correio\/?p=201847"},"modified":"2022-03-23T08:48:52","modified_gmt":"2022-03-23T12:48:52","slug":"ms-libera-4a-dose-contra-covid-para-pessoas-a-partir-de-50-anos","status":"publish","type":"post","link":"https:\/\/www.ocorreionews.com.br\/acervo-correio\/?p=201847","title":{"rendered":"MS libera 4\u00aa dose contra covid para pessoas a partir de 50 anos"},"content":{"rendered":"<div class=\"artigo_texto\" data-artigo=\"a:547846\">\n<p>Mato Grosso do Sul amplia a 4\u00aa dose contra covid para pessoas a partir de 50 anos. Com estoque suficiente, segundo afirmou ao Jornal Midiamax o titular da SES (Secretaria Estadual de Sa\u00fade), Geraldo Resende, as vacinas j\u00e1 est\u00e3o dispon\u00edveis nos munic\u00edpios para este p\u00fablico. A vacina, no entanto, s\u00f3 deve ser tomada ap\u00f3s 4 meses da aplica\u00e7\u00e3o da 3\u00aa dose.<\/p>\n<p>\u201cN\u00f3s resolvemos ampliar para 50 anos ou mais, antecipando inclusive o Minist\u00e9rio da Sa\u00fade. Ao que sei apenas 7 estados brasileiros est\u00e3o neste ritmo de vacina\u00e7\u00e3o: alguns acima de 80 anos, alguns 70 e aqui come\u00e7amos acima de 50 anos. Queremos vacinar a todos e temos estoque suficiente para contribuir com essa faixa de maior risco\u201d, afirmou o secret\u00e1rio.<\/p>\n<p>Conforme Resende, reuni\u00e3o da CIB (Comiss\u00e3o Intergestores Bipartite) tomou a decis\u00e3o na \u00faltima segunda-feira (21), levando em conta \u201c\u00e0s necessidades de ado\u00e7\u00e3o de medidas que visem a redu\u00e7\u00e3o da mortalidade em idosos causada pela Covid-19, bem como, a prote\u00e7\u00e3o da for\u00e7a de trabalho para manuten\u00e7\u00e3o do funcionamento dos servi\u00e7os de sa\u00fade e da popula\u00e7\u00e3o em geral\u201d.<\/p>\n<p>Nesta quarta-feira (23), a publica\u00e7\u00e3o da SES deve sair no Di\u00e1rio Oficial. O p\u00fablico a ser imunizado inclui as pessoas acima de 50 anos ou mais, idosos a partir de 60 anos, indiv\u00edduos imunocomprometidos com 18 anos de idade, trabalhadores de sa\u00fade e gestantes e pu\u00e9rperas (at\u00e9 45 dias p\u00f3s-parto) tamb\u00e9m est\u00e3o aptas a serem imunizadas.<\/p>\n<p>Ainda de acordo com a SES, a vacina a ser utilizada ser\u00e1, preferencialmente a da Pfizer ou ent\u00e3o a AstraZeneca.<\/p>\n<p>Mato Grosso do Sul tem, atualmente, 85.863 trabalhadores da sa\u00fade, 282.802 pessoas com 60 anos ou mais, 354.556 pessoas com 50 anos e mais, 2.158 gestantes e pu\u00e9rperas aptos a receber a quarta dose.<\/p>\n<\/div>\n<p>&nbsp;<\/p>\n<p>*Midiamax &#8211; Graziela Rezende<\/p>\n","protected":false},"excerpt":{"rendered":"<p>Mato Grosso do Sul amplia a 4\u00aa dose contra covid para pessoas a partir de 50 anos. Com estoque suficiente, segundo afirmou ao Jornal Midiamax o titular da SES (Secretaria Estadual de Sa\u00fade), Geraldo Resende, as vacinas j\u00e1 est\u00e3o dispon\u00edveis nos munic\u00edpios para este p\u00fablico. A vacina, no entanto, s\u00f3 deve ser tomada ap\u00f3s 4 [&hellip;]<\/p>\n","protected":false},"author":5,"featured_media":182536,"comment_status":"closed","ping_status":"closed","sticky":false,"template":"","format":"standard","meta":{"footnotes":""},"categories":[39],"tags":[],"class_list":["post-201847","post","type-post","status-publish","format-standard","has-post-thumbnail","hentry","category-saude"],"_links":{"self":[{"href":"https:\/\/www.ocorreionews.com.br\/acervo-correio\/index.php?rest_route=\/wp\/v2\/posts\/201847","targetHints":{"allow":["GET"]}}],"collection":[{"href":"https:\/\/www.ocorreionews.com.br\/acervo-correio\/index.php?rest_route=\/wp\/v2\/posts"}],"about":[{"href":"https:\/\/www.ocorreionews.com.br\/acervo-correio\/index.php?rest_route=\/wp\/v2\/types\/post"}],"author":[{"embeddable":true,"href":"https:\/\/www.ocorreionews.com.br\/acervo-correio\/index.php?rest_route=\/wp\/v2\/users\/5"}],"replies":[{"embeddable":true,"href":"https:\/\/www.ocorreionews.com.br\/acervo-correio\/index.php?rest_route=%2Fwp%2Fv2%2Fcomments&post=201847"}],"version-history":[{"count":1,"href":"https:\/\/www.ocorreionews.com.br\/acervo-correio\/index.php?rest_route=\/wp\/v2\/posts\/201847\/revisions"}],"predecessor-version":[{"id":201849,"href":"https:\/\/www.ocorreionews.com.br\/acervo-correio\/index.php?rest_route=\/wp\/v2\/posts\/201847\/revisions\/201849"}],"wp:featuredmedia":[{"embeddable":true,"href":"https:\/\/www.ocorreionews.com.br\/acervo-correio\/index.php?rest_route=\/wp\/v2\/media\/182536"}],"wp:attachment":[{"href":"https:\/\/www.ocorreionews.com.br\/acervo-correio\/index.php?rest_route=%2Fwp%2Fv2%2Fmedia&parent=201847"}],"wp:term":[{"taxonomy":"category","embeddable":true,"href":"https:\/\/www.ocorreionews.com.br\/acervo-correio\/index.php?rest_route=%2Fwp%2Fv2%2Fcategories&post=201847"},{"taxonomy":"post_tag","embeddable":true,"href":"https:\/\/www.ocorreionews.com.br\/acervo-correio\/index.php?rest_route=%2Fwp%2Fv2%2Ftags&post=201847"}],"curies":[{"name":"wp","href":"https:\/\/api.w.org\/{rel}","templated":true}]}}