{"id":201851,"date":"2022-03-23T08:51:47","date_gmt":"2022-03-23T12:51:47","guid":{"rendered":"https:\/\/www.ocorreionews.com.br\/acervo-correio\/?p=201851"},"modified":"2022-03-23T08:51:47","modified_gmt":"2022-03-23T12:51:47","slug":"novo-servico-dispensa-reconhecimento-de-firma-para-compra-e-venda-de-veiculos","status":"publish","type":"post","link":"https:\/\/www.ocorreionews.com.br\/acervo-correio\/?p=201851","title":{"rendered":"Novo servi\u00e7o dispensa reconhecimento de firma para compra e venda de ve\u00edculos"},"content":{"rendered":"<div class=\"entry\" data-uw-styling-context=\"true\">\n<p data-uw-styling-context=\"true\">A venda digital de ve\u00edculos j\u00e1 \u00e9 real e estar\u00e1 dispon\u00edvel em Mato Grosso do Sul pelo aplicativo CDT (Carteira Digital de Tr\u00e2nsito) a partir desta quinta-feira (24) para transa\u00e7\u00f5es de compra e venda de ve\u00edculos entre pessoas f\u00edsicas. O evento oficial de lan\u00e7amento ser\u00e1 realizado naquela data, no Minist\u00e9rio da Infraestrutura. A nova funcionalidade dispensa o reconhecimento de firma presencial, permite a assinatura digital da ATPV-e (Autoriza\u00e7\u00e3o para Transfer\u00eancia de Propriedade de Ve\u00edculos) pelo vendedor e comprador e possibilita a comunica\u00e7\u00e3o autom\u00e1tica da venda por meio do CDT, ap\u00f3s a autoriza\u00e7\u00e3o do Detran de registro do ve\u00edculo.<\/p>\n<p data-uw-styling-context=\"true\">\u201cMais uma vez o Detran-MS sai na frente de outros estados e adere a ferramentas que simplificam servi\u00e7os, desburocratizando a vida do cidad\u00e3o, acabando com a necessidade do deslocamento at\u00e9 um cart\u00f3rio para finalizar a venda com o reconhecimento de firma\u201d, pontua a diretora de Controle e Registro de ve\u00edculos do Detran-MS, V\u00edrginia Manetti.<\/p>\n<p data-uw-styling-context=\"true\">O novo servi\u00e7o ser\u00e1 poss\u00edvel para ve\u00edculos com documenta\u00e7\u00e3o emitida a partir de 4 de janeiro de 2021, data em que o antigo Documento \u00danico de Transfer\u00eancia (DUT) foi substitu\u00eddo pela vers\u00e3o digital, a ATPV-e.<\/p>\n<p data-uw-styling-context=\"true\">Para que a venda digital seja efetivada, o vendedor e o comprador devem possuir conta ouro ou prata no cadastro do Governo Federal (gov.br).<\/p>\n<p data-uw-styling-context=\"true\">Para o diretor-presidente do Detran\/MS, Rudel Trindade, esse \u00e9 mais um passo dado no projeto de digitaliza\u00e7\u00e3o dos servi\u00e7os do Detran. &#8220;Estamos vivendo um momento \u00edmpar para todos aqueles que utilizam os nossos servi\u00e7os, primeiro porque estamos, de fato, dando maior celeridade aos processos, segundo pelo conforto, agilidade e seguran\u00e7a que o sul-mato-grossense tem encontrado ao procurar um servi\u00e7o do Detran. Essa \u00e9 nossa preocupa\u00e7\u00e3o e \u00e9 o legado que queremos deixar para o Estado: modernidade e inova\u00e7\u00e3o\u201d, enfatizou Rudel.<\/p>\n<p data-uw-styling-context=\"true\"><em data-uw-styling-context=\"true\">Bruna Pasche, Detran-MS<\/em><\/p>\n<\/div>\n","protected":false},"excerpt":{"rendered":"<p>A venda digital de ve\u00edculos j\u00e1 \u00e9 real e estar\u00e1 dispon\u00edvel em Mato Grosso do Sul pelo aplicativo CDT (Carteira Digital de Tr\u00e2nsito) a partir desta quinta-feira (24) para transa\u00e7\u00f5es de compra e venda de ve\u00edculos entre pessoas f\u00edsicas. O evento oficial de lan\u00e7amento ser\u00e1 realizado naquela data, no Minist\u00e9rio da Infraestrutura. A nova funcionalidade [&hellip;]<\/p>\n","protected":false},"author":5,"featured_media":94862,"comment_status":"closed","ping_status":"closed","sticky":false,"template":"","format":"standard","meta":{"footnotes":""},"categories":[31],"tags":[],"class_list":["post-201851","post","type-post","status-publish","format-standard","has-post-thumbnail","hentry","category-geral"],"_links":{"self":[{"href":"https:\/\/www.ocorreionews.com.br\/acervo-correio\/index.php?rest_route=\/wp\/v2\/posts\/201851","targetHints":{"allow":["GET"]}}],"collection":[{"href":"https:\/\/www.ocorreionews.com.br\/acervo-correio\/index.php?rest_route=\/wp\/v2\/posts"}],"about":[{"href":"https:\/\/www.ocorreionews.com.br\/acervo-correio\/index.php?rest_route=\/wp\/v2\/types\/post"}],"author":[{"embeddable":true,"href":"https:\/\/www.ocorreionews.com.br\/acervo-correio\/index.php?rest_route=\/wp\/v2\/users\/5"}],"replies":[{"embeddable":true,"href":"https:\/\/www.ocorreionews.com.br\/acervo-correio\/index.php?rest_route=%2Fwp%2Fv2%2Fcomments&post=201851"}],"version-history":[{"count":1,"href":"https:\/\/www.ocorreionews.com.br\/acervo-correio\/index.php?rest_route=\/wp\/v2\/posts\/201851\/revisions"}],"predecessor-version":[{"id":201852,"href":"https:\/\/www.ocorreionews.com.br\/acervo-correio\/index.php?rest_route=\/wp\/v2\/posts\/201851\/revisions\/201852"}],"wp:featuredmedia":[{"embeddable":true,"href":"https:\/\/www.ocorreionews.com.br\/acervo-correio\/index.php?rest_route=\/wp\/v2\/media\/94862"}],"wp:attachment":[{"href":"https:\/\/www.ocorreionews.com.br\/acervo-correio\/index.php?rest_route=%2Fwp%2Fv2%2Fmedia&parent=201851"}],"wp:term":[{"taxonomy":"category","embeddable":true,"href":"https:\/\/www.ocorreionews.com.br\/acervo-correio\/index.php?rest_route=%2Fwp%2Fv2%2Fcategories&post=201851"},{"taxonomy":"post_tag","embeddable":true,"href":"https:\/\/www.ocorreionews.com.br\/acervo-correio\/index.php?rest_route=%2Fwp%2Fv2%2Ftags&post=201851"}],"curies":[{"name":"wp","href":"https:\/\/api.w.org\/{rel}","templated":true}]}}