{"id":201853,"date":"2022-03-23T08:55:08","date_gmt":"2022-03-23T12:55:08","guid":{"rendered":"https:\/\/www.ocorreionews.com.br\/acervo-correio\/?p=201853"},"modified":"2022-03-23T08:55:08","modified_gmt":"2022-03-23T12:55:08","slug":"caminhoneiro-que-sobreviveu-a-acidente-com-tres-carretas-teve-perna-amputada-na-batida-e-esta-em-estado-grave","status":"publish","type":"post","link":"https:\/\/www.ocorreionews.com.br\/acervo-correio\/?p=201853","title":{"rendered":"Caminhoneiro que sobreviveu a acidente com tr\u00eas carretas teve perna amputada na batida e est\u00e1 em estado grave"},"content":{"rendered":"<div class=\"mc-column content-text active-extra-styles \" data-block-type=\"unstyled\" data-block-weight=\"44\" data-block-id=\"2\">\n<p class=\"content-text__container \" data-track-category=\"Link no Texto\" data-track-links=\"\">O caminhoneiro que se envolveu em um acidente entre tr\u00eas carretas na BR-262, em \u00c1gua Clara (MS), na manh\u00e3 desta ter\u00e7a-feira (22), teve uma das pernas amputada durante o acidente e foi transferido em estado grave para a Santa Casa de Campo Grande.<\/p>\n<p data-track-category=\"Link no Texto\" data-track-links=\"\">\n<\/div>\n<div class=\"wall protected-content\">\n<div class=\"mc-column content-text active-extra-styles \" data-block-type=\"unstyled\" data-block-weight=\"31\" data-block-id=\"3\">\n<p class=\"content-text__container \" data-track-category=\"Link no Texto\" data-track-links=\"\">Segundo o Corpo de Bombeiros de Ribas do Rio Pardo, o homem sofreu uma amputa\u00e7\u00e3o traum\u00e1tica abaixo do joelho esquerdo. O homem tem 45 anos e segue internado na capital.<\/p>\n<p data-track-category=\"Link no Texto\" data-track-links=\"\">\n<\/div>\n<div class=\"mc-column content-text active-extra-styles\" data-block-type=\"raw\" data-block-weight=\"24\" data-block-id=\"4\">\n<p class=\"content-text__container\">\n<blockquote class=\"content-blockquote theme-border-color-primary-before\"><p>\u201cFoi avaliado e liberado pela equipe da cirurgia vascular e aguarda avalia\u00e7\u00e3o pela ortopedia para procedimento cir\u00fargico de urg\u00eancia\u201d, informa o hospital em nota.<\/p><\/blockquote>\n<\/div>\n<p>&nbsp;<\/p>\n<div class=\"mc-column content-text active-extra-styles \" data-block-type=\"unstyled\" data-block-weight=\"15\" data-block-id=\"5\">\n<p class=\"content-text__container \" data-track-category=\"Link no Texto\" data-track-links=\"\"><span class=\"highlight highlighted\">Apesar dos ferimentos, a v\u00edtima est\u00e1 consciente, orientada e est\u00e1vel no momento, segundo o hospital.<\/span><\/p>\n<\/div>\n<div class=\"content-ads content-ads--reveal\" data-block-type=\"ads\" data-block-id=\"6\">\n<div><\/div>\n<\/div>\n<div class=\"mc-column content-text active-extra-styles\" data-block-type=\"raw\" data-block-weight=\"2\" data-block-id=\"7\">\n<p class=\"content-text__container\">\n<div class=\"content-intertitle\">\n<h2>O acidente<\/h2>\n<\/div>\n<\/div>\n<p>&nbsp;<\/p>\n<div class=\"row medium-uncollapsed content-media content-photo\" data-block-type=\"backstage-photo\" data-block-id=\"8\">\n<div class=\"mc-column content-media__container\">\n<div class=\"content-media-container glb-skeleton-box\">\n<figure class=\"content-media-figure\">\n<p><figure style=\"width: 647px\" class=\"wp-caption aligncenter\"><img loading=\"lazy\" decoding=\"async\" class=\"i-amphtml-fill-content i-amphtml-replaced-content\" src=\"https:\/\/s2.glbimg.com\/0TojYoA_vpQTfcfk0AtSezYz4Xw=\/0x0:1900x1065\/984x0\/smart\/filters:strip_icc()\/i.s3.glbimg.com\/v1\/AUTH_59edd422c0c84a879bd37670ae4f538a\/internal_photos\/bs\/2022\/E\/d\/neQJnPTuiOIEF7NJWa5A\/whatsapp-image-2022-03-22-at-14.-2-.jpg\" sizes=\"auto, (max-width: 1366px) 648px, 100vw\" srcset=\"https:\/\/s2.glbimg.com\/qvqTWwtn5HsxIMzVOfAYt9iTVUg=\/0x0:1900x1065\/1000x0\/smart\/filters:strip_icc()\/i.s3.glbimg.com\/v1\/AUTH_59edd422c0c84a879bd37670ae4f538a\/internal_photos\/bs\/2022\/E\/d\/neQJnPTuiOIEF7NJWa5A\/whatsapp-image-2022-03-22-at-14.-2-.jpg 1000w, https:\/\/s2.glbimg.com\/0TojYoA_vpQTfcfk0AtSezYz4Xw=\/0x0:1900x1065\/984x0\/smart\/filters:strip_icc()\/i.s3.glbimg.com\/v1\/AUTH_59edd422c0c84a879bd37670ae4f538a\/internal_photos\/bs\/2022\/E\/d\/neQJnPTuiOIEF7NJWa5A\/whatsapp-image-2022-03-22-at-14.-2-.jpg 984w, https:\/\/s2.glbimg.com\/_tkqrB8sdQ86g8I6qpJzI8uUPqI=\/0x0:1900x1065\/640x0\/smart\/filters:strip_icc()\/i.s3.glbimg.com\/v1\/AUTH_59edd422c0c84a879bd37670ae4f538a\/internal_photos\/bs\/2022\/E\/d\/neQJnPTuiOIEF7NJWa5A\/whatsapp-image-2022-03-22-at-14.-2-.jpg 640w, https:\/\/s2.glbimg.com\/mdGUHUZ35f626Xk8h9tateSvSlM=\/0x0:1900x1065\/600x0\/smart\/filters:strip_icc()\/i.s3.glbimg.com\/v1\/AUTH_59edd422c0c84a879bd37670ae4f538a\/internal_photos\/bs\/2022\/E\/d\/neQJnPTuiOIEF7NJWa5A\/whatsapp-image-2022-03-22-at-14.-2-.jpg 600w\" alt=\"Carreta prancha transportava trator. \u2014 Foto: Reprodu\u00e7\u00e3o\/NoticiasDoCerrado\" width=\"647\" height=\"363\" \/><figcaption class=\"wp-caption-text\">Carreta prancha transportava trator. \u2014 Foto: Reprodu\u00e7\u00e3o\/NoticiasDoCerrado<\/figcaption><\/figure><\/figure>\n<\/div>\n<p class=\"content-media__description \">\n<\/div>\n<\/div>\n<div class=\"mc-column content-text active-extra-styles \" data-block-type=\"unstyled\" data-block-weight=\"49\" data-block-id=\"9\">\n<p data-track-category=\"Link no Texto\" data-track-links=\"\">\n<p class=\"content-text__container \" data-track-category=\"Link no Texto\" data-track-links=\"\">Na manh\u00e3 desta ter\u00e7a-feira (22), tr\u00eas carretas se envolveram em um grave acidente no km 163 da BR-262, em \u00c1gua Clara (MS). Segundo a Pol\u00edcia Rodovi\u00e1ria Federal (PRF), bateram de frente uma carreta boiadeiro e uma do tipo prancha. Logo em seguida, uma terceira carreta se envolveu no acidente.<\/p>\n<p data-track-category=\"Link no Texto\" data-track-links=\"\">\n<\/div>\n<div class=\"mc-column content-text active-extra-styles \" data-block-type=\"unstyled\" data-block-weight=\"50\" data-block-id=\"10\">\n<p class=\"content-text__container \" data-track-category=\"Link no Texto\" data-track-links=\"\">Um dos motoristas morreu no local, outro sofreu les\u00f5es leves e o terceiro foi socorrido em estado grave, ap\u00f3s ter uma das pernas amputadas na colis\u00e3o. Equipes do Corpo de Bombeiros de Ribas do Rio Pardo (MS) e do Hospital de \u00c1gua Clara foram acionadas para o socorro das v\u00edtimas.<\/p>\n<\/div>\n<div class=\"content-ads content-ads--reveal\" data-block-type=\"ads\" data-block-id=\"11\">\n<div><\/div>\n<\/div>\n<div class=\"mc-column content-text active-extra-styles \" data-block-type=\"unstyled\" data-block-weight=\"38\" data-block-id=\"12\">\n<p class=\"content-text__container \" data-track-category=\"Link no Texto\" data-track-links=\"\">Devido ao acidente, o trecho foi completamente interditado para a retirada das carretas envolvidas. \u00c0s 14h10 (hor\u00e1rio local), um congestionamento de cerca de 4 km para cada lado foi registrado. Somente \u00e0s 17h30 a pista foi completamente liberada.<\/p>\n<\/div>\n<\/div>\n<p data-track-category=\"Link no Texto\" data-track-links=\"\">\n<div class=\"content-media-container glb-skeleton-box\">\n<figure class=\"content-media-figure\">\n<p><figure style=\"width: 647px\" class=\"wp-caption aligncenter\"><img loading=\"lazy\" decoding=\"async\" class=\"i-amphtml-fill-content i-amphtml-replaced-content\" src=\"https:\/\/s2.glbimg.com\/EIcZWVRlDp_z2nejJ0XmA2v30K4=\/0x0:1920x1080\/984x0\/smart\/filters:strip_icc()\/i.s3.glbimg.com\/v1\/AUTH_59edd422c0c84a879bd37670ae4f538a\/internal_photos\/bs\/2022\/n\/j\/XZVqdxRLAi3qZqTqQ4Nw\/design-sem-nome-2022-03-22t174253.932.jpg\" sizes=\"auto, (max-width: 1366px) 648px, 100vw\" srcset=\"https:\/\/s2.glbimg.com\/jlpe6Ggv1SESkVvyfD7M1L_K3BQ=\/0x0:1920x1080\/1000x0\/smart\/filters:strip_icc()\/i.s3.glbimg.com\/v1\/AUTH_59edd422c0c84a879bd37670ae4f538a\/internal_photos\/bs\/2022\/n\/j\/XZVqdxRLAi3qZqTqQ4Nw\/design-sem-nome-2022-03-22t174253.932.jpg 1000w, https:\/\/s2.glbimg.com\/EIcZWVRlDp_z2nejJ0XmA2v30K4=\/0x0:1920x1080\/984x0\/smart\/filters:strip_icc()\/i.s3.glbimg.com\/v1\/AUTH_59edd422c0c84a879bd37670ae4f538a\/internal_photos\/bs\/2022\/n\/j\/XZVqdxRLAi3qZqTqQ4Nw\/design-sem-nome-2022-03-22t174253.932.jpg 984w, https:\/\/s2.glbimg.com\/Y03wnGSX59kfTTtPuuXLY47oHsg=\/0x0:1920x1080\/640x0\/smart\/filters:strip_icc()\/i.s3.glbimg.com\/v1\/AUTH_59edd422c0c84a879bd37670ae4f538a\/internal_photos\/bs\/2022\/n\/j\/XZVqdxRLAi3qZqTqQ4Nw\/design-sem-nome-2022-03-22t174253.932.jpg 640w, https:\/\/s2.glbimg.com\/JKlYEG-_h9wprSYJ2LL_UGezfI4=\/0x0:1920x1080\/600x0\/smart\/filters:strip_icc()\/i.s3.glbimg.com\/v1\/AUTH_59edd422c0c84a879bd37670ae4f538a\/internal_photos\/bs\/2022\/n\/j\/XZVqdxRLAi3qZqTqQ4Nw\/design-sem-nome-2022-03-22t174253.932.jpg 600w\" alt=\"Uma das cabines ficou completamente destru\u00edda. \u2014 Foto: Reprodu\u00e7\u00e3o\/NoticiaisDoCerrado\" width=\"647\" height=\"364\" \/><figcaption class=\"wp-caption-text\">Uma das cabines ficou completamente destru\u00edda. \u2014 Foto: Reprodu\u00e7\u00e3o\/NoticiaisDoCerrado<\/figcaption><\/figure><\/figure>\n<\/div>\n<p class=\"content-media__description \">\n<p data-track-category=\"Link no Texto\" data-track-links=\"\">\n<p class=\"content-publication-data__from\" title=\"Renata Barros, g1 MS\">Por Renata Barros, g1 MS<\/p>\n","protected":false},"excerpt":{"rendered":"<p>O caminhoneiro que se envolveu em um acidente entre tr\u00eas carretas na BR-262, em \u00c1gua Clara (MS), na manh\u00e3 desta ter\u00e7a-feira (22), teve uma das pernas amputada durante o acidente e foi transferido em estado grave para a Santa Casa de Campo Grande. Segundo o Corpo de Bombeiros de Ribas do Rio Pardo, o homem [&hellip;]<\/p>\n","protected":false},"author":5,"featured_media":201767,"comment_status":"closed","ping_status":"closed","sticky":false,"template":"","format":"standard","meta":{"footnotes":""},"categories":[38],"tags":[],"class_list":["post-201853","post","type-post","status-publish","format-standard","has-post-thumbnail","hentry","category-policia"],"_links":{"self":[{"href":"https:\/\/www.ocorreionews.com.br\/acervo-correio\/index.php?rest_route=\/wp\/v2\/posts\/201853","targetHints":{"allow":["GET"]}}],"collection":[{"href":"https:\/\/www.ocorreionews.com.br\/acervo-correio\/index.php?rest_route=\/wp\/v2\/posts"}],"about":[{"href":"https:\/\/www.ocorreionews.com.br\/acervo-correio\/index.php?rest_route=\/wp\/v2\/types\/post"}],"author":[{"embeddable":true,"href":"https:\/\/www.ocorreionews.com.br\/acervo-correio\/index.php?rest_route=\/wp\/v2\/users\/5"}],"replies":[{"embeddable":true,"href":"https:\/\/www.ocorreionews.com.br\/acervo-correio\/index.php?rest_route=%2Fwp%2Fv2%2Fcomments&post=201853"}],"version-history":[{"count":1,"href":"https:\/\/www.ocorreionews.com.br\/acervo-correio\/index.php?rest_route=\/wp\/v2\/posts\/201853\/revisions"}],"predecessor-version":[{"id":201855,"href":"https:\/\/www.ocorreionews.com.br\/acervo-correio\/index.php?rest_route=\/wp\/v2\/posts\/201853\/revisions\/201855"}],"wp:featuredmedia":[{"embeddable":true,"href":"https:\/\/www.ocorreionews.com.br\/acervo-correio\/index.php?rest_route=\/wp\/v2\/media\/201767"}],"wp:attachment":[{"href":"https:\/\/www.ocorreionews.com.br\/acervo-correio\/index.php?rest_route=%2Fwp%2Fv2%2Fmedia&parent=201853"}],"wp:term":[{"taxonomy":"category","embeddable":true,"href":"https:\/\/www.ocorreionews.com.br\/acervo-correio\/index.php?rest_route=%2Fwp%2Fv2%2Fcategories&post=201853"},{"taxonomy":"post_tag","embeddable":true,"href":"https:\/\/www.ocorreionews.com.br\/acervo-correio\/index.php?rest_route=%2Fwp%2Fv2%2Ftags&post=201853"}],"curies":[{"name":"wp","href":"https:\/\/api.w.org\/{rel}","templated":true}]}}