{"id":201859,"date":"2022-03-23T09:07:57","date_gmt":"2022-03-23T13:07:57","guid":{"rendered":"https:\/\/www.ocorreionews.com.br\/acervo-correio\/?p=201859"},"modified":"2022-03-23T09:10:35","modified_gmt":"2022-03-23T13:10:35","slug":"com-novo-nome-aquario-do-pantanal-abre-as-portas-oficialmente-no-dia-28","status":"publish","type":"post","link":"https:\/\/www.ocorreionews.com.br\/acervo-correio\/?p=201859","title":{"rendered":"Com novo nome, \u201cAqu\u00e1rio do Pantanal\u201d abre as portas oficialmente no dia 28"},"content":{"rendered":"<p>A novela finalmente est\u00e1 chegando ao fim. Ap\u00f3s visita na tarde desta ter\u00e7a-feira (22), juntamente com a comiss\u00e3o que acompanhou as obras, o o secret\u00e1rio de Infraestrutura, Eduardo Riedel, confirmou que inaugura\u00e7\u00e3o do \u201cAqu\u00e1rio do Pantanal\u201d vai acontecer no dia 28 de mar\u00e7o, pr\u00f3xima segunda-feira.<\/p>\n<p>Inicialmente as portas ser\u00e3o abertas para a visita\u00e7\u00e3o apenas de alunos de escolas p\u00fablicas. A abertura para a popula\u00e7\u00e3o em geral ser\u00e1 a partir do m\u00eas de abril, ainda sem dia definido. &#8220;Terminamos uma jornada de obras para um novo momento. Est\u00e1 tudo pronto para abrir em abril, mas a partir de segunda j\u00e1 come\u00e7a visita\u00e7\u00e3o das escolas&#8221;, explicou Eduardo Riedel.<\/p>\n<figure style=\"width: 354px\" class=\"wp-caption alignleft\"><img loading=\"lazy\" decoding=\"async\" class=\"img-fluid\" src=\"https:\/\/cdn6.campograndenews.com.br\/uploads\/noticias\/2022\/03\/22\/2suxcs5lah4ww.jpeg\" sizes=\"auto, (min-width: 1024px) calc(.5 * (100vw - 21.875em)), 100vw\" srcset=\"https:\/\/cdn6.campograndenews.com.br\/uploads\/noticias\/2022\/03\/22\/14gbve3es8jkx.jpeg 1024w, https:\/\/cdn6.campograndenews.com.br\/uploads\/noticias\/2022\/03\/22\/6dwe4ha33ypp.jpeg 640w, https:\/\/cdn6.campograndenews.com.br\/uploads\/noticias\/2022\/03\/22\/2suxcs5lah4ww.jpeg 320w\" alt=\"Secret\u00e1rio de Infraestrutura, Eduardo Riedel, durante visita final \u00e0s obras do aqu\u00e1rio (Foto: Paulo Francis)\" width=\"354\" height=\"562\" \/><figcaption class=\"wp-caption-text\">Secret\u00e1rio de Infraestrutura, Eduardo Riedel, durante visita final \u00e0s obras do aqu\u00e1rio (Foto: Paulo Francis)<\/figcaption><\/figure>\n<p>&#8220;Foi um desafio muito grande coordenar diversas frentes de trabalho simultaneamente e hoje viemos apresentar a conclus\u00e3o desse projeto. Quando fui para a secretaria de obras fui com um prop\u00f3sito muito firme de terminar esse empreendimento e entregar&#8221;, concluiu o secret\u00e1rio de obras.<\/p>\n<p>Al\u00e9m da t\u00e3o esperada data de inaugura\u00e7\u00e3o, o governo decidiu pela mudan\u00e7a do nome de \u201cAqu\u00e1rio do Pantanal\u201d, nome popular do Centro de Pesquisa e Readapta\u00e7\u00e3o da Ictiofauna Pantaneira, para \u201cBioparque Pantanal\u201d. A nova &#8220;identidade&#8221; do empreendimento foi confirmada pelo presidente da Assembleia Legislativa, deputado Paulo Corr\u00eaa (PSDB).<\/p>\n<p>\u201cEst\u00e1 tudo pronto, est\u00e1 lindo. Haver\u00e1 um site para as pessoas se cadastrarem e fazerem a visita guiada. Ap\u00f3s a inaugura\u00e7\u00e3o j\u00e1 vai funcionar com capacidade para 300 pessoas por dia. Ser\u00e1 um verdadeiro complexo, nosso Bioparque&#8221;, garantiu o deputado.<\/p>\n<figure style=\"width: 368px\" class=\"wp-caption alignright\"><img loading=\"lazy\" decoding=\"async\" class=\"img-fluid\" src=\"https:\/\/cdn6.campograndenews.com.br\/uploads\/noticias\/2022\/03\/22\/101ilhbidvrzp.jpeg\" sizes=\"auto, (min-width: 1024px) calc(.5 * (100vw - 21.875em)), 100vw\" srcset=\"https:\/\/cdn6.campograndenews.com.br\/uploads\/noticias\/2022\/03\/22\/3dorzsot30isw.jpeg 1024w, https:\/\/cdn6.campograndenews.com.br\/uploads\/noticias\/2022\/03\/22\/33704i2zyao08.jpeg 640w, https:\/\/cdn6.campograndenews.com.br\/uploads\/noticias\/2022\/03\/22\/101ilhbidvrzp.jpeg 320w\" alt=\"Presidente da Assembleia Legislativa, deputado Paulo Correa (PSDB), garantiu que o empreendimento est\u00e1 pronto para abrir as portas (Foto: Paulo Francis)\" width=\"368\" height=\"562\" \/><figcaption class=\"wp-caption-text\">Presidente da Assembleia Legislativa, deputado Paulo Correa (PSDB), garantiu que o empreendimento est\u00e1 pronto para abrir as portas (Foto: Paulo Francis)<\/figcaption><\/figure>\n<p>Com a inaugura\u00e7\u00e3o, o agora Bioparque Pantanal ser\u00e1 o maior laborat\u00f3rio de peixes pantaneiros do mundo, com 150 tanques ativos que abrigam 220 esp\u00e9cies de peixes neotropicais: 151 esp\u00e9cies pantaneiras; 55 da Amaz\u00f4nia; 14 africanas e outras da Oceania, \u00c1sia e Am\u00e9rica Central.<\/p>\n<p>Ao custo final de R$ 230 milh\u00f5es, o empreendimento contar\u00e1 com aproximadamente 19 mil m\u00b2 de \u00e1rea constru\u00edda, sendo 33 tanques, sendo 23 internos e oito externos, al\u00e9m de um tanque de abastecimento e outro de descarte de efluentes, totalizando um volume de 5 milh\u00f5es de litros de \u00e1gua.<\/p>\n<p>Retomada &#8211; Em 8 de maio de 2019 a atual gest\u00e3o estadual anunciou a retomada da obra do Aqu\u00e1rio do Pantanal como parte do Programa \u201cObra Inacabada Zero\u201d. A retomada da obra foi realizada em tr\u00eas fases: a primeira foi de levantamentos, a segunda de formaliza\u00e7\u00e3o dos memoriais descritivos relacionados aos servi\u00e7os necess\u00e1rios \u00e0 conclus\u00e3o do aqu\u00e1rio, envolvendo processos licitat\u00f3rios, e a terceira de acompanhamento, fiscaliza\u00e7\u00e3o e gerenciamento de contratos, at\u00e9 a conclus\u00e3o.<\/p>\n<p>Para melhor aproveitamento dos recursos p\u00fablicos e amplia\u00e7\u00e3o da competitividade de empresas interessadas no empreendimento, o governo contratou todos os servi\u00e7os na modalidade de licita\u00e7\u00e3o.<\/p>\n<p>Ao todo, foram 13 frentes de trabalho contratadas para a conclus\u00e3o do empreendimento, sendo: substitui\u00e7\u00e3o dos vidros, cobertura met\u00e1lica, revestimento de alum\u00ednio composto, impermeabiliza\u00e7\u00e3o, cenografia, climatiza\u00e7\u00e3o, passarelas, constru\u00e7\u00e3o civil, el\u00e9trica, automa\u00e7\u00e3o predial, sistema de suporte \u00e0 vida dos aqu\u00e1rios e quarentena, bem como o PCMAT, servi\u00e7o que garante a preven\u00e7\u00e3o de acidentes e a integridade dos trabalhadores.<\/p>\n<p>Desde o anuncio da retomada das obras, um grupo composto por representantes do TJMS (Tribunal de Justi\u00e7a de MS ), TCE (Tribunal de Contas do Estado), MPE (Minist\u00e9rio P\u00fablico Estadual), OAB (Ordem dos Advogados do Brasil de MS) e PGE (Procuradoria Geral do Estado) acompanhou o andamento de todas as fases do projeto.<\/p>\n<figure style=\"width: 603px\" class=\"wp-caption aligncenter\"><img loading=\"lazy\" decoding=\"async\" class=\"\" src=\"https:\/\/midiamax.uol.com.br\/media\/uploads\/soltura-de-peixes-no-aquario-do-pantanal-foto-edemir-rodrigues-19.jpg\" alt=\"\" width=\"603\" height=\"334\" \/><figcaption class=\"wp-caption-text\">Foto: Edemir Rodrigues<\/figcaption><\/figure>\n<figure style=\"width: 604px\" class=\"wp-caption aligncenter\"><img loading=\"lazy\" decoding=\"async\" class=\"img-fluid\" src=\"https:\/\/cdn6.campograndenews.com.br\/uploads\/noticias\/2022\/03\/04\/18ybft4zgzmbc.jpeg\" sizes=\"auto, (min-width: 1024px) calc(.5 * (100vw - 21.875em)), 100vw\" srcset=\"https:\/\/cdn6.campograndenews.com.br\/uploads\/noticias\/2022\/03\/04\/1zi55xevntlws.jpeg 1024w, https:\/\/cdn6.campograndenews.com.br\/uploads\/noticias\/2022\/03\/04\/14w1ncpj1v8vk.jpeg 640w, https:\/\/cdn6.campograndenews.com.br\/uploads\/noticias\/2022\/03\/04\/18ybft4zgzmbc.jpeg 320w\" alt=\"Um dos tanques do Aqu\u00e1rio do Pantanal. (Foto: Arquivo)\" width=\"604\" height=\"453\" \/><figcaption class=\"wp-caption-text\">Arquivo<\/figcaption><\/figure>\n<p>*Por Jhefferson Gamarra e Caroline Maldonado &#8211; CAMPO GRANDE NEWS<\/p>\n","protected":false},"excerpt":{"rendered":"<p>A novela finalmente est\u00e1 chegando ao fim. Ap\u00f3s visita na tarde desta ter\u00e7a-feira (22), juntamente com a comiss\u00e3o que acompanhou as obras, o o secret\u00e1rio de Infraestrutura, Eduardo Riedel, confirmou que inaugura\u00e7\u00e3o do \u201cAqu\u00e1rio do Pantanal\u201d vai acontecer no dia 28 de mar\u00e7o, pr\u00f3xima segunda-feira. Inicialmente as portas ser\u00e3o abertas para a visita\u00e7\u00e3o apenas de [&hellip;]<\/p>\n","protected":false},"author":5,"featured_media":201860,"comment_status":"closed","ping_status":"closed","sticky":false,"template":"","format":"standard","meta":{"footnotes":""},"categories":[31],"tags":[],"class_list":["post-201859","post","type-post","status-publish","format-standard","has-post-thumbnail","hentry","category-geral"],"_links":{"self":[{"href":"https:\/\/www.ocorreionews.com.br\/acervo-correio\/index.php?rest_route=\/wp\/v2\/posts\/201859","targetHints":{"allow":["GET"]}}],"collection":[{"href":"https:\/\/www.ocorreionews.com.br\/acervo-correio\/index.php?rest_route=\/wp\/v2\/posts"}],"about":[{"href":"https:\/\/www.ocorreionews.com.br\/acervo-correio\/index.php?rest_route=\/wp\/v2\/types\/post"}],"author":[{"embeddable":true,"href":"https:\/\/www.ocorreionews.com.br\/acervo-correio\/index.php?rest_route=\/wp\/v2\/users\/5"}],"replies":[{"embeddable":true,"href":"https:\/\/www.ocorreionews.com.br\/acervo-correio\/index.php?rest_route=%2Fwp%2Fv2%2Fcomments&post=201859"}],"version-history":[{"count":1,"href":"https:\/\/www.ocorreionews.com.br\/acervo-correio\/index.php?rest_route=\/wp\/v2\/posts\/201859\/revisions"}],"predecessor-version":[{"id":201862,"href":"https:\/\/www.ocorreionews.com.br\/acervo-correio\/index.php?rest_route=\/wp\/v2\/posts\/201859\/revisions\/201862"}],"wp:featuredmedia":[{"embeddable":true,"href":"https:\/\/www.ocorreionews.com.br\/acervo-correio\/index.php?rest_route=\/wp\/v2\/media\/201860"}],"wp:attachment":[{"href":"https:\/\/www.ocorreionews.com.br\/acervo-correio\/index.php?rest_route=%2Fwp%2Fv2%2Fmedia&parent=201859"}],"wp:term":[{"taxonomy":"category","embeddable":true,"href":"https:\/\/www.ocorreionews.com.br\/acervo-correio\/index.php?rest_route=%2Fwp%2Fv2%2Fcategories&post=201859"},{"taxonomy":"post_tag","embeddable":true,"href":"https:\/\/www.ocorreionews.com.br\/acervo-correio\/index.php?rest_route=%2Fwp%2Fv2%2Ftags&post=201859"}],"curies":[{"name":"wp","href":"https:\/\/api.w.org\/{rel}","templated":true}]}}