{"id":201863,"date":"2022-03-23T09:23:41","date_gmt":"2022-03-23T13:23:41","guid":{"rendered":"https:\/\/www.ocorreionews.com.br\/acervo-correio\/?p=201863"},"modified":"2022-03-23T09:23:41","modified_gmt":"2022-03-23T13:23:41","slug":"dupla-e-presa-por-disparo-de-arma-de-fogo-e-direcao-perigosa-em-chapadao-do-ceu","status":"publish","type":"post","link":"https:\/\/www.ocorreionews.com.br\/acervo-correio\/?p=201863","title":{"rendered":"Dupla \u00e9 presa por disparo de arma de fogo e dire\u00e7\u00e3o perigosa em Chapad\u00e3o do C\u00e9u"},"content":{"rendered":"<p>Na ultimo domingo (20), os policiais militares do T\u00e1tico de Chapad\u00e3o do C\u00e9u \u2013 GO realizavam patrulhamento pr\u00f3ximo \u00e0 regi\u00e3o de prost\u00edbulos da cidade, quando ouviram um disparo de arma de fogo.<\/p>\n<p>Instantes depois visualizou o condutor de um ve\u00edculo Ford F-250 dando um cavalo de pau enquanto o passageiro atirava para cima.<\/p>\n<p>O condutor n\u00e3o obedeceu \u00e0 ordem de parada e foi iniciado acompanhamento, tendo o passageiro jogado a arma fora para tentar enganar a equipe.<\/p>\n<p>Ap\u00f3s realizar abordagem, a equipe localizou uma arma de fogo do tipo Rev\u00f3lver com 06 muni\u00e7\u00f5es calibre .32.<\/p>\n<p>O condutor, que possui 39 anos e sem antecedentes criminais, foi preso por Dire\u00e7\u00e3o Perigosa na condu\u00e7\u00e3o de ve\u00edculo automotor e o passageiro, de 34 anos e sem antecedentes criminais, foi preso por Porte ilegal de arma de fogo e Disparo de arma de fogo em via p\u00fablica.<\/p>\n<p>Ambos foram conduzidos \u00e0 Delegacia local para provid\u00eancias cab\u00edveis.<\/p>\n<p>* O Correio News com informa\u00e7\u00f5es da P\/5 do 46\u00b0BPM<\/p>\n","protected":false},"excerpt":{"rendered":"<p>Na ultimo domingo (20), os policiais militares do T\u00e1tico de Chapad\u00e3o do C\u00e9u \u2013 GO realizavam patrulhamento pr\u00f3ximo \u00e0 regi\u00e3o de prost\u00edbulos da cidade, quando ouviram um disparo de arma de fogo. Instantes depois visualizou o condutor de um ve\u00edculo Ford F-250 dando um cavalo de pau enquanto o passageiro atirava para cima. O condutor [&hellip;]<\/p>\n","protected":false},"author":5,"featured_media":201864,"comment_status":"closed","ping_status":"closed","sticky":false,"template":"","format":"standard","meta":{"footnotes":""},"categories":[22,38],"tags":[],"class_list":["post-201863","post","type-post","status-publish","format-standard","has-post-thumbnail","hentry","category-chapadao-do-ceu","category-policia"],"_links":{"self":[{"href":"https:\/\/www.ocorreionews.com.br\/acervo-correio\/index.php?rest_route=\/wp\/v2\/posts\/201863","targetHints":{"allow":["GET"]}}],"collection":[{"href":"https:\/\/www.ocorreionews.com.br\/acervo-correio\/index.php?rest_route=\/wp\/v2\/posts"}],"about":[{"href":"https:\/\/www.ocorreionews.com.br\/acervo-correio\/index.php?rest_route=\/wp\/v2\/types\/post"}],"author":[{"embeddable":true,"href":"https:\/\/www.ocorreionews.com.br\/acervo-correio\/index.php?rest_route=\/wp\/v2\/users\/5"}],"replies":[{"embeddable":true,"href":"https:\/\/www.ocorreionews.com.br\/acervo-correio\/index.php?rest_route=%2Fwp%2Fv2%2Fcomments&post=201863"}],"version-history":[{"count":1,"href":"https:\/\/www.ocorreionews.com.br\/acervo-correio\/index.php?rest_route=\/wp\/v2\/posts\/201863\/revisions"}],"predecessor-version":[{"id":201865,"href":"https:\/\/www.ocorreionews.com.br\/acervo-correio\/index.php?rest_route=\/wp\/v2\/posts\/201863\/revisions\/201865"}],"wp:featuredmedia":[{"embeddable":true,"href":"https:\/\/www.ocorreionews.com.br\/acervo-correio\/index.php?rest_route=\/wp\/v2\/media\/201864"}],"wp:attachment":[{"href":"https:\/\/www.ocorreionews.com.br\/acervo-correio\/index.php?rest_route=%2Fwp%2Fv2%2Fmedia&parent=201863"}],"wp:term":[{"taxonomy":"category","embeddable":true,"href":"https:\/\/www.ocorreionews.com.br\/acervo-correio\/index.php?rest_route=%2Fwp%2Fv2%2Fcategories&post=201863"},{"taxonomy":"post_tag","embeddable":true,"href":"https:\/\/www.ocorreionews.com.br\/acervo-correio\/index.php?rest_route=%2Fwp%2Fv2%2Ftags&post=201863"}],"curies":[{"name":"wp","href":"https:\/\/api.w.org\/{rel}","templated":true}]}}