{"id":201867,"date":"2022-03-23T09:54:16","date_gmt":"2022-03-23T13:54:16","guid":{"rendered":"https:\/\/www.ocorreionews.com.br\/acervo-correio\/?p=201867"},"modified":"2022-03-23T09:54:16","modified_gmt":"2022-03-23T13:54:16","slug":"policia-investiga-morte-de-miss-de-17-anos-que-teria-sofrido-infarto-em-go","status":"publish","type":"post","link":"https:\/\/www.ocorreionews.com.br\/acervo-correio\/?p=201867","title":{"rendered":"Pol\u00edcia investiga morte de miss de 17 anos que teria sofrido infarto em GO"},"content":{"rendered":"<div class=\"mc-column content-text active-extra-styles \" data-block-type=\"unstyled\" data-block-weight=\"39\" data-block-id=\"2\">\n<p class=\"content-text__container \" data-track-category=\"Link no Texto\" data-track-links=\"\">A Miss juvenil Cezarina, Ingrid Silva T\u00e1vora, de 17 anos, morreu ap\u00f3s sofrer um infarto, segundo a Secretaria Estadual de Educa\u00e7\u00e3o (Seduc). A Pol\u00edcia Civil, no entanto, registrou o caso como morte acidental e vai investigar as circunst\u00e2ncias.<\/p>\n<\/div>\n<div class=\"wall protected-content\">\n<div class=\"mc-column content-text active-extra-styles\" data-block-type=\"raw\" data-block-weight=\"5\" data-block-id=\"3\">\n<p>&nbsp;<\/p>\n<p>&nbsp;<\/p>\n<\/div>\n<div class=\"mc-column content-text active-extra-styles \" data-block-type=\"unstyled\" data-block-weight=\"39\" data-block-id=\"4\">\n<p class=\"content-text__container \" data-track-category=\"Link no Texto\" data-track-links=\"\">A pol\u00edcia informou que a jovem morreu no Hospital Municipal de Cezarina na quarta-feira passada (16). O caso est\u00e1 sendo investigado pela Delegacia de Palmeiras de Goi\u00e1s, que aguarda o resultado dos laudos periciais para pr\u00f3ximas dilig\u00eancias e oitivas.<\/p>\n<p data-track-category=\"Link no Texto\" data-track-links=\"\">\n<\/div>\n<div class=\"row medium-uncollapsed content-media content-photo\" data-block-type=\"backstage-photo\" data-block-id=\"5\">\n<div class=\"mc-column content-media__container\">\n<div class=\"content-media-container glb-skeleton-box\">\n<figure class=\"content-media-figure\">\n<p><figure style=\"width: 647px\" class=\"wp-caption aligncenter\"><img loading=\"lazy\" decoding=\"async\" class=\"i-amphtml-fill-content i-amphtml-replaced-content\" src=\"https:\/\/s2.glbimg.com\/xpM7ato8iWNuJBnPW8rbbO7FJU8=\/0x0:1700x1065\/984x0\/smart\/filters:strip_icc()\/i.s3.glbimg.com\/v1\/AUTH_59edd422c0c84a879bd37670ae4f538a\/internal_photos\/bs\/2022\/f\/C\/9X9gfsTsOWBBpFDYc3Qw\/miss-cezarina2.jpg\" sizes=\"auto, (max-width: 1366px) 648px, 100vw\" srcset=\"https:\/\/s2.glbimg.com\/BP7E221rjX3h3fkLTfcMztWCyxA=\/0x0:1700x1065\/1000x0\/smart\/filters:strip_icc()\/i.s3.glbimg.com\/v1\/AUTH_59edd422c0c84a879bd37670ae4f538a\/internal_photos\/bs\/2022\/f\/C\/9X9gfsTsOWBBpFDYc3Qw\/miss-cezarina2.jpg 1000w, https:\/\/s2.glbimg.com\/xpM7ato8iWNuJBnPW8rbbO7FJU8=\/0x0:1700x1065\/984x0\/smart\/filters:strip_icc()\/i.s3.glbimg.com\/v1\/AUTH_59edd422c0c84a879bd37670ae4f538a\/internal_photos\/bs\/2022\/f\/C\/9X9gfsTsOWBBpFDYc3Qw\/miss-cezarina2.jpg 984w, https:\/\/s2.glbimg.com\/jt6ZVBiRWexAb30PaB1WkYoaK-Q=\/0x0:1700x1065\/640x0\/smart\/filters:strip_icc()\/i.s3.glbimg.com\/v1\/AUTH_59edd422c0c84a879bd37670ae4f538a\/internal_photos\/bs\/2022\/f\/C\/9X9gfsTsOWBBpFDYc3Qw\/miss-cezarina2.jpg 640w, https:\/\/s2.glbimg.com\/csrVtH2N-NSJDtLFbAuPxFAFbLk=\/0x0:1700x1065\/600x0\/smart\/filters:strip_icc()\/i.s3.glbimg.com\/v1\/AUTH_59edd422c0c84a879bd37670ae4f538a\/internal_photos\/bs\/2022\/f\/C\/9X9gfsTsOWBBpFDYc3Qw\/miss-cezarina2.jpg 600w\" alt=\"Miss de 17 anos morreu em Cezarina, Goi\u00e1s \u2014 Foto: Reprodu\u00e7\u00e3o\/Instagram\" width=\"647\" height=\"405\" \/><figcaption class=\"wp-caption-text\">Miss de 17 anos morreu em Cezarina, Goi\u00e1s \u2014 Foto: Reprodu\u00e7\u00e3o\/Instagram<\/figcaption><\/figure><\/figure>\n<\/div>\n<p class=\"content-media__description \">\n<\/div>\n<\/div>\n<div class=\"mc-column content-text active-extra-styles \" data-block-type=\"unstyled\" data-block-weight=\"22\" data-block-id=\"7\">\n<p class=\"content-text__container \" data-track-category=\"Link no Texto\" data-track-links=\"\">Por enquanto, o delegado que investiga o caso, Matheus Abud, disse que n\u00e3o vai dar detalhes para n\u00e3o atrapalhar a investiga\u00e7\u00e3o.<\/p>\n<p data-track-category=\"Link no Texto\" data-track-links=\"\">\n<\/div>\n<div class=\"mc-column content-text active-extra-styles \" data-block-type=\"unstyled\" data-block-weight=\"33\" data-block-id=\"8\">\n<p class=\"content-text__container \" data-track-category=\"Link no Texto\" data-track-links=\"\">Ingrid T\u00e1vora foi eleita miss Cezarina juvenil em 2019. A Coordena\u00e7\u00e3o Regional de Educa\u00e7\u00e3o de Palmeiras de Goi\u00e1s, a qual o col\u00e9gio onde ela estudava \u00e9 vinculado, publicou uma nota de pesar.<\/p>\n<p data-track-category=\"Link no Texto\" data-track-links=\"\">\n<\/div>\n<div class=\"mc-column content-text active-extra-styles \" data-block-type=\"unstyled\" data-block-weight=\"20\" data-block-id=\"9\">\n<p class=\"content-text__container \" data-track-category=\"Link no Texto\" data-track-links=\"\">&#8220;\u00c9 com imensa tristeza que comunicamos o falecimento da aluna do Col\u00e9gio Estadual Professora Maria Apresenta\u00e7\u00e3o&#8221;, diz o comunicado.<\/p>\n<p data-track-category=\"Link no Texto\" data-track-links=\"\">\n<\/div>\n<div class=\"row medium-uncollapsed content-media content-photo\" data-block-type=\"backstage-photo\" data-block-id=\"11\">\n<div class=\"mc-column content-media__container\">\n<div class=\"content-media-container glb-skeleton-box\">\n<figure class=\"content-media-figure\">\n<p><figure style=\"width: 647px\" class=\"wp-caption aligncenter\"><img loading=\"lazy\" decoding=\"async\" class=\"i-amphtml-fill-content i-amphtml-replaced-content\" src=\"https:\/\/s2.glbimg.com\/rEwQOVoHYUS3cnaWxs5KMtg_3Oo=\/0x0:1700x1065\/984x0\/smart\/filters:strip_icc()\/i.s3.glbimg.com\/v1\/AUTH_59edd422c0c84a879bd37670ae4f538a\/internal_photos\/bs\/2022\/r\/x\/yZme4ATnCpuqTXOqtR1Q\/miss-cezarina1.jpg\" sizes=\"auto, (max-width: 1366px) 648px, 100vw\" srcset=\"https:\/\/s2.glbimg.com\/kg07aVilfyII0v_qbeukdSkqn90=\/0x0:1700x1065\/1000x0\/smart\/filters:strip_icc()\/i.s3.glbimg.com\/v1\/AUTH_59edd422c0c84a879bd37670ae4f538a\/internal_photos\/bs\/2022\/r\/x\/yZme4ATnCpuqTXOqtR1Q\/miss-cezarina1.jpg 1000w, https:\/\/s2.glbimg.com\/rEwQOVoHYUS3cnaWxs5KMtg_3Oo=\/0x0:1700x1065\/984x0\/smart\/filters:strip_icc()\/i.s3.glbimg.com\/v1\/AUTH_59edd422c0c84a879bd37670ae4f538a\/internal_photos\/bs\/2022\/r\/x\/yZme4ATnCpuqTXOqtR1Q\/miss-cezarina1.jpg 984w, https:\/\/s2.glbimg.com\/Uxw1_WZ8x24oRbnezeIwlOF42TA=\/0x0:1700x1065\/640x0\/smart\/filters:strip_icc()\/i.s3.glbimg.com\/v1\/AUTH_59edd422c0c84a879bd37670ae4f538a\/internal_photos\/bs\/2022\/r\/x\/yZme4ATnCpuqTXOqtR1Q\/miss-cezarina1.jpg 640w, https:\/\/s2.glbimg.com\/-10v6f2R51bm1y9ex2n7HI-vANA=\/0x0:1700x1065\/600x0\/smart\/filters:strip_icc()\/i.s3.glbimg.com\/v1\/AUTH_59edd422c0c84a879bd37670ae4f538a\/internal_photos\/bs\/2022\/r\/x\/yZme4ATnCpuqTXOqtR1Q\/miss-cezarina1.jpg 600w\" alt=\"CRE de Palmeiras de Goi\u00e1s publica nota de pesar pela morte de Ingrid T\u00e1vora \u2014 Foto: Reprodu\u00e7\u00e3o\/Redes Sociais\" width=\"647\" height=\"405\" \/><figcaption class=\"wp-caption-text\">CRE de Palmeiras de Goi\u00e1s publica nota de pesar pela morte de Ingrid T\u00e1vora \u2014 Foto: Reprodu\u00e7\u00e3o\/Redes Sociais.<\/figcaption><\/figure><\/figure>\n<\/div>\n<\/div>\n<\/div>\n<p title=\"Rafael Oliveira, g1 Goi\u00e1s\">\n<p class=\"content-publication-data__from\" title=\"Rafael Oliveira, g1 Goi\u00e1s\">Por Rafael Oliveira, g1 Goi\u00e1s<\/p>\n<div class=\"row medium-uncollapsed content-media content-photo\" data-block-type=\"backstage-photo\" data-block-id=\"11\">\n<div class=\"mc-column content-media__container\">\n<p class=\"content-media__description \">\n<\/div>\n<\/div>\n<\/div>\n","protected":false},"excerpt":{"rendered":"<p>A Miss juvenil Cezarina, Ingrid Silva T\u00e1vora, de 17 anos, morreu ap\u00f3s sofrer um infarto, segundo a Secretaria Estadual de Educa\u00e7\u00e3o (Seduc). A Pol\u00edcia Civil, no entanto, registrou o caso como morte acidental e vai investigar as circunst\u00e2ncias. &nbsp; &nbsp; A pol\u00edcia informou que a jovem morreu no Hospital Municipal de Cezarina na quarta-feira passada [&hellip;]<\/p>\n","protected":false},"author":5,"featured_media":201868,"comment_status":"closed","ping_status":"closed","sticky":false,"template":"","format":"standard","meta":{"footnotes":""},"categories":[38],"tags":[],"class_list":["post-201867","post","type-post","status-publish","format-standard","has-post-thumbnail","hentry","category-policia"],"_links":{"self":[{"href":"https:\/\/www.ocorreionews.com.br\/acervo-correio\/index.php?rest_route=\/wp\/v2\/posts\/201867","targetHints":{"allow":["GET"]}}],"collection":[{"href":"https:\/\/www.ocorreionews.com.br\/acervo-correio\/index.php?rest_route=\/wp\/v2\/posts"}],"about":[{"href":"https:\/\/www.ocorreionews.com.br\/acervo-correio\/index.php?rest_route=\/wp\/v2\/types\/post"}],"author":[{"embeddable":true,"href":"https:\/\/www.ocorreionews.com.br\/acervo-correio\/index.php?rest_route=\/wp\/v2\/users\/5"}],"replies":[{"embeddable":true,"href":"https:\/\/www.ocorreionews.com.br\/acervo-correio\/index.php?rest_route=%2Fwp%2Fv2%2Fcomments&post=201867"}],"version-history":[{"count":1,"href":"https:\/\/www.ocorreionews.com.br\/acervo-correio\/index.php?rest_route=\/wp\/v2\/posts\/201867\/revisions"}],"predecessor-version":[{"id":201870,"href":"https:\/\/www.ocorreionews.com.br\/acervo-correio\/index.php?rest_route=\/wp\/v2\/posts\/201867\/revisions\/201870"}],"wp:featuredmedia":[{"embeddable":true,"href":"https:\/\/www.ocorreionews.com.br\/acervo-correio\/index.php?rest_route=\/wp\/v2\/media\/201868"}],"wp:attachment":[{"href":"https:\/\/www.ocorreionews.com.br\/acervo-correio\/index.php?rest_route=%2Fwp%2Fv2%2Fmedia&parent=201867"}],"wp:term":[{"taxonomy":"category","embeddable":true,"href":"https:\/\/www.ocorreionews.com.br\/acervo-correio\/index.php?rest_route=%2Fwp%2Fv2%2Fcategories&post=201867"},{"taxonomy":"post_tag","embeddable":true,"href":"https:\/\/www.ocorreionews.com.br\/acervo-correio\/index.php?rest_route=%2Fwp%2Fv2%2Ftags&post=201867"}],"curies":[{"name":"wp","href":"https:\/\/api.w.org\/{rel}","templated":true}]}}