{"id":202114,"date":"2022-03-25T14:25:49","date_gmt":"2022-03-25T18:25:49","guid":{"rendered":"https:\/\/www.ocorreionews.com.br\/acervo-correio\/?p=202114"},"modified":"2022-03-25T14:25:49","modified_gmt":"2022-03-25T18:25:49","slug":"marketing-politico-vale-a-embalagem-ou-o-conteudo","status":"publish","type":"post","link":"https:\/\/www.ocorreionews.com.br\/acervo-correio\/?p=202114","title":{"rendered":"Marketing pol\u00edtico: vale a embalagem ou o conte\u00fado?"},"content":{"rendered":"<p><strong><u>ELEI\u00c7\u00d5ES 2022:<\/u><\/strong> \u00c0s v\u00e9speras da nossa campanha, marqueteiros j\u00e1 estudam f\u00f3rmulas e recursos tecnol\u00f3gicos para tornar os candidatos objetos de desejo atrav\u00e9s do r\u00e1dio, redes sociais e TV. Os postulantes t\u00eam consci\u00eancia (presume-se) do diferencial desta campanha e da import\u00e2ncia da embalagem do \u2018\u00b4produto\u2019 a ser oferecido ao eleitor. Mas tamb\u00e9m na pol\u00edtica \u2018<strong>nem tudo que reluz \u00e9 ouro\u2019<\/strong>.<\/p>\n<p><strong><u>PIONEIRO:<\/u><\/strong> Aqui Pedro Pedrossian marcou ao usar bem a m\u00eddia na pol\u00edtica. No pleito de 1990 Renato Teixeira comp\u00f4s e cantou \u2018Homem de Miranda\u2019 que virou sucesso nas emissoras de r\u00e1dio. A sensibilidade do compositor em retratar o cotidiano do homem pantaneiro, associando \u00e0 imagem do ex-governador caiu como uma luva. Bombou!<\/p>\n<p><strong><u>BUMERANG:<\/u><\/strong> \u00a0Desta vez em 2002, aos 74 anos de idade Pedrossian foi v\u00edtima da mesma m\u00eddia concorrendo ao Senado contra o ent\u00e3o garboso Delc\u00eddio do Amaral aos 47 anos. Favorito, Pedro teve a imagem desgastada pela campanha insistente de que era velho e perdeu por 73.470 votos. Mais uma vez prevaleceu a mensagem do marketing.<\/p>\n<p><strong><u>O IN\u00cdCIO:<\/u><\/strong> Explorando a imagem de pai dos pobres e dos trabalhadores, amigo dos artistas da \u00e9poca, Get\u00falio Vargas deu a largada no marketing pol\u00edtico. \u00a0Depois Juscelino Kubitscheck pegou carona na industrializa\u00e7\u00e3o, fundou Bras\u00edlia e sorridente marcou como \u2018Presidente Bossa Nova\u2019 de bem com os meios de comunica\u00e7\u00e3o. \u00a0Nos 2 casos o conte\u00fado fez jus a embalagem.<\/p>\n<p><strong><u>COLLOR X LULA:<\/u><\/strong> Naquela memor\u00e1vel elei\u00e7\u00e3o ficou comprovada a efici\u00eancia do marketing bem elaborado. O \u2018Ca\u00e7ador de Maraj\u00e1s\u2019, bom de papo, elegante, destemido venceu. N\u00e3o havia espa\u00e7o para discutir o conte\u00fado das propostas mirabolantes. O eleitor n\u00e3o percebeu a manipula\u00e7\u00e3o das imagens na televis\u00e3o e embarcou naquela canoa furada.<\/p>\n<p><strong><u>DEPUTADOS &amp; A\u00c7\u00d5ES:<\/u><\/strong> <strong>Paulo Corr\u00eaa<\/strong> (PSDB): Tem projeto batizando de \u2018Dirceu L. Lanzarini\u2019 o trecho da rodovia 156 entre Amambai e Caarap\u00f3; presente aos principais eventos do Governo Estadual na capital e interior. \u00a0<strong>Z\u00e9 Teixeira\u00a0<\/strong> (DEM): registrou voto de louvor pelos 60 anos de funda\u00e7\u00e3o do Hospital do Amor de Barretos na luta contra o c\u00e2ncer; pediu ao Governo do Estado e foi atendido na doa\u00e7\u00e3o de 2 caminh\u00f5es para atender o setor de infra-estrutura\u00a0 da prefeitura de Dourados. \u00a0<strong>Lucas de Lima <\/strong>(SOL):\u00a0 prossegue com o projeto \u2018Gabinete Itinerante\u2019 nos bairros da capital; autor de projeto criando Campanha de Prote\u00e7\u00e3o e Incentivo a Reeduca\u00e7\u00e3o do Consumo de \u00c1gua e institui a Semana da \u00c1gua. <strong>Mara Caseiro <\/strong>(PSDB): pede a troca de pontes de madeira por outras de concreto em Bataguassu e Para\u00edso das \u00c1guas; solicita melhorias diversas para a escola estadual em Mundo Novo; <strong>Jos\u00e9 Carlos<\/strong>\u00a0 <strong>Barbosa <\/strong>(PSDB): pede constru\u00e7\u00e3o de t\u00fanel sob a BR-163 em Dourados para evitar alagamentos; insiste que s\u00f3 o Governo Estadual pode solucionar a crise da sa\u00fade em Dourados; entrou em vigor lei \u00a0de sua autoria beneficiando autistas.<\/p>\n<p><strong><u>\u2018FATOR ZELENSK\u2019:<\/u><\/strong> A for\u00e7a midi\u00e1tica agrega ou destr\u00f3i. Veja os estragos que o presidente Zelensk da Ucr\u00e2nia faz na R\u00fassia usando apenas o celular. Suas imagens e mensagens convencem a opini\u00e3o p\u00fablica mundial contra os invasores. Para os especialistas ele j\u00e1 ganhou a guerra de Putin, seja qual for o resultado no campo de batalha. N\u00e3o h\u00e1 clima para ficar contra a Ucr\u00e2nia.<\/p>\n<p><strong><u>ANTENADO:\u00a0<\/u><\/strong> O m\u00e9dico Ricardo Ayache, presidente da vitoriosa Cassems e l\u00edder maior do \u2018PSB Guaicuru\u2019, compareceu ao recente ato de filia\u00e7\u00e3o do ex-governador Geraldo Alckmin ao seu partido. Conclue-se que sua presen\u00e7a ao evento mostra que ele est\u00e1 naturalmente engajado ao processo sucess\u00f3rio. C\u00e1 entre n\u00f3s: n\u00e3o podia ser diferente.<\/p>\n<p><strong><u>\u00a0REALIDADE:\u00a0<\/u><\/strong> Apesar do oba oba nas redes sociais onde <strong>13%<\/strong> \u00e9 da extrema esquerda e <strong>18%<\/strong> \u00e0 extrema direita, cerca de <strong>36%<\/strong>\u00a0 n\u00e3o se identificam com qualquer campo pol\u00edtico e <strong>22%<\/strong> se declararam de centro. Resumindo:\u00a0 <strong>58%<\/strong> da popula\u00e7\u00e3o n\u00e3o se deixa influenciar e est\u00e1 focada em cuidar da pr\u00f3pria vida esperando que o novo governo fa\u00e7a sua parte e n\u00e3o atrapalhe.<\/p>\n<p><strong><u>CONCLUS\u00c3O:<\/u><\/strong>\u00a0 Essa maioria discreta \u2013 longe da gritaria ideol\u00f3gica \u2013 \u00e9 quem det\u00e9m o poder de definir o nome do futuro presidente do pa\u00eds. O ideal \u00e9 que essa escolha se baseie nas coer\u00eancias das propostas para fomentar o desenvolvimento econ\u00f4mico esperado. Os dados da pesquisa do Instituto Locomotiva foram publicados h\u00e1 pouco pelo jornal Valor.<\/p>\n<p><strong><u>ALERTA:\u00a0<\/u><\/strong> \u00a0Ao ingressar no PSB, Alckmin assustou a todos repetindo o que Mario Covas dissera ao final \u00a0do discurso de sua posse como governador de S\u00e3o Paulo: \u201cApoiar n\u00e3o significa deixar de emitir discord\u00e2ncia. Igualmente \u00e9 preciso n\u00e3o confundir discord\u00e2ncia com ultimato, nem lealdade com subservi\u00eancia. Lealdade \u00e9 o valor praticado entre companheiros, mas h\u00e1 uma forma de lealdade que se sobrep\u00f5e a todas: a lealdade aos destinos do pa\u00eds. \u201d<\/p>\n<p><strong><u>A\u00c7\u00d5ES LEGISLATIVAS:\u00a0<\/u><\/strong> <strong>Capit\u00e3o Contar<\/strong> (PL): tem projeto homenageando os peritos judiciais no dia 4 de dezembro; requereu informa\u00e7\u00f5es Secret\u00e1ria de Sa\u00fade da capital sobre reclama\u00e7\u00f5es da falta de rem\u00e9dios e m\u00e9dicos em postos de sa\u00fade. <strong>Pedro Kemp <\/strong>(PT): Presidente da Comiss\u00e3o de Educa\u00e7\u00e3o taxou o crit\u00e9rio de repasses do MEC aos munic\u00edpios como uma afronta; tem projeto que pro\u00edbe a pulveriza\u00e7\u00e3o a\u00e9rea para preservar o solo, as \u00e1guas e a popula\u00e7\u00e3o pr\u00f3xima das \u00e1reas cultivadas. <strong>Gerson Claro<\/strong> (PP): atendido seu pedido ao Governo de refor\u00e7o policial na zona rural de Sidrol\u00e2ndia com duas novas viaturas e 12 policiais; acompanha as obras de melhoria nas rodovias estaduais da regi\u00e3o de Sidrol\u00e2ndia. \u00a0<strong>L\u00eddio Lopes <\/strong>(Patri): acolhendo reivindica\u00e7\u00f5es de Itapor\u00e3 em pr\u00f3l da ilumina\u00e7\u00e3o da MS-156 entre Itapor\u00e3 e Dourados e de sua emenda parlamentar para a instala\u00e7\u00e3o de academia ao ar livre em\u00a0 pra\u00e7a daquela cidade. \u00a0<strong>Amarildo Cruz <\/strong>(PT): continua visitando lideran\u00e7as de bairros e de diferentes classes sociais e levando suas aspira\u00e7\u00f5es \u00e0s autoridades competentes; pede que a popula\u00e7\u00e3o n\u00e3o baixe a guarda no comportamento frente a Covid-19.<\/p>\n<p><strong><u>SIMONE TEBET:<\/u><\/strong> Os pr\u00f3prios emedebistas daqui n\u00e3o defendem seu nome. Com pouco mais de 1% do eleitorado brasileiro Mato Grosso do Sul n\u00e3o tem escopo e\u00a0 tradi\u00e7\u00e3o no cen\u00e1rio pol\u00edtico do pa\u00eds para repetir, por exemplo, o fen\u00f4meno Collor de Melo. Ela deve jogar as \u00faltimas cartas na p\u00e1lida terceira via como uma sa\u00edda honrosa.<\/p>\n<p><strong><u>PROBLEMAS:\u00a0<\/u><\/strong> O MDB n\u00e3o foi bem nas \u00faltimas elei\u00e7\u00f5es no Estado. Basta ver os resultados dos pleitos na capital e nas principais cidades.\u00a0 Puccinelli tem nome, mas disputou a \u00faltima elei\u00e7\u00e3o h\u00e1 12 anos. Companheiros desistiram, morreram e outros ficaram pelo caminho. Aos 74 anos o italiano ter\u00e1 que se reinventar para vencer a concorr\u00eancia. O discurso da vitimiza\u00e7\u00e3o seria a sa\u00edda? A conferir.<\/p>\n<p><strong><u>EDUARDO RIEDEL: <\/u><\/strong>Seu desafio \u00e9 transformar suas intensas rela\u00e7\u00f5es com prefeitos, vereadores e outras lideran\u00e7as em votos. Conseguir\u00e1? Ao seu lado um cabo eleitoral de primeira: o governador Reinaldo de compet\u00eancia comprovada nos pleitos que disputou em sua trajet\u00f3ria. Para os observadores a guerra eleitoral s\u00f3 come\u00e7a ap\u00f3s abril. At\u00e9 l\u00e1 vale imaginar e especular \u00e0 vontade. Sempre \u00e9 assim.<\/p>\n<p><strong><u>MARQUINHOS TRAD:\u00a0<\/u><\/strong> Sua carta de ren\u00fancia da prefeitura j\u00e1 estaria pronta. Quem\u00a0 o conhece desde guri diz que ele \u00e9 movido a desafios e n\u00e3o arreda p\u00e9 por nada. Ele j\u00e1 fez as contas e entende que essa seria sua vez e que n\u00e3o pode e nem deve ficar sem mandato por dois anos. Quer aproveitar o embalo. Isso exige coragem \u2013 que ele tem.<\/p>\n<p><strong><u>A\u00c7\u00d5ES &amp; DEPUTADOS:<\/u> Mar\u00e7al Filho <\/strong>(PSDB): presente a inaugura\u00e7\u00e3o do audit\u00f3rio da UEMS de Dourados, o qual ajudou com R$1.100 mil ainda como deputado federal; tem proposta obrigando alinhamento ou retirada de fios sem uso nos postes das vias p\u00fablicas. <strong>Paulo Duarte<\/strong> ( MDB): Comemora o final da restaura\u00e7\u00e3o da Igreja Matriz de Nossa Senhora da Candel\u00e1ria de Corumb\u00e1 dentro do programa \u2018Cidades Hist\u00f3ricas\u2019 do Governo Federal. \u00a0<strong>Antonio Vaz ( <\/strong>REP<strong>): <\/strong>Presidente da Comiss\u00e3o de Sa\u00fade comemora o\u00a0 sucesso da campanha contra a Covid-19; recepcionou\u00a0 na capital o deputado Marcos Pereira no Encontro Estadual dos Republicanos no \u00faltimo dia 18.\u00a0<strong> Neno Razuk <\/strong>(PTB): destacou a import\u00e2ncia da UEMS de Dourados quando da inaugura\u00e7\u00e3o do anfiteatro; ativo no encaminhamento das reivindica\u00e7\u00f5es de entidades e prefeitos junto ao Governo Estadual onde tem excelente tr\u00e2nsito. \u00a0<strong>Evander Vendramini<\/strong> (PP): foi \u00e0 san\u00e7\u00e3o do Governo seu projeto de lei denominando \u2018Ruiter Cunha de Oliveira\u2019 a MS 454 ligando a BR-262 ao distrito de Forte Coimbra; ativo nas sess\u00f5es e vigilante nas quest\u00f5es pantaneiras.<\/p>\n<p><strong><u>ROSE MODESTO:<\/u><\/strong> De partido novo est\u00e1 motivada. Ao seu estilo j\u00e1 percorre o interior. Est\u00e1 confiante no aporte financeiro que o novo partido deve lhe proporcionar para tocar a campanha compat\u00edvel com suas pretens\u00f5es e com a concorr\u00eancia. O ex-senador Pedro Chaves j\u00e1 foi citado como eventual candidato a vice, mas comenta-se que ele gostaria de tentar a C\u00e2mara Federal.<\/p>\n<p><strong><u>QUEST\u00c3O DE \u00d3TICA:<\/u><\/strong> \u201cTendo que escrever uma composi\u00e7\u00e3o no col\u00e9gio sobre uma fam\u00edlia pobre, a filha de um milion\u00e1rio assim se expressou: Era uma vez uma fam\u00edlia pobre. O pai era pobre. Os filhos eram pobres. O mordomo era pobre. O chofer era pobre. A criada era pobre. O jardineiro era pobre. Todos eram pobres\u201d. (Max Nunes)<\/p>\n<p><strong><u>NO FACEBOOK:\u00a0<\/u><\/strong> O fot\u00f3grafo Roberto Higa, de Campo Grande, publicando fotos de sua autoria estampadas na reportagem da revista Realidade sobre Lauc\u00eddio Coelho (o maior fazendeiro do mundo). Na \u00e9poca ele possu\u00eda 870 mil hectares de terras, 5 avi\u00f5es, 30 pistas de pouso, e um imp\u00e9rio com frigor\u00edfico, banco, hotel, cer\u00e2mica, reflorestadora, mais de 200 mil reses bovinas, empregando mais de mil funcion\u00e1rios. Outros tempos.<\/p>\n<p><strong><u>Ponto final: \u00a0<\/u><\/strong><\/p>\n<p>\u201cComo s\u00e3o admir\u00e1veis as pessoas que n\u00e3o conhecemos direito.\u201d (Mattos)<\/p>\n","protected":false},"excerpt":{"rendered":"<p>ELEI\u00c7\u00d5ES 2022: \u00c0s v\u00e9speras da nossa campanha, marqueteiros j\u00e1 estudam f\u00f3rmulas e recursos tecnol\u00f3gicos para tornar os candidatos objetos de desejo atrav\u00e9s do r\u00e1dio, redes sociais e TV. Os postulantes t\u00eam consci\u00eancia (presume-se) do diferencial desta campanha e da import\u00e2ncia da embalagem do \u2018\u00b4produto\u2019 a ser oferecido ao eleitor. Mas tamb\u00e9m na pol\u00edtica \u2018nem tudo [&hellip;]<\/p>\n","protected":false},"author":5,"featured_media":172463,"comment_status":"closed","ping_status":"closed","sticky":false,"template":"","format":"standard","meta":{"footnotes":""},"categories":[37],"tags":[],"class_list":["post-202114","post","type-post","status-publish","format-standard","has-post-thumbnail","hentry","category-politica"],"_links":{"self":[{"href":"https:\/\/www.ocorreionews.com.br\/acervo-correio\/index.php?rest_route=\/wp\/v2\/posts\/202114","targetHints":{"allow":["GET"]}}],"collection":[{"href":"https:\/\/www.ocorreionews.com.br\/acervo-correio\/index.php?rest_route=\/wp\/v2\/posts"}],"about":[{"href":"https:\/\/www.ocorreionews.com.br\/acervo-correio\/index.php?rest_route=\/wp\/v2\/types\/post"}],"author":[{"embeddable":true,"href":"https:\/\/www.ocorreionews.com.br\/acervo-correio\/index.php?rest_route=\/wp\/v2\/users\/5"}],"replies":[{"embeddable":true,"href":"https:\/\/www.ocorreionews.com.br\/acervo-correio\/index.php?rest_route=%2Fwp%2Fv2%2Fcomments&post=202114"}],"version-history":[{"count":1,"href":"https:\/\/www.ocorreionews.com.br\/acervo-correio\/index.php?rest_route=\/wp\/v2\/posts\/202114\/revisions"}],"predecessor-version":[{"id":202115,"href":"https:\/\/www.ocorreionews.com.br\/acervo-correio\/index.php?rest_route=\/wp\/v2\/posts\/202114\/revisions\/202115"}],"wp:featuredmedia":[{"embeddable":true,"href":"https:\/\/www.ocorreionews.com.br\/acervo-correio\/index.php?rest_route=\/wp\/v2\/media\/172463"}],"wp:attachment":[{"href":"https:\/\/www.ocorreionews.com.br\/acervo-correio\/index.php?rest_route=%2Fwp%2Fv2%2Fmedia&parent=202114"}],"wp:term":[{"taxonomy":"category","embeddable":true,"href":"https:\/\/www.ocorreionews.com.br\/acervo-correio\/index.php?rest_route=%2Fwp%2Fv2%2Fcategories&post=202114"},{"taxonomy":"post_tag","embeddable":true,"href":"https:\/\/www.ocorreionews.com.br\/acervo-correio\/index.php?rest_route=%2Fwp%2Fv2%2Ftags&post=202114"}],"curies":[{"name":"wp","href":"https:\/\/api.w.org\/{rel}","templated":true}]}}