{"id":202116,"date":"2022-03-25T14:31:41","date_gmt":"2022-03-25T18:31:41","guid":{"rendered":"https:\/\/www.ocorreionews.com.br\/acervo-correio\/?p=202116"},"modified":"2022-03-25T14:40:15","modified_gmt":"2022-03-25T18:40:15","slug":"pauta-para-a-sessao-ordinaria-da-proxima-segunda-feira-33","status":"publish","type":"post","link":"https:\/\/www.ocorreionews.com.br\/acervo-correio\/?p=202116","title":{"rendered":"Pauta para a Sess\u00e3o Ordin\u00e1ria da pr\u00f3xima segunda-feira"},"content":{"rendered":"<p align=\"center\"><strong><u>PAUTA PARA A 1363\u00aa SESS\u00c3O ORDIN\u00c1RIA,<\/u><\/strong><\/p>\n<p align=\"center\"><strong><u>DA 2\u00aa<\/u><\/strong>\u00a0<strong><u>SESS\u00c3O<\/u><\/strong>\u00a0<strong><u>LEGISLATIVA,<\/u><\/strong><\/p>\n<p align=\"center\"><strong><u>DA 9\u00aa LEGISLATURA, A REALIZAR-SE<\/u><\/strong><\/p>\n<p align=\"center\"><strong><u>NO DIA 28\/03\/2022 \u2013 SEGUNDA -FEIRA<\/u><\/strong><\/p>\n<p align=\"center\"><strong><u>\u00c0s 19h <\/u><\/strong><\/p>\n<p align=\"center\"><strong><u>EXPEDIENTE DE VEREADORES<\/u><\/strong><\/p>\n<p>&nbsp;<\/p>\n<p><strong>Projeto de Lei n\u00ba 58, de 24 de mar\u00e7o 2022. VEREADOR MIKA<\/strong><\/p>\n<p><em>\u201c<\/em>Institui a Semana do Campo Limpo, no Calend\u00e1rio Oficial de Comemora\u00e7\u00f5es do Munic\u00edpio de Chapad\u00e3o do Sul -MS, e d\u00e1 outras provid\u00eancias\u201d.<\/p>\n<p>&nbsp;<\/p>\n<p><strong>Requerimento n\u00ba 58\/2022 Vereador Marcelo da Costa<\/strong><\/p>\n<p>REQUER-SE \u00e0 Mesa, com observ\u00e2ncia nas disposi\u00e7\u00f5es regimentais, o envio de Expediente ao Prefeito Municipal, Jo\u00e3o Carlos Krug, com c\u00f3pia a Secret\u00e1ria de Administra\u00e7\u00e3o, Raquel Tortelli e a Secret\u00e1ria de Sa\u00fade, Val\u00e9ria Lopes dos Santos, solicitando que seja explicado a este Vereador, porque existe uma diferen\u00e7a entre o valor de Adicional Insalubridade pago aos servidores da \u00e1rea da limpeza que trabalham na Rodovi\u00e1ria do Munic\u00edpio e as que trabalham na lavanderia e cozinha do Hospital Municipal.<\/p>\n<p>&nbsp;<\/p>\n<p><strong>Requerimento n\u00ba 59\/2022 Vereador Marcelo da Costa<\/strong><\/p>\n<p>REQUER-SE \u00e0 Mesa, com observ\u00e2ncia nas disposi\u00e7\u00f5es regimentais, o envio de Expediente ao Prefeito Municipal, Jo\u00e3o Carlos Krug, com c\u00f3pia a Secret\u00e1ria de Administra\u00e7\u00e3o, Raquel Tortelli e a Secret\u00e1ria de Sa\u00fade, Val\u00e9ria Lopes dos Santos, solicitando que seja informado a este Vereador o motivo pelo qual est\u00e1 sendo negado o pagamento de adicional de fun\u00e7\u00e3o aos servidores da sa\u00fade de Chapad\u00e3o do Sul, aprovados no \u00faltimo concurso p\u00fablico de provas e t\u00edtulos, homologado em 21 de julho de 2020 e convocados a partir de 30 de julho de 2020.<\/p>\n<p>&nbsp;<\/p>\n<p><strong>Requerimento n\u00ba 60\/2022 Vereador Mika<\/strong><\/p>\n<p>REQUER-SE \u00e0 Mesa, com observ\u00e2ncia nas disposi\u00e7\u00f5es regimentais, o envio de Expediente ao Prefeito Municipal, Jo\u00e3o Carlos Krug, para que por meio do setor competente informe a este Vereador, quantos apartamentos do condom\u00ednio Residencial Planalto est\u00e3o ocupados, e se j\u00e1 existe uma lista de espera para ocupa\u00e7\u00e3o dos apartamentos vagos.<\/p>\n<p>&nbsp;<\/p>\n<p><strong>Indica\u00e7\u00e3o n. 434\/2022 Vereador Tucano<\/strong><\/p>\n<p>INDICA-SE, com observ\u00e2ncia nas disposi\u00e7\u00f5es regimentais, o envio de expediente ao Senador, Nelsinho Trad, solicitando a destina\u00e7\u00e3o de Recurso Financeiro Or\u00e7ament\u00e1rio (Emenda Parlamentar), para a aquisi\u00e7\u00e3o de um Aparelho de Mamografia Digital para nosso Munic\u00edpio.<\/p>\n<p>&nbsp;<\/p>\n<p><strong>Indica\u00e7\u00e3o n. 435\/2022 Vereadora Prof.\u00aa Almira<\/strong><\/p>\n<p>INDICA-SE, com observ\u00e2ncia nas disposi\u00e7\u00f5es regimentais, o envio de expediente ao Prefeito Municipal Jo\u00e3o Carlos Krug, solicitando que seja efetivado o piso salarial de dois sal\u00e1rios m\u00ednimos, R$ 2.424,00 (Dois mil quatrocentos e vinte e quatro reais), para agentes comunit\u00e1rios de sa\u00fade e de combate \u00e0s endemias. Em conformidade com a PEC, aprovada no Congresso Nacional, no dia 23 de mar\u00e7o do corrente.<\/p>\n<p>&nbsp;<\/p>\n<p><strong>Indica\u00e7\u00e3o n. 436\/2022 Vereador Alirio Bacca<\/strong><\/p>\n<p>INDICA-SE, com observ\u00e2ncia nas disposi\u00e7\u00f5es regimentais, o envio de expediente ao Prefeito Municipal, Jo\u00e3o Carlos Krug, com c\u00f3pia ao Secret\u00e1rio de Obras, Transportes e Servi\u00e7os P\u00fablicos, Ivanor Zorzo, solicitando que o embarque e desembarque dos estudantes da Escola Municipal \u00c9rico Ver\u00edssimo, passe para a Rua Presidente Costa e Silva e n\u00e3o mais seja efetuado nas Avenidas Goi\u00e1s e Paran\u00e1. Solicito ainda, algumas benfeitorias para que essa mudan\u00e7a aconte\u00e7a de forma eficiente, s\u00e3o elas: A abertura de um port\u00e3o\u00a0voltado para a referida rua e a constru\u00e7\u00e3o de uma passarela coberta que ligue a escola at\u00e9 a o t\u00e9rmino da cal\u00e7ada, visando abrigar do sol e chuva, os alunos e monitores.<\/p>\n<p>&nbsp;<\/p>\n<p><strong>Indica\u00e7\u00e3o n. 437\/2022 Vereadora Alline Tontini<\/strong><\/p>\n<p>INDICA-SE, com observ\u00e2ncia nas disposi\u00e7\u00f5es regimentais, o envio de expediente ao Prefeito Municipal, Jo\u00e3o Carlos Krug, solicitando a implanta\u00e7\u00e3o de mecanismos de acesso \u00e0 internet Wi-Fi P\u00fablico, em todas as pra\u00e7as de nossa cidade.<\/p>\n<p>&nbsp;<\/p>\n<p><strong>Indica\u00e7\u00e3o n. 438\/2022 Vereadora Prof.\u00aa Almira<\/strong><\/p>\n<p>INDICA-SE, com observ\u00e2ncia nas disposi\u00e7\u00f5es regimentais, o envio de expediente ao Prefeito Municipal, Jo\u00e3o Carlos Krug, com c\u00f3pia ao Diretor do DEMUTRAN, Pedro Lopes, solicitando a instala\u00e7\u00e3o de Placa de Sinaliza\u00e7\u00e3o, informando o t\u00e9rmino da Avenida das Gar\u00e7as.<\/p>\n<p>&nbsp;<\/p>\n<p><strong>Indica\u00e7\u00e3o n. 439\/2022 Vereador Emerson Sapo<\/strong><\/p>\n<p>INDICA-SE, com observ\u00e2ncia nas disposi\u00e7\u00f5es regimentais, o envio de expediente ao Prefeito Municipal, Jo\u00e3o Carlos Krug, com c\u00f3pia ao Secret\u00e1rio do SEDEMA, Jos\u00e9 Teixeira J\u00fanior, solicitando que sejam feitas algumas melhorias na \u00e1rea verde, localizada na Rua Vinte e Dois, ao lado do Col\u00e9gio Maper, tais como: A contrata\u00e7\u00e3o de um vigia para o local, instala\u00e7\u00e3o de ilumina\u00e7\u00e3o e uma quadra de areia.<\/p>\n<p>&nbsp;<\/p>\n<p><strong>Indica\u00e7\u00e3o n. 440\/2022 Vereador Vanderson Cardoso<\/strong><\/p>\n<p>INDICA-SE, com observ\u00e2ncia nas disposi\u00e7\u00f5es regimentais, o envio de expediente ao Prefeito Municipal, Jo\u00e3o Carlos Krug, com c\u00f3pia ao Secret\u00e1rio de Obras transportes e Servi\u00e7os P\u00fablicos, Ivanor Zorzo, solicitando a constru\u00e7\u00e3o de banheiros na Pra\u00e7a Asa Branca, no Bairro Esplanada.<\/p>\n<p>&nbsp;<\/p>\n<p><strong>Indica\u00e7\u00e3o n. 441\/2022 Vereador Vanderson Cardoso<\/strong><\/p>\n<p>INDICA-SE, com observ\u00e2ncia nas disposi\u00e7\u00f5es regimentais, o envio de expediente ao Prefeito Municipal, Jo\u00e3o Carlos Krug, com c\u00f3pia ao Secret\u00e1rio de Obras, Transportes e Servi\u00e7os P\u00fablicos, Ivanor Zorzo, solicitando que seja feita a continuidade da Ciclovia da Avenida Goi\u00e1s, mas especificamente entre a Avenida Mato Grosso do Sul e a Rua das Violetas.<\/p>\n<p>&nbsp;<\/p>\n<p><strong>Indica\u00e7\u00e3o n. 442\/2022 Vereador Vanderson Cardoso<\/strong><\/p>\n<p>INDICA-SE, com observ\u00e2ncia nas disposi\u00e7\u00f5es regimentais, o envio de expediente ao Prefeito Municipal, Jo\u00e3o Carlos Krug, com c\u00f3pia ao Secret\u00e1rio de Obras, Transportes e Servi\u00e7os P\u00fablicos, Ivanor Zorzo e ao Diretor do DEMUTRAN, Pedro Lopes, solicitando que seja efetuado o trabalho de Sinaliza\u00e7\u00e3o Horizontal nos Bairros Esplanada 4 e 5.<\/p>\n<p>&nbsp;<\/p>\n<p><strong>Indica\u00e7\u00e3o n. 443\/2022 Vereador Andr\u00e9 dos Anjos<\/strong><\/p>\n<p>INDICA-SE, com observ\u00e2ncia nas disposi\u00e7\u00f5es regimentais, o envio de expediente ao Prefeito Municipal, Jo\u00e3o Carlos Krug, com c\u00f3pia ao Secret\u00e1rio de Educa\u00e7\u00e3o e Cultura, Guerino Perius, solicitando que promovam um projeto de reforma para a Biblioteca Municipal, transformando-a em digital atendendo a tend\u00eancia tecnol\u00f3gica. Solicito ainda, que sejam feitos investimentos em novos acervos e qualifica\u00e7\u00e3o dos funcion\u00e1rios.<\/p>\n<p>&nbsp;<\/p>\n<p><strong>Indica\u00e7\u00e3o n. 444\/2022 Vereador Andr\u00e9 dos Anjos<\/strong><\/p>\n<p>INDICA-SE, com observ\u00e2ncia nas disposi\u00e7\u00f5es regimentais, o envio de expediente ao Prefeito Municipal, Jo\u00e3o Carlos Krug, com c\u00f3pia ao Secret\u00e1rio de Educa\u00e7\u00e3o e Cultura, Guerino Perius, solicitando a constru\u00e7\u00e3o de um espa\u00e7o, teatro municipal, para ampliar o acesso \u00e0 dispositivos de cultura. E que no mesmo local possa ser anexado um espa\u00e7o reservado \u00e0 hist\u00f3ria de Chapad\u00e3o do Sul, atrav\u00e9s de suas fam\u00edlias pioneiras, pessoas e entidades que de alguma maneira ajudaram a construir a hist\u00f3ria de sucesso do Munic\u00edpio. Refor\u00e7ando Indica\u00e7\u00e3o n\u00ba 189\/2021, de autoria deste Vereador.<\/p>\n<p>&nbsp;<\/p>\n<p><strong>Indica\u00e7\u00e3o n. 445\/2022 Vereador Vanderson Cardoso<\/strong><\/p>\n<p>INDICA-SE, com observ\u00e2ncia nas disposi\u00e7\u00f5es regimentais, o envio de expediente ao Prefeito Municipal, Jo\u00e3o Carlos Krug, com c\u00f3pia ao Secret\u00e1rio de Obras, Transportes e Servi\u00e7os P\u00fablicos, Ivanor Zorzo, solicitando a revitaliza\u00e7\u00e3o e a constru\u00e7\u00e3o de mais salas no <strong>CAPS Centro de Aten\u00e7\u00e3o Psicossocial<\/strong>, seguindo assim as normas t\u00e9cnicas exigidas pelo Minist\u00e9rio da Sa\u00fade, considerando que a estrutura existente n\u00e3o est\u00e1 sendo suficiente para atender a demanda do Munic\u00edpio.<\/p>\n<p>&nbsp;<\/p>\n<p><strong>Indica\u00e7\u00e3o n. 446\/2022 Vereador Marcelo da Costa<\/strong><\/p>\n<p>INDICA-SE, com observ\u00e2ncia nas disposi\u00e7\u00f5es regimentais, o envio de expediente ao Prefeito Municipal, Jo\u00e3o Carlos Krug, com c\u00f3pia ao Secret\u00e1rio de Obras, Transportes e Servi\u00e7os P\u00fablicos, Ivanor Zorzo, solicitando algumas benfeitorias, para as depend\u00eancias do Vel\u00f3rio Municipal, tais como: coloca\u00e7\u00e3o de bancos na parte externa, pintura e reparos necess\u00e1rios, coloca\u00e7\u00e3o de mais ares condicionados e ainda, constru\u00e7\u00e3o de mais salas. Refor\u00e7ando a Indica\u00e7\u00e3o de n\u00ba 262 \/ 2021, de autoria deste Vereador.<\/p>\n<p>&nbsp;<\/p>\n<p><strong>Indica\u00e7\u00e3o n. 447\/2022 Vereador Marcelo da Costa<\/strong><\/p>\n<p>INDICA-SE, com observ\u00e2ncia nas disposi\u00e7\u00f5es regimentais, o envio de expediente ao Prefeito Municipal, Jo\u00e3o Carlos Krug, com c\u00f3pia a Secret\u00e1ria de Sa\u00fade, Val\u00e9ria Lopes dos Santos, solicitando a disponibiliza\u00e7\u00e3o de atendimento peri\u00f3dico de odontopediatra em todos os Centros de Educa\u00e7\u00e3o Infantil de nosso munic\u00edpio. Refor\u00e7ando a Indica\u00e7\u00e3o de n\u00ba 283\/2021 deste Vereador.<\/p>\n<p>&nbsp;<\/p>\n<p><strong><u>MENSAGEM DO EXECUTIVO<\/u><\/strong><\/p>\n<p>&#8211; Mensagem n\u00ba 004\/2022, encaminha <strong>Projeto de Lei Complementar n\u00ba 09<\/strong>, de autoria do Executivo que: \u201cALTERA A REDA\u00c7\u00c3O DA LEI COMPLEMENTAR N\u00ba 106, DE 18 DE DEZEMBRO DE 2019, E DA LEI COMPLEMENTAR N\u00ba 084, DE 16 DE NOVEMBRO DE 2015, QUE DISP\u00d5E SOBRE O ZONEAMENTO, USO E OCUPA\u00c7\u00c3O DO SOLO URBANO NO MUNIC\u00cdPIO DE CHAPAD\u00c3O DO SUL, E D\u00c1 OUTRAS PROVID\u00caNCIAS\u201d.<\/p>\n<p>&#8211; Mensagem n\u00ba 005\/2022, encaminha <strong>Projeto de Lei n\u00ba 59<\/strong>, de autoria do Executivo que: \u201cALTERA A REDA\u00c7\u00c3O DA LEI N\u00ba 1.269, DE 18 DE JUNHO DE 2021, E D\u00c1 OUTRAS PROVID\u00caNCIAS\u201d.<\/p>\n<p>&#8211; Mensagem n\u00ba 006\/2022, encaminha <strong>Projeto de Lei n\u00ba 60<\/strong>, de autoria do Executivo que: \u201cALTERA A REDA\u00c7\u00c3O DA LEI N\u00ba 1.289\/2021 E D\u00c1 OUTRAS PROVID\u00caNCIAS\u201d.<\/p>\n<p>&#8211; Mensagem n\u00ba 007\/2022, encaminha <strong>Projeto de Lei n\u00ba 61<\/strong>, de autoria do Executivo que: \u201cCONCEDE AUX\u00cdLIO FINANCEIRO \u00c0 SERC \u2013 SOCIEDADE ESPORTIVA RECREATIVA CHAPAD\u00c3O E D\u00c1 OUTRAS PROVID\u00caNCIAS\u201d.<\/p>\n<p align=\"center\"><strong><u>ORDEM DO DIA<\/u><\/strong><\/p>\n<p>&nbsp;<\/p>\n<p>PROJETO DE RESOLU\u00c7\u00c3o N\u00ba 02, de 14 DE Mar\u00e7o de 2022. Vereador Andr\u00e9 dos Anjos<\/p>\n<p>\u201cAltera reda\u00e7\u00e3o da Resolu\u00e7\u00e3o n\u00ba 122, de 17 de agosto de 2015, e d\u00e1 outras provid\u00eancias\u201d.<\/p>\n<p>&nbsp;<\/p>\n<p>PROJETO DE LEI N\u00ba 57, DE 14 DE MAR\u00c7O 2022. Vereador Andr\u00e9 dos Anjos<\/p>\n<p>\u201cAltera reda\u00e7\u00e3o da Lei 833, de 25 de Abril de 2011 e d\u00e1 outras provid\u00eancias\u201d.<\/p>\n<p>&nbsp;<\/p>\n<p align=\"center\"><strong>SECRETARIA DAS SESS\u00d5ES, 25 DE MAR\u00c7O DE 2022.<\/strong><\/p>\n<p align=\"center\">Jacqueline C. Tomiazzi Belotti,<\/p>\n<p align=\"center\">Coordenadora de Atividades Legislativa.<\/p>\n","protected":false},"excerpt":{"rendered":"<p>PAUTA PARA A 1363\u00aa SESS\u00c3O ORDIN\u00c1RIA, DA 2\u00aa\u00a0SESS\u00c3O\u00a0LEGISLATIVA, DA 9\u00aa LEGISLATURA, A REALIZAR-SE NO DIA 28\/03\/2022 \u2013 SEGUNDA -FEIRA \u00c0s 19h EXPEDIENTE DE VEREADORES &nbsp; Projeto de Lei n\u00ba 58, de 24 de mar\u00e7o 2022. VEREADOR MIKA \u201cInstitui a Semana do Campo Limpo, no Calend\u00e1rio Oficial de Comemora\u00e7\u00f5es do Munic\u00edpio de Chapad\u00e3o do Sul -MS, [&hellip;]<\/p>\n","protected":false},"author":5,"featured_media":197598,"comment_status":"closed","ping_status":"closed","sticky":false,"template":"","format":"standard","meta":{"footnotes":""},"categories":[20,23,41],"tags":[],"class_list":["post-202116","post","type-post","status-publish","format-standard","has-post-thumbnail","hentry","category-camara-municipal","category-chapadao-do-sul","category-destaque"],"_links":{"self":[{"href":"https:\/\/www.ocorreionews.com.br\/acervo-correio\/index.php?rest_route=\/wp\/v2\/posts\/202116","targetHints":{"allow":["GET"]}}],"collection":[{"href":"https:\/\/www.ocorreionews.com.br\/acervo-correio\/index.php?rest_route=\/wp\/v2\/posts"}],"about":[{"href":"https:\/\/www.ocorreionews.com.br\/acervo-correio\/index.php?rest_route=\/wp\/v2\/types\/post"}],"author":[{"embeddable":true,"href":"https:\/\/www.ocorreionews.com.br\/acervo-correio\/index.php?rest_route=\/wp\/v2\/users\/5"}],"replies":[{"embeddable":true,"href":"https:\/\/www.ocorreionews.com.br\/acervo-correio\/index.php?rest_route=%2Fwp%2Fv2%2Fcomments&post=202116"}],"version-history":[{"count":1,"href":"https:\/\/www.ocorreionews.com.br\/acervo-correio\/index.php?rest_route=\/wp\/v2\/posts\/202116\/revisions"}],"predecessor-version":[{"id":202121,"href":"https:\/\/www.ocorreionews.com.br\/acervo-correio\/index.php?rest_route=\/wp\/v2\/posts\/202116\/revisions\/202121"}],"wp:featuredmedia":[{"embeddable":true,"href":"https:\/\/www.ocorreionews.com.br\/acervo-correio\/index.php?rest_route=\/wp\/v2\/media\/197598"}],"wp:attachment":[{"href":"https:\/\/www.ocorreionews.com.br\/acervo-correio\/index.php?rest_route=%2Fwp%2Fv2%2Fmedia&parent=202116"}],"wp:term":[{"taxonomy":"category","embeddable":true,"href":"https:\/\/www.ocorreionews.com.br\/acervo-correio\/index.php?rest_route=%2Fwp%2Fv2%2Fcategories&post=202116"},{"taxonomy":"post_tag","embeddable":true,"href":"https:\/\/www.ocorreionews.com.br\/acervo-correio\/index.php?rest_route=%2Fwp%2Fv2%2Ftags&post=202116"}],"curies":[{"name":"wp","href":"https:\/\/api.w.org\/{rel}","templated":true}]}}