{"id":202137,"date":"2022-03-26T08:09:50","date_gmt":"2022-03-26T12:09:50","guid":{"rendered":"https:\/\/www.ocorreionews.com.br\/acervo-correio\/?p=202137"},"modified":"2022-03-26T08:09:50","modified_gmt":"2022-03-26T12:09:50","slug":"paulo-correa-pede-a-tereza-cristina-repasse-de-r-500-mil-a-maternidade-candido-mariano","status":"publish","type":"post","link":"https:\/\/www.ocorreionews.com.br\/acervo-correio\/?p=202137","title":{"rendered":"Paulo Corr\u00eaa pede \u00e0 Tereza Cristina repasse de R$ 500 mil \u00e0 Maternidade C\u00e2ndido Mariano"},"content":{"rendered":"<div>Ao longo de sua atua\u00e7\u00e3o parlamentar, a Sa\u00fade sempre foi uma das \u00e1reas priorit\u00e1rias para o deputado estadual Paulo Corr\u00eaa (PSDB), que apadrinha, inclusive, uma ONG que presta atendimentos preventivos contra c\u00e2ncer de mama e pr\u00f3stata, o Grupo On\u00e7a Pintada (GOP).<\/div>\n<div><\/div>\n<div>Refor\u00e7ando seu compromisso de apoiar n\u00e3o s\u00f3 a sa\u00fade p\u00fablica, mas tamb\u00e9m entidades filantr\u00f3picas que prestem relevantes servi\u00e7os \u00e0 popula\u00e7\u00e3o sul-mato-grossense, o presidente da Assembleia Legislativa articula junto \u00e0 deputada federal licenciada, Tereza Cristina, o repasse de R$ 500 mil \u00e0 Maternidade C\u00e2ndido Mariano, refer\u00eancia nacional em ginecologia obstetr\u00edcia e UTI Neonatal.<\/div>\n<div><\/div>\n<div>\u201cRecentemente, a Associa\u00e7\u00e3o de Amparo \u00e0 Maternidade e \u00e0 Inf\u00e2ncia renovou sua dire\u00e7\u00e3o\/administra\u00e7\u00e3o e tem necessitado de aten\u00e7\u00e3o e apoio do poder p\u00fablico, em especial, com aporte de recursos para fazer frente a todo o atendimento e servi\u00e7os oferecidos \u00e0 popula\u00e7\u00e3o de Campo Grande\u201d, argumentou.<\/div>\n<div><\/div>\n<div>Fonte:Assessoria Parlamentar<\/div>\n","protected":false},"excerpt":{"rendered":"<p>Ao longo de sua atua\u00e7\u00e3o parlamentar, a Sa\u00fade sempre foi uma das \u00e1reas priorit\u00e1rias para o deputado estadual Paulo Corr\u00eaa (PSDB), que apadrinha, inclusive, uma ONG que presta atendimentos preventivos contra c\u00e2ncer de mama e pr\u00f3stata, o Grupo On\u00e7a Pintada (GOP). Refor\u00e7ando seu compromisso de apoiar n\u00e3o s\u00f3 a sa\u00fade p\u00fablica, mas tamb\u00e9m entidades filantr\u00f3picas [&hellip;]<\/p>\n","protected":false},"author":4,"featured_media":202138,"comment_status":"closed","ping_status":"closed","sticky":false,"template":"","format":"standard","meta":{"footnotes":""},"categories":[37],"tags":[],"class_list":["post-202137","post","type-post","status-publish","format-standard","has-post-thumbnail","hentry","category-politica"],"_links":{"self":[{"href":"https:\/\/www.ocorreionews.com.br\/acervo-correio\/index.php?rest_route=\/wp\/v2\/posts\/202137","targetHints":{"allow":["GET"]}}],"collection":[{"href":"https:\/\/www.ocorreionews.com.br\/acervo-correio\/index.php?rest_route=\/wp\/v2\/posts"}],"about":[{"href":"https:\/\/www.ocorreionews.com.br\/acervo-correio\/index.php?rest_route=\/wp\/v2\/types\/post"}],"author":[{"embeddable":true,"href":"https:\/\/www.ocorreionews.com.br\/acervo-correio\/index.php?rest_route=\/wp\/v2\/users\/4"}],"replies":[{"embeddable":true,"href":"https:\/\/www.ocorreionews.com.br\/acervo-correio\/index.php?rest_route=%2Fwp%2Fv2%2Fcomments&post=202137"}],"version-history":[{"count":1,"href":"https:\/\/www.ocorreionews.com.br\/acervo-correio\/index.php?rest_route=\/wp\/v2\/posts\/202137\/revisions"}],"predecessor-version":[{"id":202139,"href":"https:\/\/www.ocorreionews.com.br\/acervo-correio\/index.php?rest_route=\/wp\/v2\/posts\/202137\/revisions\/202139"}],"wp:featuredmedia":[{"embeddable":true,"href":"https:\/\/www.ocorreionews.com.br\/acervo-correio\/index.php?rest_route=\/wp\/v2\/media\/202138"}],"wp:attachment":[{"href":"https:\/\/www.ocorreionews.com.br\/acervo-correio\/index.php?rest_route=%2Fwp%2Fv2%2Fmedia&parent=202137"}],"wp:term":[{"taxonomy":"category","embeddable":true,"href":"https:\/\/www.ocorreionews.com.br\/acervo-correio\/index.php?rest_route=%2Fwp%2Fv2%2Fcategories&post=202137"},{"taxonomy":"post_tag","embeddable":true,"href":"https:\/\/www.ocorreionews.com.br\/acervo-correio\/index.php?rest_route=%2Fwp%2Fv2%2Ftags&post=202137"}],"curies":[{"name":"wp","href":"https:\/\/api.w.org\/{rel}","templated":true}]}}