{"id":202143,"date":"2022-03-26T09:12:07","date_gmt":"2022-03-26T13:12:07","guid":{"rendered":"https:\/\/www.ocorreionews.com.br\/acervo-correio\/?p=202143"},"modified":"2022-03-26T09:12:07","modified_gmt":"2022-03-26T13:12:07","slug":"pai-pede-investigacao-da-morte-da-miss-de-16-anos-em-goias","status":"publish","type":"post","link":"https:\/\/www.ocorreionews.com.br\/acervo-correio\/?p=202143","title":{"rendered":"Pai pede investiga\u00e7\u00e3o da morte da Miss de 16 anos em Goi\u00e1s"},"content":{"rendered":"<div class=\"cxmmr5t8 oygrvhab hcukyx3x c1et5uql o9v6fnle ii04i59q\">\n<div dir=\"auto\">Arrasada com a morte da adolescente Ingrid Silva T\u00e1vora, de 16 anos, a fam\u00edlia pede uma investiga\u00e7\u00e3o que esclare\u00e7a o que aconteceu. Pai dela, o enfermeiro socorrista aposentado Jos\u00e9 Valdenir T\u00e1vora n\u00e3o se conforma e lembra da filha como uma pessoa muito querida por toda a cidade de Cezarina, no sul goiano, onde ela ganhou concurso de miss em 2019.<\/div>\n<\/div>\n<div dir=\"auto\"><\/div>\n<div dir=\"auto\"><\/div>\n<div class=\"cxmmr5t8 oygrvhab hcukyx3x c1et5uql o9v6fnle ii04i59q\">\n<div dir=\"auto\">\u201cTodo mundo est\u00e1 arrasado, em choque. Todo mundo triste. Ela tinha um futuro pela frente, ela ia terminar o col\u00e9gio, ia fazer direito. Minha filha \u00e9 modelo, n\u00e3o \u00e9 s\u00f3 miss. Fez curso, fotografou em Goi\u00e2nia, Palmeiras\u201d, lembrou-se.<\/div>\n<\/div>\n<div dir=\"auto\"><\/div>\n<div dir=\"auto\"><img loading=\"lazy\" decoding=\"async\" class=\"alignnone size-medium wp-image-5708\" src=\"https:\/\/www.chapadaodoceunews.com.br\/wp-content\/uploads\/2022\/03\/miss-cezarina-287x300.jpg\" sizes=\"auto, (max-width: 287px) 100vw, 287px\" srcset=\"https:\/\/www.chapadaodoceunews.com.br\/wp-content\/uploads\/2022\/03\/miss-cezarina-287x300.jpg 287w, https:\/\/www.chapadaodoceunews.com.br\/wp-content\/uploads\/2022\/03\/miss-cezarina.jpg 573w\" alt=\"\" width=\"287\" height=\"300\" \/><\/div>\n<div class=\"cxmmr5t8 oygrvhab hcukyx3x c1et5uql o9v6fnle ii04i59q\">\n<div dir=\"auto\">Ingrid morreu no \u00faltimo dia 16 de mar\u00e7o, \u00e0s 20h50. De acordo com a Pol\u00edcia T\u00e9cnico-Cient\u00edfica, o corpo foi examinado no dia seguinte, mas at\u00e9 a tarde desta sexta-deira (25), os laudos n\u00e3o haviam ficado prontos.<\/div>\n<\/div>\n<div dir=\"auto\"><\/div>\n<div dir=\"auto\"><\/div>\n<div class=\"cxmmr5t8 oygrvhab hcukyx3x c1et5uql o9v6fnle ii04i59q\">\n<div dir=\"auto\">A Secretaria de Estado da Educa\u00e7\u00e3o (Seduc) informou ao g1, por telefone, que a adolescente teve um infarto. Contudo, de acordo com informa\u00e7\u00f5es da Pol\u00edcia T\u00e9cnico-Cient\u00edfica, os laudos que est\u00e3o sendo feitos \u00e9 que podem indicar circunst\u00e2ncias externas ou internas para a morte de Ingrid.<\/div>\n<\/div>\n<div dir=\"auto\"><\/div>\n<div dir=\"auto\"><\/div>\n<div class=\"cxmmr5t8 oygrvhab hcukyx3x c1et5uql o9v6fnle ii04i59q\">\n<div dir=\"auto\">A Pol\u00edcia Civil j\u00e1 havia informado que est\u00e1 investigando o caso. Questionada pelo g1 nesta sexta-feira, a corpora\u00e7\u00e3o informou que n\u00e3o tinha novidades para divulgar e que o delegado respons\u00e1vel n\u00e3o ir\u00e1 falar a respeito da situa\u00e7\u00e3o at\u00e9 que haja \u201cresultado dos laudos periciais para pr\u00f3ximas dilig\u00eancias e oitivas\u201d.<\/div>\n<\/div>\n<div dir=\"auto\"><\/div>\n<div dir=\"auto\"><\/div>\n<div class=\"cxmmr5t8 oygrvhab hcukyx3x c1et5uql o9v6fnle ii04i59q\">\n<div dir=\"auto\">A reportagem tentou falar no Hospital Municipal de Cezarina, entre 17h e 17h20 desta sexta-feira, para onde ela foi levada no dia em que morreu, mas as liga\u00e7\u00f5es n\u00e3o foram completadas.<\/div>\n<\/div>\n<div class=\"cxmmr5t8 oygrvhab hcukyx3x c1et5uql o9v6fnle ii04i59q\">\n<div dir=\"auto\">Dia da morte.<\/div>\n<\/div>\n<div dir=\"auto\"><\/div>\n<div dir=\"auto\"><\/div>\n<div class=\"cxmmr5t8 oygrvhab hcukyx3x c1et5uql o9v6fnle ii04i59q\">\n<div dir=\"auto\">Pai de Ingrid, Jos\u00e9 contou que todos que conhecem a fam\u00edlia est\u00e3o de luto pela morte da filha. Segundo ele, a adolescente era modelo e namorava h\u00e1 cerca de dois meses com um rapaz.<\/div>\n<\/div>\n<div dir=\"auto\"><\/div>\n<div dir=\"auto\"><\/div>\n<div class=\"cxmmr5t8 oygrvhab hcukyx3x c1et5uql o9v6fnle ii04i59q\">\n<div dir=\"auto\">Jos\u00e9 disse que a filha saiu com o namorado ao final da tarde e, cerca de uma hora depois, soube que ela estava desmaiada no hospital. O pai correu para a unidade de sa\u00fade, que fica em frente a sua casa, mas chegando l\u00e1 ouviu do m\u00e9dico que a adolescente j\u00e1 chegara sem vida ao local.<\/div>\n<\/div>\n<div dir=\"auto\"><\/div>\n<div dir=\"auto\"><\/div>\n<div class=\"cxmmr5t8 oygrvhab hcukyx3x c1et5uql o9v6fnle ii04i59q\">\n<div dir=\"auto\">Fonte: G1<\/div>\n<\/div>\n","protected":false},"excerpt":{"rendered":"<p>Arrasada com a morte da adolescente Ingrid Silva T\u00e1vora, de 16 anos, a fam\u00edlia pede uma investiga\u00e7\u00e3o que esclare\u00e7a o que aconteceu. Pai dela, o enfermeiro socorrista aposentado Jos\u00e9 Valdenir T\u00e1vora n\u00e3o se conforma e lembra da filha como uma pessoa muito querida por toda a cidade de Cezarina, no sul goiano, onde ela ganhou [&hellip;]<\/p>\n","protected":false},"author":4,"featured_media":202144,"comment_status":"closed","ping_status":"closed","sticky":false,"template":"","format":"standard","meta":{"footnotes":""},"categories":[38],"tags":[],"class_list":["post-202143","post","type-post","status-publish","format-standard","has-post-thumbnail","hentry","category-policia"],"_links":{"self":[{"href":"https:\/\/www.ocorreionews.com.br\/acervo-correio\/index.php?rest_route=\/wp\/v2\/posts\/202143","targetHints":{"allow":["GET"]}}],"collection":[{"href":"https:\/\/www.ocorreionews.com.br\/acervo-correio\/index.php?rest_route=\/wp\/v2\/posts"}],"about":[{"href":"https:\/\/www.ocorreionews.com.br\/acervo-correio\/index.php?rest_route=\/wp\/v2\/types\/post"}],"author":[{"embeddable":true,"href":"https:\/\/www.ocorreionews.com.br\/acervo-correio\/index.php?rest_route=\/wp\/v2\/users\/4"}],"replies":[{"embeddable":true,"href":"https:\/\/www.ocorreionews.com.br\/acervo-correio\/index.php?rest_route=%2Fwp%2Fv2%2Fcomments&post=202143"}],"version-history":[{"count":1,"href":"https:\/\/www.ocorreionews.com.br\/acervo-correio\/index.php?rest_route=\/wp\/v2\/posts\/202143\/revisions"}],"predecessor-version":[{"id":202146,"href":"https:\/\/www.ocorreionews.com.br\/acervo-correio\/index.php?rest_route=\/wp\/v2\/posts\/202143\/revisions\/202146"}],"wp:featuredmedia":[{"embeddable":true,"href":"https:\/\/www.ocorreionews.com.br\/acervo-correio\/index.php?rest_route=\/wp\/v2\/media\/202144"}],"wp:attachment":[{"href":"https:\/\/www.ocorreionews.com.br\/acervo-correio\/index.php?rest_route=%2Fwp%2Fv2%2Fmedia&parent=202143"}],"wp:term":[{"taxonomy":"category","embeddable":true,"href":"https:\/\/www.ocorreionews.com.br\/acervo-correio\/index.php?rest_route=%2Fwp%2Fv2%2Fcategories&post=202143"},{"taxonomy":"post_tag","embeddable":true,"href":"https:\/\/www.ocorreionews.com.br\/acervo-correio\/index.php?rest_route=%2Fwp%2Fv2%2Ftags&post=202143"}],"curies":[{"name":"wp","href":"https:\/\/api.w.org\/{rel}","templated":true}]}}