{"id":20282,"date":"2016-02-10T10:40:27","date_gmt":"2016-02-10T13:40:27","guid":{"rendered":"https:\/\/ocorreionews.com.br\/?p=20282"},"modified":"2016-02-11T08:38:52","modified_gmt":"2016-02-11T11:38:52","slug":"jovem-e-suspeito-de-atear-fogo-na-casa-da-ex-em-costa-rica","status":"publish","type":"post","link":"https:\/\/www.ocorreionews.com.br\/acervo-correio\/?p=20282","title":{"rendered":"Jovem \u00e9 suspeito de atear fogo na casa da ex em Costa Rica"},"content":{"rendered":"<p>.D.F, de 18 anos, foi apontado como principal suspeito de atear fogo na casa da ex-mulher, na madrugada desta ter\u00e7a-feira (9), em Costa Rica.<\/p>\n<p>Segundo o boletim de ocorr\u00eancia, a v\u00edtima N.S.G, de 20 anos, contou que estava dormindo quando foi acordada por vizinhos informando sobre um inc\u00eandio em sua m\u00e1quina de lavar roupas, que estava encostada na porta dos fundos.<\/p>\n<p>Ao sair, a jovem sentiu um forte cheiro de gasolina e verificou que as chamas j\u00e1 estavam atingindo o forro da casa. Ela conseguiu apagar o inc\u00eandio e acionou a Pol\u00edcia Militar.<\/p>\n<p>A v\u00edtima explicou que foi a uma festa de Carnaval onde encontrou seu ex-marido, que passou a encara-la junto com os irm\u00e3os. Ela disse ainda que n\u00e3o tem inimigos e desconfia apenas do ex ter iniciado o inc\u00eandio.<\/p>\n<p>Os policiais foram at\u00e9 a casa do suspeito, por\u00e9m ele negou os fatos. O jovem foi encaminhado para a Delegacia de Pol\u00edcia Civil para provid\u00eancias cab\u00edveis e o caso foi registrado como inc\u00eandio.<\/p>\n<p>&nbsp;<\/p>\n<p>&nbsp;<\/p>\n<p>Edi\u00e7\u00e3o de Noticias &#8211; Foto MS Noticias<\/p>\n","protected":false},"excerpt":{"rendered":"<p>.D.F, de 18 anos, foi apontado como principal suspeito de atear fogo na casa da ex-mulher, na madrugada desta ter\u00e7a-feira (9), em Costa Rica. Segundo o boletim de ocorr\u00eancia, a v\u00edtima N.S.G, de 20 anos, contou que estava dormindo quando foi acordada por vizinhos informando sobre um inc\u00eandio em sua m\u00e1quina de lavar roupas, que [&hellip;]<\/p>\n","protected":false},"author":4,"featured_media":20335,"comment_status":"closed","ping_status":"closed","sticky":false,"template":"","format":"standard","meta":{"footnotes":""},"categories":[25,38],"tags":[],"class_list":["post-20282","post","type-post","status-publish","format-standard","has-post-thumbnail","hentry","category-costa-rica","category-policia"],"_links":{"self":[{"href":"https:\/\/www.ocorreionews.com.br\/acervo-correio\/index.php?rest_route=\/wp\/v2\/posts\/20282","targetHints":{"allow":["GET"]}}],"collection":[{"href":"https:\/\/www.ocorreionews.com.br\/acervo-correio\/index.php?rest_route=\/wp\/v2\/posts"}],"about":[{"href":"https:\/\/www.ocorreionews.com.br\/acervo-correio\/index.php?rest_route=\/wp\/v2\/types\/post"}],"author":[{"embeddable":true,"href":"https:\/\/www.ocorreionews.com.br\/acervo-correio\/index.php?rest_route=\/wp\/v2\/users\/4"}],"replies":[{"embeddable":true,"href":"https:\/\/www.ocorreionews.com.br\/acervo-correio\/index.php?rest_route=%2Fwp%2Fv2%2Fcomments&post=20282"}],"version-history":[{"count":0,"href":"https:\/\/www.ocorreionews.com.br\/acervo-correio\/index.php?rest_route=\/wp\/v2\/posts\/20282\/revisions"}],"wp:featuredmedia":[{"embeddable":true,"href":"https:\/\/www.ocorreionews.com.br\/acervo-correio\/index.php?rest_route=\/wp\/v2\/media\/20335"}],"wp:attachment":[{"href":"https:\/\/www.ocorreionews.com.br\/acervo-correio\/index.php?rest_route=%2Fwp%2Fv2%2Fmedia&parent=20282"}],"wp:term":[{"taxonomy":"category","embeddable":true,"href":"https:\/\/www.ocorreionews.com.br\/acervo-correio\/index.php?rest_route=%2Fwp%2Fv2%2Fcategories&post=20282"},{"taxonomy":"post_tag","embeddable":true,"href":"https:\/\/www.ocorreionews.com.br\/acervo-correio\/index.php?rest_route=%2Fwp%2Fv2%2Ftags&post=20282"}],"curies":[{"name":"wp","href":"https:\/\/api.w.org\/{rel}","templated":true}]}}