{"id":20284,"date":"2016-02-10T10:45:57","date_gmt":"2016-02-10T13:45:57","guid":{"rendered":"https:\/\/ocorreionews.com.br\/?p=20284"},"modified":"2016-02-10T10:45:57","modified_gmt":"2016-02-10T13:45:57","slug":"mae-morde-orelha-da-filha-em-briga-em-costa-rica","status":"publish","type":"post","link":"https:\/\/www.ocorreionews.com.br\/acervo-correio\/?p=20284","title":{"rendered":"M\u00e3e morde orelha da filha em briga, em Costa Rica"},"content":{"rendered":"<p>Nesta segunda-feira (08), por volta das 10h, E.N.S., 32 anos, foi presa em flagrante depois que agrediu sua filha de 16 anos e desferiu uma mordida em sua orelha.<\/p>\n<p>As duas tiveram um desentendimento f\u00fatil, acabaram entrando em luta corporal e a mulher desferiu a mordida na filha, m\u00e3e e filha\u00a0 sofreram ferimentos. Os fatos acorreram na Rua Ism\u00e9ria Borges Nunes, em Costa Rica\/MS.<\/p>\n<p>A policia militar foi acionada, constatou os fatos e encaminhou as envolvidas para a delegacia de pol\u00edcia civil, onde a agressora foi autuada em flagrante. No trajeto at\u00e9 a delegacia a m\u00e3e veio proferindo amea\u00e7as a filha\u00a0 dizendo que \u201cse a filha voltasse a desrespeita-la,\u00a0 iria agredi-la\u00a0 e que se ela a\u00a0 avan\u00e7asse\u00a0 novamente a mataria\u201d.<\/p>\n<p>A acusada foi autuada em flagrante, por crime de les\u00e3o corporal dolosa (viol\u00eancia dom\u00e9stica) e depois de pagar um sal\u00e1rio m\u00ednimo de fian\u00e7a foi colocada em liberdade.<\/p>\n<p>&nbsp;<\/p>\n<p>&nbsp;<\/p>\n<p>Eu Conto Tudo<\/p>\n","protected":false},"excerpt":{"rendered":"<p>Nesta segunda-feira (08), por volta das 10h, E.N.S., 32 anos, foi presa em flagrante depois que agrediu sua filha de 16 anos e desferiu uma mordida em sua orelha. As duas tiveram um desentendimento f\u00fatil, acabaram entrando em luta corporal e a mulher desferiu a mordida na filha, m\u00e3e e filha\u00a0 sofreram ferimentos. Os fatos [&hellip;]<\/p>\n","protected":false},"author":4,"featured_media":4248,"comment_status":"closed","ping_status":"closed","sticky":false,"template":"","format":"standard","meta":{"footnotes":""},"categories":[38],"tags":[],"class_list":["post-20284","post","type-post","status-publish","format-standard","has-post-thumbnail","hentry","category-policia"],"_links":{"self":[{"href":"https:\/\/www.ocorreionews.com.br\/acervo-correio\/index.php?rest_route=\/wp\/v2\/posts\/20284","targetHints":{"allow":["GET"]}}],"collection":[{"href":"https:\/\/www.ocorreionews.com.br\/acervo-correio\/index.php?rest_route=\/wp\/v2\/posts"}],"about":[{"href":"https:\/\/www.ocorreionews.com.br\/acervo-correio\/index.php?rest_route=\/wp\/v2\/types\/post"}],"author":[{"embeddable":true,"href":"https:\/\/www.ocorreionews.com.br\/acervo-correio\/index.php?rest_route=\/wp\/v2\/users\/4"}],"replies":[{"embeddable":true,"href":"https:\/\/www.ocorreionews.com.br\/acervo-correio\/index.php?rest_route=%2Fwp%2Fv2%2Fcomments&post=20284"}],"version-history":[{"count":0,"href":"https:\/\/www.ocorreionews.com.br\/acervo-correio\/index.php?rest_route=\/wp\/v2\/posts\/20284\/revisions"}],"wp:featuredmedia":[{"embeddable":true,"href":"https:\/\/www.ocorreionews.com.br\/acervo-correio\/index.php?rest_route=\/wp\/v2\/media\/4248"}],"wp:attachment":[{"href":"https:\/\/www.ocorreionews.com.br\/acervo-correio\/index.php?rest_route=%2Fwp%2Fv2%2Fmedia&parent=20284"}],"wp:term":[{"taxonomy":"category","embeddable":true,"href":"https:\/\/www.ocorreionews.com.br\/acervo-correio\/index.php?rest_route=%2Fwp%2Fv2%2Fcategories&post=20284"},{"taxonomy":"post_tag","embeddable":true,"href":"https:\/\/www.ocorreionews.com.br\/acervo-correio\/index.php?rest_route=%2Fwp%2Fv2%2Ftags&post=20284"}],"curies":[{"name":"wp","href":"https:\/\/api.w.org\/{rel}","templated":true}]}}