{"id":20286,"date":"2016-02-10T10:48:28","date_gmt":"2016-02-10T13:48:28","guid":{"rendered":"https:\/\/ocorreionews.com.br\/?p=20286"},"modified":"2016-02-10T10:48:28","modified_gmt":"2016-02-10T13:48:28","slug":"menino-morre-sufocado-por-colchao-enquanto-dormia-com-irmao-em-ms","status":"publish","type":"post","link":"https:\/\/www.ocorreionews.com.br\/acervo-correio\/?p=20286","title":{"rendered":"Menino morre sufocado por colch\u00e3o enquanto dormia com irm\u00e3o em MS"},"content":{"rendered":"<p>Um menino de tr\u00eas anos morreu sufocado por um colch\u00e3o enquanto dormia com o irm\u00e3o de oito anos e um amigo de 13, na pr\u00f3pria casa, em um condom\u00ednio da Vila Marli, em Campo Grande. Foi a m\u00e3e quem encontrou a crian\u00e7a morta, na manh\u00e3 desta ter\u00e7a-feira (9). O pai \u00e9 bombeiro militar e estava trabalhando.<\/p>\n<p>Segundo informa\u00e7\u00f5es do perito Valdson Rodrigues Gomes, as tr\u00eas crian\u00e7as dormiam em um beliche. O mais velho na cama de cima e os dois irm\u00e3os na de baixo.<\/p>\n<div class=\"foto componente_materia midia-largura-300\">\n<figure style=\"width: 300px\" class=\"wp-caption alignleft\"><img loading=\"lazy\" decoding=\"async\" title=\"Caso aconteceu na casa da fam\u00edlia, em Campo Grande (Foto: Gabriela Pav\u00e3o\/ G1 MS)\" src=\"http:\/\/s2.glbimg.com\/NbnfZ2XL0s8e59Tb_aI8M1VLkDA=\/300x225\/s.glbimg.com\/jo\/g1\/f\/original\/2016\/02\/09\/09_02_sufocamento_editada.jpg\" alt=\"Caso aconteceu na casa da fam\u00edlia, em Campo Grande (Foto: Gabriela Pav\u00e3o\/ G1 MS)\" width=\"300\" height=\"225\" \/><figcaption class=\"wp-caption-text\">Caso aconteceu na casa da fam\u00edlia, em Campo Grande (Foto: Gabriela Pav\u00e3o\/ G1 MS)<\/figcaption><\/figure>\n<\/div>\n<p>Conforme o perito, entre o beliche e uma parede havia um colch\u00e3o de casal. O menino mais velho foi parar sobre o colch\u00e3o, que dobrou e caiu sobre o ca\u00e7ula sufocando-o.<\/p>\n<p>No in\u00edcio da manh\u00e3, a m\u00e3e viu que o filho mais velho foi deitar na sala e ao verificar como estava o ca\u00e7ula, se deparou com ele morto. Para fora do colch\u00e3o s\u00f3 estavam as pernas dele.<\/p>\n<p>De acordo com o perito, o sufocamento \u00e9 um acidente dom\u00e9stico \u201cinfelizmente comum\u201d. Entre as situa\u00e7\u00f5es mais verificadas est\u00e3o o sufocamento por um dos pais, quando a crian\u00e7a dorme com eles.<\/p>\n<p>O menino de 13 anos \u00e9 afilhado da m\u00e3e das crian\u00e7as. A fam\u00edlia havia comemorado nessa segunda-feira (8) o anivers\u00e1rio de 8 anos do mais velho. A m\u00e3e das crian\u00e7as ficou visivelmente desesperada. O Servi\u00e7o de Atendimento M\u00f3vel de Urg\u00eancia (Samu) e o Corpo de Bombeiros estiveram no local.<\/p>\n<p>&nbsp;<\/p>\n<p>&nbsp;<\/p>\n<p>G1 MS<\/p>\n","protected":false},"excerpt":{"rendered":"<p>Um menino de tr\u00eas anos morreu sufocado por um colch\u00e3o enquanto dormia com o irm\u00e3o de oito anos e um amigo de 13, na pr\u00f3pria casa, em um condom\u00ednio da Vila Marli, em Campo Grande. Foi a m\u00e3e quem encontrou a crian\u00e7a morta, na manh\u00e3 desta ter\u00e7a-feira (9). O pai \u00e9 bombeiro militar e estava [&hellip;]<\/p>\n","protected":false},"author":4,"featured_media":20287,"comment_status":"closed","ping_status":"closed","sticky":false,"template":"","format":"standard","meta":{"footnotes":""},"categories":[38],"tags":[],"class_list":["post-20286","post","type-post","status-publish","format-standard","has-post-thumbnail","hentry","category-policia"],"_links":{"self":[{"href":"https:\/\/www.ocorreionews.com.br\/acervo-correio\/index.php?rest_route=\/wp\/v2\/posts\/20286","targetHints":{"allow":["GET"]}}],"collection":[{"href":"https:\/\/www.ocorreionews.com.br\/acervo-correio\/index.php?rest_route=\/wp\/v2\/posts"}],"about":[{"href":"https:\/\/www.ocorreionews.com.br\/acervo-correio\/index.php?rest_route=\/wp\/v2\/types\/post"}],"author":[{"embeddable":true,"href":"https:\/\/www.ocorreionews.com.br\/acervo-correio\/index.php?rest_route=\/wp\/v2\/users\/4"}],"replies":[{"embeddable":true,"href":"https:\/\/www.ocorreionews.com.br\/acervo-correio\/index.php?rest_route=%2Fwp%2Fv2%2Fcomments&post=20286"}],"version-history":[{"count":0,"href":"https:\/\/www.ocorreionews.com.br\/acervo-correio\/index.php?rest_route=\/wp\/v2\/posts\/20286\/revisions"}],"wp:featuredmedia":[{"embeddable":true,"href":"https:\/\/www.ocorreionews.com.br\/acervo-correio\/index.php?rest_route=\/wp\/v2\/media\/20287"}],"wp:attachment":[{"href":"https:\/\/www.ocorreionews.com.br\/acervo-correio\/index.php?rest_route=%2Fwp%2Fv2%2Fmedia&parent=20286"}],"wp:term":[{"taxonomy":"category","embeddable":true,"href":"https:\/\/www.ocorreionews.com.br\/acervo-correio\/index.php?rest_route=%2Fwp%2Fv2%2Fcategories&post=20286"},{"taxonomy":"post_tag","embeddable":true,"href":"https:\/\/www.ocorreionews.com.br\/acervo-correio\/index.php?rest_route=%2Fwp%2Fv2%2Ftags&post=20286"}],"curies":[{"name":"wp","href":"https:\/\/api.w.org\/{rel}","templated":true}]}}