{"id":20330,"date":"2016-02-11T07:20:10","date_gmt":"2016-02-11T10:20:10","guid":{"rendered":"https:\/\/ocorreionews.com.br\/?p=20330"},"modified":"2016-02-11T07:20:10","modified_gmt":"2016-02-11T10:20:10","slug":"acidente-entre-carro-e-moto-deixa-motociclista-ferida-em-costa-rica","status":"publish","type":"post","link":"https:\/\/www.ocorreionews.com.br\/acervo-correio\/?p=20330","title":{"rendered":"Acidente entre carro e moto deixa motociclista ferida em Costa Rica"},"content":{"rendered":"<p style=\"text-align: justify;\">Na tarde desta quarta-feira (10), Flaviane Candida que conduzia a moto Biz, da cor branca, ficou ferida ap\u00f3s colidir na lateral traseira do ve\u00edculo Brava, da cor cinza, conduzido por Ad\u00e3o Martins (Guto), nos altos da Avenida Jos\u00e9 Ferreira da Costa, na cidade de Costa Rica.<\/p>\n<p style=\"text-align: justify;\">Segundo informa\u00e7\u00f5es, o carro trafegava na avenida, na faixa preferencial, ao entrar na faixa da direita acabou fechando a moto, momento que ocorreu a colis\u00e3o. De acordo com informa\u00e7\u00f5es de populares que viram o acidente, a Biz estava pr\u00f3ximo do carro e Flaviane estava subindo no sentido direito da pista, pois o carro estacionaria em frente a uma padaria.Conforme o condutor do ve\u00edculo Ad\u00e3o (Guto) disse a nossa reda\u00e7\u00e3o do MS TODO DIA.<\/p>\n<p style=\"text-align: justify;\">Como o carro entrou na sua faixa repentinamente, a condutora da Biz n\u00e3o conseguiu desviar e veio a colidir com o ve\u00edculo.<\/p>\n<p style=\"text-align: justify;\"><a href=\"https:\/\/ocorreionews.com.br\/wp-content\/uploads\/2016\/02\/frrrrr.jpg\" rel=\"attachment wp-att-20331\"><img loading=\"lazy\" decoding=\"async\" class=\"alignnone wp-image-20331 size-full\" src=\"https:\/\/ocorreionews.com.br\/wp-content\/uploads\/2016\/02\/frrrrr.jpg\" alt=\"frrrrr\" width=\"588\" height=\"374\" srcset=\"https:\/\/www.ocorreionews.com.br\/acervo-correio\/wp-content\/uploads\/2016\/02\/frrrrr.jpg 588w, https:\/\/www.ocorreionews.com.br\/acervo-correio\/wp-content\/uploads\/2016\/02\/frrrrr-300x191.jpg 300w, https:\/\/www.ocorreionews.com.br\/acervo-correio\/wp-content\/uploads\/2016\/02\/frrrrr-171x108.jpg 171w\" sizes=\"auto, (max-width: 588px) 100vw, 588px\" \/><\/a><\/p>\n<p style=\"text-align: justify;\">Flaviane foi atendida pelo Corpo de Bombeiros. Ela estava consciente, mas sofreu les\u00f5es no bra\u00e7o, sendo encaminhada para a Funda\u00e7\u00e3o Hospitalar de Costa Rica. A Policia Militar tamb\u00e9m esteve no local.<\/p>\n<p style=\"text-align: justify;\">\n<div class=\"clear\" style=\"text-align: justify;\"><\/div>\n<div class=\"fonte\" style=\"text-align: justify;\">Fonte: MS TODO DIA<\/div>\n","protected":false},"excerpt":{"rendered":"<p>Na tarde desta quarta-feira (10), Flaviane Candida que conduzia a moto Biz, da cor branca, ficou ferida ap\u00f3s colidir na lateral traseira do ve\u00edculo Brava, da cor cinza, conduzido por Ad\u00e3o Martins (Guto), nos altos da Avenida Jos\u00e9 Ferreira da Costa, na cidade de Costa Rica. Segundo informa\u00e7\u00f5es, o carro trafegava na avenida, na faixa [&hellip;]<\/p>\n","protected":false},"author":4,"featured_media":20332,"comment_status":"closed","ping_status":"closed","sticky":false,"template":"","format":"standard","meta":{"footnotes":""},"categories":[25,38],"tags":[],"class_list":["post-20330","post","type-post","status-publish","format-standard","has-post-thumbnail","hentry","category-costa-rica","category-policia"],"_links":{"self":[{"href":"https:\/\/www.ocorreionews.com.br\/acervo-correio\/index.php?rest_route=\/wp\/v2\/posts\/20330","targetHints":{"allow":["GET"]}}],"collection":[{"href":"https:\/\/www.ocorreionews.com.br\/acervo-correio\/index.php?rest_route=\/wp\/v2\/posts"}],"about":[{"href":"https:\/\/www.ocorreionews.com.br\/acervo-correio\/index.php?rest_route=\/wp\/v2\/types\/post"}],"author":[{"embeddable":true,"href":"https:\/\/www.ocorreionews.com.br\/acervo-correio\/index.php?rest_route=\/wp\/v2\/users\/4"}],"replies":[{"embeddable":true,"href":"https:\/\/www.ocorreionews.com.br\/acervo-correio\/index.php?rest_route=%2Fwp%2Fv2%2Fcomments&post=20330"}],"version-history":[{"count":0,"href":"https:\/\/www.ocorreionews.com.br\/acervo-correio\/index.php?rest_route=\/wp\/v2\/posts\/20330\/revisions"}],"wp:featuredmedia":[{"embeddable":true,"href":"https:\/\/www.ocorreionews.com.br\/acervo-correio\/index.php?rest_route=\/wp\/v2\/media\/20332"}],"wp:attachment":[{"href":"https:\/\/www.ocorreionews.com.br\/acervo-correio\/index.php?rest_route=%2Fwp%2Fv2%2Fmedia&parent=20330"}],"wp:term":[{"taxonomy":"category","embeddable":true,"href":"https:\/\/www.ocorreionews.com.br\/acervo-correio\/index.php?rest_route=%2Fwp%2Fv2%2Fcategories&post=20330"},{"taxonomy":"post_tag","embeddable":true,"href":"https:\/\/www.ocorreionews.com.br\/acervo-correio\/index.php?rest_route=%2Fwp%2Fv2%2Ftags&post=20330"}],"curies":[{"name":"wp","href":"https:\/\/api.w.org\/{rel}","templated":true}]}}