{"id":203415,"date":"2022-04-12T07:24:19","date_gmt":"2022-04-12T11:24:19","guid":{"rendered":"https:\/\/www.ocorreionews.com.br\/acervo-correio\/?p=203415"},"modified":"2022-04-12T07:24:19","modified_gmt":"2022-04-12T11:24:19","slug":"joao-alfredo-baird-irmao-de-empresario-em-ms-e-encontrado-morto","status":"publish","type":"post","link":"https:\/\/www.ocorreionews.com.br\/acervo-correio\/?p=203415","title":{"rendered":"Jo\u00e3o Alfredo Baird, irm\u00e3o de empres\u00e1rio em MS, \u00e9 encontrado morto"},"content":{"rendered":"<p>Jo\u00e3o Alfredo Baird, irm\u00e3o do empres\u00e1rio Jo\u00e3o Roberto Baird, foi encontrado morto em avan\u00e7ado estado de decomposi\u00e7\u00e3o. A informa\u00e7\u00e3o inicial \u00e9 de que a ossada da v\u00edtima foi localizada em cidade de outro estado do Pa\u00eds.<\/p>\n<p>A fam\u00edlia realizar\u00e1 o traslado e o vel\u00f3rio ser\u00e1 realizado a partir das 8h30 da pr\u00f3xima quarta-feira (13), e o enterro \u00e0s 10h30, do mesmo dia. Ainda n\u00e3o h\u00e1 mais informa\u00e7\u00f5es sobre a localidade e as circunst\u00e2ncias que envolvem a morte de Jo\u00e3o Alfredo Baird, irm\u00e3o por parte de pai do empres\u00e1rio Jo\u00e3o Roberto Baird.<\/p>\n<p><strong>O empres\u00e1rio Jo\u00e3o Roberto Baird chegou a ser preso pela Pol\u00edcia Federal, em novembro de 2018, na sexta fase da Opera\u00e7\u00e3o Lama Asf\u00e1ltica, denominada Computadores de Lama.<\/strong> Baird foi apontado como dono de um conglomerado de empresas do ramo de inform\u00e1tica com contratos com o Governo do Estado.<\/p>\n<div class=\"elementor-element elementor-element-1944f35 post-author elementor-widget__width-auto elementor-widget elementor-widget-shortcode\" data-id=\"1944f35\" data-element_type=\"widget\" data-widget_type=\"shortcode.default\">\n<div class=\"elementor-widget-container\">\n<div class=\"elementor-shortcode\">Thatiana Melo e Diego Alves\u00a0 midiamax<\/div>\n<\/div>\n<\/div>\n<div class=\"elementor-element elementor-element-ec9eab2 elementor-widget__width-auto elementor-widget elementor-widget-text-editor\" data-id=\"ec9eab2\" data-element_type=\"widget\" data-widget_type=\"text-editor.default\">\n<div class=\"elementor-widget-container\"><\/div>\n<\/div>\n","protected":false},"excerpt":{"rendered":"<p>Jo\u00e3o Alfredo Baird, irm\u00e3o do empres\u00e1rio Jo\u00e3o Roberto Baird, foi encontrado morto em avan\u00e7ado estado de decomposi\u00e7\u00e3o. A informa\u00e7\u00e3o inicial \u00e9 de que a ossada da v\u00edtima foi localizada em cidade de outro estado do Pa\u00eds. A fam\u00edlia realizar\u00e1 o traslado e o vel\u00f3rio ser\u00e1 realizado a partir das 8h30 da pr\u00f3xima quarta-feira (13), e [&hellip;]<\/p>\n","protected":false},"author":4,"featured_media":203416,"comment_status":"closed","ping_status":"closed","sticky":false,"template":"","format":"standard","meta":{"footnotes":""},"categories":[38],"tags":[],"class_list":["post-203415","post","type-post","status-publish","format-standard","has-post-thumbnail","hentry","category-policia"],"_links":{"self":[{"href":"https:\/\/www.ocorreionews.com.br\/acervo-correio\/index.php?rest_route=\/wp\/v2\/posts\/203415","targetHints":{"allow":["GET"]}}],"collection":[{"href":"https:\/\/www.ocorreionews.com.br\/acervo-correio\/index.php?rest_route=\/wp\/v2\/posts"}],"about":[{"href":"https:\/\/www.ocorreionews.com.br\/acervo-correio\/index.php?rest_route=\/wp\/v2\/types\/post"}],"author":[{"embeddable":true,"href":"https:\/\/www.ocorreionews.com.br\/acervo-correio\/index.php?rest_route=\/wp\/v2\/users\/4"}],"replies":[{"embeddable":true,"href":"https:\/\/www.ocorreionews.com.br\/acervo-correio\/index.php?rest_route=%2Fwp%2Fv2%2Fcomments&post=203415"}],"version-history":[{"count":1,"href":"https:\/\/www.ocorreionews.com.br\/acervo-correio\/index.php?rest_route=\/wp\/v2\/posts\/203415\/revisions"}],"predecessor-version":[{"id":203418,"href":"https:\/\/www.ocorreionews.com.br\/acervo-correio\/index.php?rest_route=\/wp\/v2\/posts\/203415\/revisions\/203418"}],"wp:featuredmedia":[{"embeddable":true,"href":"https:\/\/www.ocorreionews.com.br\/acervo-correio\/index.php?rest_route=\/wp\/v2\/media\/203416"}],"wp:attachment":[{"href":"https:\/\/www.ocorreionews.com.br\/acervo-correio\/index.php?rest_route=%2Fwp%2Fv2%2Fmedia&parent=203415"}],"wp:term":[{"taxonomy":"category","embeddable":true,"href":"https:\/\/www.ocorreionews.com.br\/acervo-correio\/index.php?rest_route=%2Fwp%2Fv2%2Fcategories&post=203415"},{"taxonomy":"post_tag","embeddable":true,"href":"https:\/\/www.ocorreionews.com.br\/acervo-correio\/index.php?rest_route=%2Fwp%2Fv2%2Ftags&post=203415"}],"curies":[{"name":"wp","href":"https:\/\/api.w.org\/{rel}","templated":true}]}}