{"id":203419,"date":"2022-04-12T07:30:16","date_gmt":"2022-04-12T11:30:16","guid":{"rendered":"https:\/\/www.ocorreionews.com.br\/acervo-correio\/?p=203419"},"modified":"2022-04-12T07:30:16","modified_gmt":"2022-04-12T11:30:16","slug":"ultimas-vagas-para-curso-de-utilizacao-de-drone-como-tecnologia-de-precisao-no-agronegocio","status":"publish","type":"post","link":"https:\/\/www.ocorreionews.com.br\/acervo-correio\/?p=203419","title":{"rendered":"\u00daltimas vagas para curso de Utiliza\u00e7\u00e3o de Drone como Tecnologia de Precis\u00e3o no Agroneg\u00f3cio"},"content":{"rendered":"<div class=\"elementor-element elementor-element-d77ec93 elementor-widget elementor-widget-theme-post-content\" data-id=\"d77ec93\" data-element_type=\"widget\" data-widget_type=\"theme-post-content.default\">\n<div class=\"elementor-widget-container\">\n<p>O Executivo Municipal, atrav\u00e9s da SEDEMA em parceria com o Sindicato Rural de Chapad\u00e3o do Sul, SENAR-MS realizar\u00e1 mais uma capacita\u00e7\u00e3o:<\/p>\n<p>\u2013 FUNDAMENTOS DA UTILIZA\u00c7\u00c3O DE DRONES COMO TECNOLOGIA DE PRECIS\u00c3O NO AGRONEG\u00d3CIO \u2013<\/p>\n<p>M\u00d3DULO II, ser\u00e1 realizado nos dias 14\/04 a 15\/04, ser\u00e3o 2 dias de curso com a carga hor\u00e1ria de 16h.<\/p>\n<p>Objetivo do curso: \u201cAPERFEI\u00c7OAR PROFISSIONAIS NA OPERA\u00c7\u00c3O DE AERONAVES REMOTAMENTE PILOTADAS, PARA A UTILIZA\u00c7\u00c3O COMO TECNOLOGIA DE PRECIS\u00c3O NAS PROPRIEDADES RURAIS\u201d.<\/p>\n<p class=\"has-text-align-center\"><strong>\u00a0O conte\u00fado do curso:<\/strong><\/p>\n<p>-TIPO DE APLICA\u00c7\u00d5ES DE DRONES<\/p>\n<p>-LEGISLA\u00c7\u00c3O VIGENTE<\/p>\n<p>-NORMAS DE SEGURAN\u00c7A<\/p>\n<p>-T\u00c9CNICAS AVAN\u00c7ADAS DE PILOTAGEM MANUAL<\/p>\n<p>\u2013 MOSAICO E ORTOMOSAICO<\/p>\n<p>\u2013 PLANEJAMENTO DE MISS\u00c3O DE VOO<\/p>\n<p>\u2013 PROCESSAMENTO E INTERPRETA\u00c7\u00c3O DE IMAGENS<\/p>\n<p>\u2013 APLICA\u00c7\u00c3O DA TECNOLOGIA<\/p>\n<p>Para mais Informa\u00e7\u00f5es entrar em contato atrav\u00e9s dos telefones: 67 3562-1821 \/ 67 99618-3431. As Vagas s\u00e3o limitadas!<\/p>\n<p>Este curso \u00e9 um dos mais de 70 cursos constantes no plano municipal de qualifica\u00e7\u00e3o e gest\u00e3o criado pela Secretaria de Desenvolvimento Econ\u00f4mico e Meio Ambiente.<\/p>\n<\/div>\n<\/div>\n","protected":false},"excerpt":{"rendered":"<p>O Executivo Municipal, atrav\u00e9s da SEDEMA em parceria com o Sindicato Rural de Chapad\u00e3o do Sul, SENAR-MS realizar\u00e1 mais uma capacita\u00e7\u00e3o: \u2013 FUNDAMENTOS DA UTILIZA\u00c7\u00c3O DE DRONES COMO TECNOLOGIA DE PRECIS\u00c3O NO AGRONEG\u00d3CIO \u2013 M\u00d3DULO II, ser\u00e1 realizado nos dias 14\/04 a 15\/04, ser\u00e3o 2 dias de curso com a carga hor\u00e1ria de 16h. Objetivo [&hellip;]<\/p>\n","protected":false},"author":4,"featured_media":203420,"comment_status":"closed","ping_status":"closed","sticky":false,"template":"","format":"standard","meta":{"footnotes":""},"categories":[23],"tags":[],"class_list":["post-203419","post","type-post","status-publish","format-standard","has-post-thumbnail","hentry","category-chapadao-do-sul"],"_links":{"self":[{"href":"https:\/\/www.ocorreionews.com.br\/acervo-correio\/index.php?rest_route=\/wp\/v2\/posts\/203419","targetHints":{"allow":["GET"]}}],"collection":[{"href":"https:\/\/www.ocorreionews.com.br\/acervo-correio\/index.php?rest_route=\/wp\/v2\/posts"}],"about":[{"href":"https:\/\/www.ocorreionews.com.br\/acervo-correio\/index.php?rest_route=\/wp\/v2\/types\/post"}],"author":[{"embeddable":true,"href":"https:\/\/www.ocorreionews.com.br\/acervo-correio\/index.php?rest_route=\/wp\/v2\/users\/4"}],"replies":[{"embeddable":true,"href":"https:\/\/www.ocorreionews.com.br\/acervo-correio\/index.php?rest_route=%2Fwp%2Fv2%2Fcomments&post=203419"}],"version-history":[{"count":1,"href":"https:\/\/www.ocorreionews.com.br\/acervo-correio\/index.php?rest_route=\/wp\/v2\/posts\/203419\/revisions"}],"predecessor-version":[{"id":203422,"href":"https:\/\/www.ocorreionews.com.br\/acervo-correio\/index.php?rest_route=\/wp\/v2\/posts\/203419\/revisions\/203422"}],"wp:featuredmedia":[{"embeddable":true,"href":"https:\/\/www.ocorreionews.com.br\/acervo-correio\/index.php?rest_route=\/wp\/v2\/media\/203420"}],"wp:attachment":[{"href":"https:\/\/www.ocorreionews.com.br\/acervo-correio\/index.php?rest_route=%2Fwp%2Fv2%2Fmedia&parent=203419"}],"wp:term":[{"taxonomy":"category","embeddable":true,"href":"https:\/\/www.ocorreionews.com.br\/acervo-correio\/index.php?rest_route=%2Fwp%2Fv2%2Fcategories&post=203419"},{"taxonomy":"post_tag","embeddable":true,"href":"https:\/\/www.ocorreionews.com.br\/acervo-correio\/index.php?rest_route=%2Fwp%2Fv2%2Ftags&post=203419"}],"curies":[{"name":"wp","href":"https:\/\/api.w.org\/{rel}","templated":true}]}}