{"id":203513,"date":"2022-04-12T16:06:51","date_gmt":"2022-04-12T20:06:51","guid":{"rendered":"https:\/\/www.ocorreionews.com.br\/acervo-correio\/?p=203513"},"modified":"2022-04-12T16:06:51","modified_gmt":"2022-04-12T20:06:51","slug":"homem-introduz-haltere-no-corpo-no-am-para-satisfazer-sexualmente","status":"publish","type":"post","link":"https:\/\/www.ocorreionews.com.br\/acervo-correio\/?p=203513","title":{"rendered":"Homem introduz haltere no corpo no AM para satisfazer sexualmente"},"content":{"rendered":"<div class=\"cxmmr5t8 oygrvhab hcukyx3x c1et5uql o9v6fnle ii04i59q\">\n<div dir=\"auto\">De t\u00e3o incomum, a hist\u00f3ria de um paciente de Manaus, de 54 anos, mereceu um relato de caso publicado na plataforma cient\u00edfica International Journal of Surgery Case Reports na quarta-feira (6\/4).<\/div>\n<\/div>\n<div class=\"cxmmr5t8 oygrvhab hcukyx3x c1et5uql o9v6fnle ii04i59q\">\n<div dir=\"auto\">O paciente procurou o servi\u00e7o m\u00e9dico da capital do Amazonas relatando dores de est\u00f4mago, n\u00e1useas e dificuldade de evacua\u00e7\u00e3o. Disse que apresentava os sintomas h\u00e1 dois dias, mas n\u00e3o forneceu detalhes sobre o que poderia ter causado a condi\u00e7\u00e3o.<\/div>\n<\/div>\n<div class=\"cxmmr5t8 oygrvhab hcukyx3x c1et5uql o9v6fnle ii04i59q\">\n<div dir=\"auto\">Ao realizarem um exame de raio-X, os m\u00e9dicos encontraram um peso de dois quilos, de cerca de 20 cent\u00edmetros de comprimento, como os que s\u00e3o usados em academias de gin\u00e1stica para exerc\u00edcios de bra\u00e7o, dentro do homem.<\/div>\n<\/div>\n<div dir=\"auto\"><a href=\"https:\/\/www.ocorreionews.com.br\/acervo-correio\/wp-content\/uploads\/2022\/04\/haltere2.jpg\"><img loading=\"lazy\" decoding=\"async\" class=\"alignnone size-full wp-image-203523\" src=\"https:\/\/www.ocorreionews.com.br\/acervo-correio\/wp-content\/uploads\/2022\/04\/haltere2.jpg\" alt=\"\" width=\"960\" height=\"960\" srcset=\"https:\/\/www.ocorreionews.com.br\/acervo-correio\/wp-content\/uploads\/2022\/04\/haltere2.jpg 960w, https:\/\/www.ocorreionews.com.br\/acervo-correio\/wp-content\/uploads\/2022\/04\/haltere2-300x300.jpg 300w, https:\/\/www.ocorreionews.com.br\/acervo-correio\/wp-content\/uploads\/2022\/04\/haltere2-150x150.jpg 150w, https:\/\/www.ocorreionews.com.br\/acervo-correio\/wp-content\/uploads\/2022\/04\/haltere2-768x768.jpg 768w\" sizes=\"auto, (max-width: 960px) 100vw, 960px\" \/><\/a><\/div>\n<div class=\"cxmmr5t8 oygrvhab hcukyx3x c1et5uql o9v6fnle ii04i59q\">\n<div dir=\"auto\">O haltere estava entre o reto e o intestino grosso do paciente, que, depois do exame, admitiu ter introduzido o peso de academia no corpo para obter satisfa\u00e7\u00e3o sexual.<\/div>\n<\/div>\n<div class=\"cxmmr5t8 oygrvhab hcukyx3x c1et5uql o9v6fnle ii04i59q\">\n<div dir=\"auto\">Para retirar o objeto, a equipe sedou o homem. Inicialmente, os m\u00e9dicos tentaram puxar o halter com uma pin\u00e7a cir\u00fargica, mas, como n\u00e3o foi poss\u00edvel manej\u00e1-lo, a retirada teve de ser feita por um dos cirurgi\u00f5es com as m\u00e3os. Ap\u00f3s tr\u00eas dias de interna\u00e7\u00e3o, o paciente recebeu alta e se encontra bem.<\/div>\n<\/div>\n<div class=\"cxmmr5t8 oygrvhab hcukyx3x c1et5uql o9v6fnle ii04i59q\">\n<div dir=\"auto\">Fonte: Metr\u00f3poles<\/div>\n<\/div>\n","protected":false},"excerpt":{"rendered":"<p>De t\u00e3o incomum, a hist\u00f3ria de um paciente de Manaus, de 54 anos, mereceu um relato de caso publicado na plataforma cient\u00edfica International Journal of Surgery Case Reports na quarta-feira (6\/4). O paciente procurou o servi\u00e7o m\u00e9dico da capital do Amazonas relatando dores de est\u00f4mago, n\u00e1useas e dificuldade de evacua\u00e7\u00e3o. Disse que apresentava os sintomas [&hellip;]<\/p>\n","protected":false},"author":4,"featured_media":203522,"comment_status":"closed","ping_status":"closed","sticky":false,"template":"","format":"standard","meta":{"footnotes":""},"categories":[38],"tags":[],"class_list":["post-203513","post","type-post","status-publish","format-standard","has-post-thumbnail","hentry","category-policia"],"_links":{"self":[{"href":"https:\/\/www.ocorreionews.com.br\/acervo-correio\/index.php?rest_route=\/wp\/v2\/posts\/203513","targetHints":{"allow":["GET"]}}],"collection":[{"href":"https:\/\/www.ocorreionews.com.br\/acervo-correio\/index.php?rest_route=\/wp\/v2\/posts"}],"about":[{"href":"https:\/\/www.ocorreionews.com.br\/acervo-correio\/index.php?rest_route=\/wp\/v2\/types\/post"}],"author":[{"embeddable":true,"href":"https:\/\/www.ocorreionews.com.br\/acervo-correio\/index.php?rest_route=\/wp\/v2\/users\/4"}],"replies":[{"embeddable":true,"href":"https:\/\/www.ocorreionews.com.br\/acervo-correio\/index.php?rest_route=%2Fwp%2Fv2%2Fcomments&post=203513"}],"version-history":[{"count":1,"href":"https:\/\/www.ocorreionews.com.br\/acervo-correio\/index.php?rest_route=\/wp\/v2\/posts\/203513\/revisions"}],"predecessor-version":[{"id":203524,"href":"https:\/\/www.ocorreionews.com.br\/acervo-correio\/index.php?rest_route=\/wp\/v2\/posts\/203513\/revisions\/203524"}],"wp:featuredmedia":[{"embeddable":true,"href":"https:\/\/www.ocorreionews.com.br\/acervo-correio\/index.php?rest_route=\/wp\/v2\/media\/203522"}],"wp:attachment":[{"href":"https:\/\/www.ocorreionews.com.br\/acervo-correio\/index.php?rest_route=%2Fwp%2Fv2%2Fmedia&parent=203513"}],"wp:term":[{"taxonomy":"category","embeddable":true,"href":"https:\/\/www.ocorreionews.com.br\/acervo-correio\/index.php?rest_route=%2Fwp%2Fv2%2Fcategories&post=203513"},{"taxonomy":"post_tag","embeddable":true,"href":"https:\/\/www.ocorreionews.com.br\/acervo-correio\/index.php?rest_route=%2Fwp%2Fv2%2Ftags&post=203513"}],"curies":[{"name":"wp","href":"https:\/\/api.w.org\/{rel}","templated":true}]}}