{"id":203533,"date":"2022-04-13T07:10:40","date_gmt":"2022-04-13T11:10:40","guid":{"rendered":"https:\/\/www.ocorreionews.com.br\/acervo-correio\/?p=203533"},"modified":"2022-04-13T07:10:40","modified_gmt":"2022-04-13T11:10:40","slug":"pm-efetuou-a-prisao-de-duas-pessoas-com-mandato-de-prisao-em-aberto","status":"publish","type":"post","link":"https:\/\/www.ocorreionews.com.br\/acervo-correio\/?p=203533","title":{"rendered":"PM efetuou a pris\u00e3o de duas pessoas com mandato de pris\u00e3o em aberto"},"content":{"rendered":"<div class=\"cxmmr5t8 oygrvhab hcukyx3x c1et5uql o9v6fnle ii04i59q\">\n<div dir=\"auto\">A Policia Militar de Chapad\u00e3o do Sul recebeu a informa\u00e7\u00e3o de que na Av dezesseis, no Bairro Esperan\u00e7a, havia um homem que provavelmente teria contra si um mandado de pris\u00e3o.<\/div>\n<div dir=\"auto\"><\/div>\n<div dir=\"auto\">Uma das guarni\u00e7\u00f5es qui estava nas imedia\u00e7\u00f5es, dirigiu-se rapidamente se deslocaram e em abordagem ao indiv\u00edduo , de 42 anos, foi constatado a veracidade e dado voz de pris\u00e3o ao foragido que foi conduzido a Delegacia de Pol\u00edcia para provid\u00eancias, permanecendo a disposi\u00e7\u00e3o da justi\u00e7a.<\/div>\n<\/div>\n<div dir=\"auto\"><\/div>\n<div class=\"cxmmr5t8 oygrvhab hcukyx3x c1et5uql o9v6fnle ii04i59q\">\n<div dir=\"auto\">ASSESSORIA DE COMUNICA\u00c7\u00c3O 4\u00aaCIPM<\/div>\n<\/div>\n","protected":false},"excerpt":{"rendered":"<p>A Policia Militar de Chapad\u00e3o do Sul recebeu a informa\u00e7\u00e3o de que na Av dezesseis, no Bairro Esperan\u00e7a, havia um homem que provavelmente teria contra si um mandado de pris\u00e3o. Uma das guarni\u00e7\u00f5es qui estava nas imedia\u00e7\u00f5es, dirigiu-se rapidamente se deslocaram e em abordagem ao indiv\u00edduo , de 42 anos, foi constatado a veracidade e [&hellip;]<\/p>\n","protected":false},"author":4,"featured_media":203534,"comment_status":"closed","ping_status":"closed","sticky":false,"template":"","format":"standard","meta":{"footnotes":""},"categories":[38],"tags":[],"class_list":["post-203533","post","type-post","status-publish","format-standard","has-post-thumbnail","hentry","category-policia"],"_links":{"self":[{"href":"https:\/\/www.ocorreionews.com.br\/acervo-correio\/index.php?rest_route=\/wp\/v2\/posts\/203533","targetHints":{"allow":["GET"]}}],"collection":[{"href":"https:\/\/www.ocorreionews.com.br\/acervo-correio\/index.php?rest_route=\/wp\/v2\/posts"}],"about":[{"href":"https:\/\/www.ocorreionews.com.br\/acervo-correio\/index.php?rest_route=\/wp\/v2\/types\/post"}],"author":[{"embeddable":true,"href":"https:\/\/www.ocorreionews.com.br\/acervo-correio\/index.php?rest_route=\/wp\/v2\/users\/4"}],"replies":[{"embeddable":true,"href":"https:\/\/www.ocorreionews.com.br\/acervo-correio\/index.php?rest_route=%2Fwp%2Fv2%2Fcomments&post=203533"}],"version-history":[{"count":1,"href":"https:\/\/www.ocorreionews.com.br\/acervo-correio\/index.php?rest_route=\/wp\/v2\/posts\/203533\/revisions"}],"predecessor-version":[{"id":203535,"href":"https:\/\/www.ocorreionews.com.br\/acervo-correio\/index.php?rest_route=\/wp\/v2\/posts\/203533\/revisions\/203535"}],"wp:featuredmedia":[{"embeddable":true,"href":"https:\/\/www.ocorreionews.com.br\/acervo-correio\/index.php?rest_route=\/wp\/v2\/media\/203534"}],"wp:attachment":[{"href":"https:\/\/www.ocorreionews.com.br\/acervo-correio\/index.php?rest_route=%2Fwp%2Fv2%2Fmedia&parent=203533"}],"wp:term":[{"taxonomy":"category","embeddable":true,"href":"https:\/\/www.ocorreionews.com.br\/acervo-correio\/index.php?rest_route=%2Fwp%2Fv2%2Fcategories&post=203533"},{"taxonomy":"post_tag","embeddable":true,"href":"https:\/\/www.ocorreionews.com.br\/acervo-correio\/index.php?rest_route=%2Fwp%2Fv2%2Ftags&post=203533"}],"curies":[{"name":"wp","href":"https:\/\/api.w.org\/{rel}","templated":true}]}}