{"id":20360,"date":"2016-02-11T09:02:27","date_gmt":"2016-02-11T12:02:27","guid":{"rendered":"https:\/\/ocorreionews.com.br\/?p=20360"},"modified":"2016-02-11T09:02:27","modified_gmt":"2016-02-11T12:02:27","slug":"alcoolizado-homem-dorme-enquanto-fumava-e-quase-coloca-fogo-em-casa","status":"publish","type":"post","link":"https:\/\/www.ocorreionews.com.br\/acervo-correio\/?p=20360","title":{"rendered":"Alcoolizado, homem dorme enquanto fumava e quase coloca fogo em casa"},"content":{"rendered":"<p>O caso aconteceu no in\u00edcio da noite desta quarta-feira (10), na rua Dersul, no bairro Senhor Divino, em Coxim.<\/p>\n<p>O morador da resid\u00eancia, G.S.G., de 36 anos, dormiu enquanto fumava e o cigarro caiu na cama, causando um princ\u00edpio de inc\u00eandio.<\/p>\n<p>A filha do morador, de 12 anos, entrou em desespero quando percebeu a fuma\u00e7a. O Corpo de Bombeiros foi acionado, mas o morador tentou impedir que os militares trabalhassem.<\/p>\n<p>Diante da situa\u00e7\u00e3o, o Conselho Tutelar foi acionado, assim como a Pol\u00edcia Militar. Muito nervoso, o dono da resid\u00eancia n\u00e3o quis falar com a imprensa.<\/p>\n<div class=\"imagem_noticia center img640_480\"><a href=\"http:\/\/edicaoms.com.br\/uploads\/images\/noticias\/abfea1f2186d922486f2bb678f16032f.jpg\" data-lightbox=\"example-2\" data-title=\"Foto: Alisson Silva\"><img decoding=\"async\" title=\"\" src=\"http:\/\/edicaoms.com.br\/uploads\/images\/noticias\/abfea1f2186d922486f2bb678f16032f.jpg\" alt=\"\" \/><\/a><\/p>\n<div class=\"foto_legenda\"><\/div>\n<div class=\"foto_legenda\"><\/div>\n<div class=\"foto_legenda\"><\/div>\n<div class=\"foto_legenda\">\n<p class=\"autor\">Sheila Forato &#8211;\u00a0Foto: Alisson Silva<\/p>\n<\/div>\n<\/div>\n","protected":false},"excerpt":{"rendered":"<p>O caso aconteceu no in\u00edcio da noite desta quarta-feira (10), na rua Dersul, no bairro Senhor Divino, em Coxim. O morador da resid\u00eancia, G.S.G., de 36 anos, dormiu enquanto fumava e o cigarro caiu na cama, causando um princ\u00edpio de inc\u00eandio. A filha do morador, de 12 anos, entrou em desespero quando percebeu a fuma\u00e7a. [&hellip;]<\/p>\n","protected":false},"author":4,"featured_media":20361,"comment_status":"closed","ping_status":"closed","sticky":false,"template":"","format":"standard","meta":{"footnotes":""},"categories":[38],"tags":[],"class_list":["post-20360","post","type-post","status-publish","format-standard","has-post-thumbnail","hentry","category-policia"],"_links":{"self":[{"href":"https:\/\/www.ocorreionews.com.br\/acervo-correio\/index.php?rest_route=\/wp\/v2\/posts\/20360","targetHints":{"allow":["GET"]}}],"collection":[{"href":"https:\/\/www.ocorreionews.com.br\/acervo-correio\/index.php?rest_route=\/wp\/v2\/posts"}],"about":[{"href":"https:\/\/www.ocorreionews.com.br\/acervo-correio\/index.php?rest_route=\/wp\/v2\/types\/post"}],"author":[{"embeddable":true,"href":"https:\/\/www.ocorreionews.com.br\/acervo-correio\/index.php?rest_route=\/wp\/v2\/users\/4"}],"replies":[{"embeddable":true,"href":"https:\/\/www.ocorreionews.com.br\/acervo-correio\/index.php?rest_route=%2Fwp%2Fv2%2Fcomments&post=20360"}],"version-history":[{"count":0,"href":"https:\/\/www.ocorreionews.com.br\/acervo-correio\/index.php?rest_route=\/wp\/v2\/posts\/20360\/revisions"}],"wp:featuredmedia":[{"embeddable":true,"href":"https:\/\/www.ocorreionews.com.br\/acervo-correio\/index.php?rest_route=\/wp\/v2\/media\/20361"}],"wp:attachment":[{"href":"https:\/\/www.ocorreionews.com.br\/acervo-correio\/index.php?rest_route=%2Fwp%2Fv2%2Fmedia&parent=20360"}],"wp:term":[{"taxonomy":"category","embeddable":true,"href":"https:\/\/www.ocorreionews.com.br\/acervo-correio\/index.php?rest_route=%2Fwp%2Fv2%2Fcategories&post=20360"},{"taxonomy":"post_tag","embeddable":true,"href":"https:\/\/www.ocorreionews.com.br\/acervo-correio\/index.php?rest_route=%2Fwp%2Fv2%2Ftags&post=20360"}],"curies":[{"name":"wp","href":"https:\/\/api.w.org\/{rel}","templated":true}]}}