{"id":20363,"date":"2016-02-11T08:30:34","date_gmt":"2016-02-11T11:30:34","guid":{"rendered":"https:\/\/ocorreionews.com.br\/?p=20363"},"modified":"2016-02-12T10:09:19","modified_gmt":"2016-02-12T13:09:19","slug":"aprovado-projeto-que-proibe-o-corte-de-pequizeiros-no-estado","status":"publish","type":"post","link":"https:\/\/www.ocorreionews.com.br\/acervo-correio\/?p=20363","title":{"rendered":"Aprovado projeto que pro\u00edbe o corte de pequizeiros no Estado"},"content":{"rendered":"<div class=\"div-texto\">\n<p>Foram aprovados quatro projetos pelos deputados estaduais, entre eles o Projeto de Lei (PL) n\u00ba 201\/2015, de autoria do deputado Pedro Kemp, que pro\u00edbe corte do pequizeiro em Mato Grosso do Sul. A proposta declara de preserva\u00e7\u00e3o permanente, de interesse comum e imune de corte, o pequizeiro (nome cient\u00edfico caryocar brasiliense).<\/p>\n<p>Aprovado em 2\u00aa discuss\u00e3o e vota\u00e7\u00e3o o projeto segue para san\u00e7\u00e3o ou veto do Governo do Estado. Consta no projeto que o corte somente ser\u00e1 admitido quando necess\u00e1ria a execu\u00e7\u00e3o de obra, atividade ou projeto de utilidade p\u00fablica ou de interesse social, mediante autoriza\u00e7\u00e3o do \u00f3rg\u00e3o ambiental estadual competente, ou em \u00e1rea urbana ou distrito industrial legalmente constitu\u00eddo, mediante autoriza\u00e7\u00e3o do \u00f3rg\u00e3o ambiental competente. \u201cNosso objetivo \u00e9 proteger os p\u00e9s de pequi que ainda existem no devastado cerrado sul-mato-grossense e colaborar com os pequenos produtores familiares que vivem do extrativo dos frutos\u201d, salientou o autor.<\/p>\n<p>Em discuss\u00e3o \u00fanica os parlamentares aprovaram o PL n\u00ba 288\/15, de autoria do deputado estadual Renato C\u00e2mara (PMDB), que declara de utilidade p\u00fablica a C\u00e1ritas Paroquial da cidade de Ivinhema. J\u00e1 em 1\u00aa discuss\u00e3o e vota\u00e7\u00e3o foram aprovados outros dois projetos. Trata-se do PL n\u00ba 278\/15, de autoria do deputado Amarildo Cruz , que institui em Mato Grosso do Sul, o dia 8 de setembro como o \u201cDia Estadual de Conscientiza\u00e7\u00e3o, Mobiliza\u00e7\u00e3o e Combate \u00e0 Hansen\u00edsase\u201d. Ainda em 1\u00aa vota\u00e7\u00e3o foi aprovado o Projeto de Lei n\u00ba 289\/15, de autoria do deputado estadual Junior Mochi, que inclui a Festa das Na\u00e7\u00f5es Ma\u00e7\u00f4nicas no Calend\u00e1rio Oficial de Eventos do Estado.<\/p>\n<p>A Festa das Na\u00e7\u00f5es tem car\u00e1ter filantr\u00f3pico e cultural, considerando que arrecada recursos para entidades assist\u00eancias, ao mesmo tempo em que divulga aspectos culturais das comunidades estrangeiras e regionais que ajudam a formar o Estado de Mato Grosso do Sul. O evento j\u00e1 foi realizado por dois anos entre os meses de agosto a outubro, em Campo Grande, nos altos da avenida Afonso Pena [Cidade do Natal].<\/p>\n<\/div>\n<p>&nbsp;<\/p>\n<p>Divulga\u00e7\u00e3o<\/p>\n","protected":false},"excerpt":{"rendered":"<p>Foram aprovados quatro projetos pelos deputados estaduais, entre eles o Projeto de Lei (PL) n\u00ba 201\/2015, de autoria do deputado Pedro Kemp, que pro\u00edbe corte do pequizeiro em Mato Grosso do Sul. A proposta declara de preserva\u00e7\u00e3o permanente, de interesse comum e imune de corte, o pequizeiro (nome cient\u00edfico caryocar brasiliense). Aprovado em 2\u00aa discuss\u00e3o [&hellip;]<\/p>\n","protected":false},"author":4,"featured_media":20364,"comment_status":"closed","ping_status":"closed","sticky":false,"template":"","format":"standard","meta":{"footnotes":""},"categories":[17,31],"tags":[],"class_list":["post-20363","post","type-post","status-publish","format-standard","has-post-thumbnail","hentry","category-agropecuaria","category-geral"],"_links":{"self":[{"href":"https:\/\/www.ocorreionews.com.br\/acervo-correio\/index.php?rest_route=\/wp\/v2\/posts\/20363","targetHints":{"allow":["GET"]}}],"collection":[{"href":"https:\/\/www.ocorreionews.com.br\/acervo-correio\/index.php?rest_route=\/wp\/v2\/posts"}],"about":[{"href":"https:\/\/www.ocorreionews.com.br\/acervo-correio\/index.php?rest_route=\/wp\/v2\/types\/post"}],"author":[{"embeddable":true,"href":"https:\/\/www.ocorreionews.com.br\/acervo-correio\/index.php?rest_route=\/wp\/v2\/users\/4"}],"replies":[{"embeddable":true,"href":"https:\/\/www.ocorreionews.com.br\/acervo-correio\/index.php?rest_route=%2Fwp%2Fv2%2Fcomments&post=20363"}],"version-history":[{"count":0,"href":"https:\/\/www.ocorreionews.com.br\/acervo-correio\/index.php?rest_route=\/wp\/v2\/posts\/20363\/revisions"}],"wp:featuredmedia":[{"embeddable":true,"href":"https:\/\/www.ocorreionews.com.br\/acervo-correio\/index.php?rest_route=\/wp\/v2\/media\/20364"}],"wp:attachment":[{"href":"https:\/\/www.ocorreionews.com.br\/acervo-correio\/index.php?rest_route=%2Fwp%2Fv2%2Fmedia&parent=20363"}],"wp:term":[{"taxonomy":"category","embeddable":true,"href":"https:\/\/www.ocorreionews.com.br\/acervo-correio\/index.php?rest_route=%2Fwp%2Fv2%2Fcategories&post=20363"},{"taxonomy":"post_tag","embeddable":true,"href":"https:\/\/www.ocorreionews.com.br\/acervo-correio\/index.php?rest_route=%2Fwp%2Fv2%2Ftags&post=20363"}],"curies":[{"name":"wp","href":"https:\/\/api.w.org\/{rel}","templated":true}]}}