{"id":203727,"date":"2022-04-16T06:35:39","date_gmt":"2022-04-16T10:35:39","guid":{"rendered":"https:\/\/www.ocorreionews.com.br\/acervo-correio\/?p=203727"},"modified":"2022-04-18T07:40:31","modified_gmt":"2022-04-18T11:40:31","slug":"alcinopolis-comemora-30-anos-no-proximo-dia-22-veja-programacao","status":"publish","type":"post","link":"https:\/\/www.ocorreionews.com.br\/acervo-correio\/?p=203727","title":{"rendered":"Alcin\u00f3polis comemora 30 anos no pr\u00f3ximo dia 22. Veja programa\u00e7\u00e3o"},"content":{"rendered":"<blockquote><p><strong><span class=\"d2edcug0 hpfvmrgz qv66sw1b c1et5uql lr9zc1uh a8c37x1j fe6kdd0r mau55g9w c8b282yb keod5gw0 nxhoafnm aigsh9s9 d3f4x2em iv3no6db jq4qci2q a3bd9o3v b1v8xokw oo9gr5id hzawbc8m\" dir=\"auto\">Participe conosco das comemora\u00e7\u00f5es de anivers\u00e1rio de 30 anos de nossa querida Alcin\u00f3polis!<\/span><\/strong><\/p><\/blockquote>\n<p>No pr\u00f3ximo dia 22 o munic\u00edpio de Alcin\u00f3polis estar\u00e1 comemorando seus 30 anos de emancipa\u00e7\u00e3o pol\u00edtico Administrativo. A administra\u00e7\u00e3o municipal, programou dois dias de festividades para comemora a data (veja abaixo nos banner).<\/p>\n<p>O munic\u00edpio de Alcin\u00f3polis efetivou sua emancipa\u00e7\u00e3o do munic\u00edpio de Coxim em 22 de abril de 1992. pela lei n\u00famero 1.262, pelo, ent\u00e3o, governador\u00a0<span class=\"link-external\"><a title=\"Pedro Pedrossian\" href=\"http:\/\/pt.wikipedia.org\/wiki\/Pedro_Pedrossian\">Pedro Pedrossian<\/a><\/span>.<\/p>\n<p>Alcin\u00f3polis \u00e9 um tesouro escondido no Estado e tem atra\u00e7\u00f5es de sobra para conquistar turistas apaixonados pela natureza e pelos registros pr\u00e9-hist\u00f3ricos. Cidade pequena, mas repleta de encantos, especialmente para os amantes de ecoturismo, ela \u00e9 um dos recantos mais intocados do Brasil. A pouca fama da cidade se deve tamb\u00e9m \u00e0 sua juventude.<\/p>\n<p>&nbsp;<\/p>\n<p align=\"left\"><strong>Dados Gerais<\/strong><\/p>\n<p align=\"left\">A popula\u00e7\u00e3o total do munic\u00edpio era de 6 mil habitantes,, Sua \u00c1rea \u00e9 de 4.399,68 km\u00b2 representando 1,23 % do Estado, 0,27 % da Regi\u00e3o e 0,05 % de todo o territ\u00f3rio brasileiro.<\/p>\n<p align=\"left\"><a href=\"https:\/\/www.ocorreionews.com.br\/acervo-correio\/wp-content\/uploads\/2022\/04\/30-anos-2.jpg\"><img loading=\"lazy\" decoding=\"async\" class=\"alignnone size-full wp-image-203728\" src=\"https:\/\/www.ocorreionews.com.br\/acervo-correio\/wp-content\/uploads\/2022\/04\/30-anos-2.jpg\" alt=\"\" width=\"1024\" height=\"1280\" \/><\/a> <a href=\"https:\/\/www.ocorreionews.com.br\/acervo-correio\/wp-content\/uploads\/2022\/04\/30-anos-3.jpg\"><img loading=\"lazy\" decoding=\"async\" class=\"alignnone size-full wp-image-203729\" src=\"https:\/\/www.ocorreionews.com.br\/acervo-correio\/wp-content\/uploads\/2022\/04\/30-anos-3.jpg\" alt=\"\" width=\"1024\" height=\"1280\" \/><\/a><\/p>\n","protected":false},"excerpt":{"rendered":"<p>Participe conosco das comemora\u00e7\u00f5es de anivers\u00e1rio de 30 anos de nossa querida Alcin\u00f3polis! No pr\u00f3ximo dia 22 o munic\u00edpio de Alcin\u00f3polis estar\u00e1 comemorando seus 30 anos de emancipa\u00e7\u00e3o pol\u00edtico Administrativo. A administra\u00e7\u00e3o municipal, programou dois dias de festividades para comemora a data (veja abaixo nos banner). O munic\u00edpio de Alcin\u00f3polis efetivou sua emancipa\u00e7\u00e3o do munic\u00edpio [&hellip;]<\/p>\n","protected":false},"author":4,"featured_media":0,"comment_status":"closed","ping_status":"closed","sticky":false,"template":"","format":"standard","meta":{"footnotes":""},"categories":[18],"tags":[],"class_list":["post-203727","post","type-post","status-publish","format-standard","hentry","category-alcinopolis"],"_links":{"self":[{"href":"https:\/\/www.ocorreionews.com.br\/acervo-correio\/index.php?rest_route=\/wp\/v2\/posts\/203727","targetHints":{"allow":["GET"]}}],"collection":[{"href":"https:\/\/www.ocorreionews.com.br\/acervo-correio\/index.php?rest_route=\/wp\/v2\/posts"}],"about":[{"href":"https:\/\/www.ocorreionews.com.br\/acervo-correio\/index.php?rest_route=\/wp\/v2\/types\/post"}],"author":[{"embeddable":true,"href":"https:\/\/www.ocorreionews.com.br\/acervo-correio\/index.php?rest_route=\/wp\/v2\/users\/4"}],"replies":[{"embeddable":true,"href":"https:\/\/www.ocorreionews.com.br\/acervo-correio\/index.php?rest_route=%2Fwp%2Fv2%2Fcomments&post=203727"}],"version-history":[{"count":1,"href":"https:\/\/www.ocorreionews.com.br\/acervo-correio\/index.php?rest_route=\/wp\/v2\/posts\/203727\/revisions"}],"predecessor-version":[{"id":203731,"href":"https:\/\/www.ocorreionews.com.br\/acervo-correio\/index.php?rest_route=\/wp\/v2\/posts\/203727\/revisions\/203731"}],"wp:attachment":[{"href":"https:\/\/www.ocorreionews.com.br\/acervo-correio\/index.php?rest_route=%2Fwp%2Fv2%2Fmedia&parent=203727"}],"wp:term":[{"taxonomy":"category","embeddable":true,"href":"https:\/\/www.ocorreionews.com.br\/acervo-correio\/index.php?rest_route=%2Fwp%2Fv2%2Fcategories&post=203727"},{"taxonomy":"post_tag","embeddable":true,"href":"https:\/\/www.ocorreionews.com.br\/acervo-correio\/index.php?rest_route=%2Fwp%2Fv2%2Ftags&post=203727"}],"curies":[{"name":"wp","href":"https:\/\/api.w.org\/{rel}","templated":true}]}}