{"id":203746,"date":"2022-04-16T10:18:38","date_gmt":"2022-04-16T14:18:38","guid":{"rendered":"https:\/\/www.ocorreionews.com.br\/acervo-correio\/?p=203746"},"modified":"2022-04-17T05:49:23","modified_gmt":"2022-04-17T09:49:23","slug":"morre-o-pioneiro-de-chapadao-do-ceu-mario-hoffman-canhoto","status":"publish","type":"post","link":"https:\/\/www.ocorreionews.com.br\/acervo-correio\/?p=203746","title":{"rendered":"Morre o pioneiro de Chapad\u00e3o do C\u00e9u M\u00e1rio Hoffman \u201cCanhoto\u201d"},"content":{"rendered":"<p>Morreu neste s\u00e1bado em Jata\u00ed-GO, o pioneiro e produtor rural de Chapad\u00e3o do C\u00e9u &#8211; GO o senhor Irineu M\u00e1rio Hoffman, conhecido como Canhoto, que tinha \u00a073 anos.<\/p>\n<p>Canhoto morre em hospital de Jata\u00ed quando fazia tratamento de sua sa\u00fade.<\/p>\n<p>Segunda o site Jovem Sul News, Irineu foi v\u00edtima de covid-19 no segundo semestre de 2021, sofreu s\u00e9rias consequ\u00eancias e neste s\u00e1bado (16) n\u00e3o resistiu e faleceu. Ele deixa esposa filhos, netos e uma legi\u00e3o de amigos.<\/p>\n<p>O seu corpo est\u00e1 sendo trasladado para Chapad\u00e3o do C\u00e9u, onde ser\u00e1 velado no Sal\u00e3o Paroquial, a partir das 12h00 e o sepultamento ocorre logo mais s 17h30 no cemit\u00e9rio municipal.<\/p>\n<p>Pioneiro na cidade de Chapad\u00e3o do C\u00e9u, a Prefeitura Municipal emitiu uma nota de pesar e declarou Luto Oficial no mun\u00edcipio pelo falecimento de Irineu M\u00e1rio Hoffman.<\/p>\n<p>Confira abaixo a nota:<\/p>\n<p><a href=\"https:\/\/www.ocorreionews.com.br\/acervo-correio\/wp-content\/uploads\/2022\/04\/nota-canhato.jpg\"><img loading=\"lazy\" decoding=\"async\" class=\"alignnone size-full wp-image-203748\" src=\"https:\/\/www.ocorreionews.com.br\/acervo-correio\/wp-content\/uploads\/2022\/04\/nota-canhato.jpg\" alt=\"\" width=\"526\" height=\"526\" srcset=\"https:\/\/www.ocorreionews.com.br\/acervo-correio\/wp-content\/uploads\/2022\/04\/nota-canhato.jpg 526w, https:\/\/www.ocorreionews.com.br\/acervo-correio\/wp-content\/uploads\/2022\/04\/nota-canhato-300x300.jpg 300w, https:\/\/www.ocorreionews.com.br\/acervo-correio\/wp-content\/uploads\/2022\/04\/nota-canhato-150x150.jpg 150w\" sizes=\"auto, (max-width: 526px) 100vw, 526px\" \/><\/a><\/p>\n<p>&nbsp;<\/p>\n<p>*Editado para acr\u00e9scimo de informa\u00e7\u00f5es<\/p>\n","protected":false},"excerpt":{"rendered":"<p>Morreu neste s\u00e1bado em Jata\u00ed-GO, o pioneiro e produtor rural de Chapad\u00e3o do C\u00e9u &#8211; GO o senhor Irineu M\u00e1rio Hoffman, conhecido como Canhoto, que tinha \u00a073 anos. Canhoto morre em hospital de Jata\u00ed quando fazia tratamento de sua sa\u00fade. Segunda o site Jovem Sul News, Irineu foi v\u00edtima de covid-19 no segundo semestre de [&hellip;]<\/p>\n","protected":false},"author":5,"featured_media":203747,"comment_status":"closed","ping_status":"closed","sticky":false,"template":"","format":"standard","meta":{"footnotes":""},"categories":[22],"tags":[],"class_list":["post-203746","post","type-post","status-publish","format-standard","has-post-thumbnail","hentry","category-chapadao-do-ceu"],"_links":{"self":[{"href":"https:\/\/www.ocorreionews.com.br\/acervo-correio\/index.php?rest_route=\/wp\/v2\/posts\/203746","targetHints":{"allow":["GET"]}}],"collection":[{"href":"https:\/\/www.ocorreionews.com.br\/acervo-correio\/index.php?rest_route=\/wp\/v2\/posts"}],"about":[{"href":"https:\/\/www.ocorreionews.com.br\/acervo-correio\/index.php?rest_route=\/wp\/v2\/types\/post"}],"author":[{"embeddable":true,"href":"https:\/\/www.ocorreionews.com.br\/acervo-correio\/index.php?rest_route=\/wp\/v2\/users\/5"}],"replies":[{"embeddable":true,"href":"https:\/\/www.ocorreionews.com.br\/acervo-correio\/index.php?rest_route=%2Fwp%2Fv2%2Fcomments&post=203746"}],"version-history":[{"count":1,"href":"https:\/\/www.ocorreionews.com.br\/acervo-correio\/index.php?rest_route=\/wp\/v2\/posts\/203746\/revisions"}],"predecessor-version":[{"id":203768,"href":"https:\/\/www.ocorreionews.com.br\/acervo-correio\/index.php?rest_route=\/wp\/v2\/posts\/203746\/revisions\/203768"}],"wp:featuredmedia":[{"embeddable":true,"href":"https:\/\/www.ocorreionews.com.br\/acervo-correio\/index.php?rest_route=\/wp\/v2\/media\/203747"}],"wp:attachment":[{"href":"https:\/\/www.ocorreionews.com.br\/acervo-correio\/index.php?rest_route=%2Fwp%2Fv2%2Fmedia&parent=203746"}],"wp:term":[{"taxonomy":"category","embeddable":true,"href":"https:\/\/www.ocorreionews.com.br\/acervo-correio\/index.php?rest_route=%2Fwp%2Fv2%2Fcategories&post=203746"},{"taxonomy":"post_tag","embeddable":true,"href":"https:\/\/www.ocorreionews.com.br\/acervo-correio\/index.php?rest_route=%2Fwp%2Fv2%2Ftags&post=203746"}],"curies":[{"name":"wp","href":"https:\/\/api.w.org\/{rel}","templated":true}]}}