{"id":20375,"date":"2016-02-11T10:19:00","date_gmt":"2016-02-11T13:19:00","guid":{"rendered":"https:\/\/ocorreionews.com.br\/?p=20375"},"modified":"2016-02-11T10:19:00","modified_gmt":"2016-02-11T13:19:00","slug":"prefeitura-realizara-reuniao-com-academicos-que-estudam-em-outro-municipio","status":"publish","type":"post","link":"https:\/\/www.ocorreionews.com.br\/acervo-correio\/?p=20375","title":{"rendered":"Prefeitura realizar\u00e1 reuni\u00e3o com acad\u00eamicos que estudam em outro munic\u00edpio"},"content":{"rendered":"<p>A Prefeitura Municipal de Para\u00edso das \u00c1guas realiza hoje, dia 11 de fevereiro, \u00a0a partir das 16 horas, uma reuni\u00e3o na plen\u00e1ria da C\u00e2mara Municipal onde ser\u00e3o tratados assuntos referentes ao transporte escolar dos acad\u00eamicos que fazem faculdade em outro munic\u00edpio.<\/p>\n<p>Para que a reuni\u00e3o atinja os objetivos propostos\u00a0 \u00e9 de suma import\u00e2ncia \u00e0 presen\u00e7a de todos acad\u00eamicos que utilizam o transporte municipal para seu deslocamento.<\/p>\n<p>Vale ressaltar que o prefeito do munic\u00edpio Ivan da Cruz Pereira (Xixi) tamb\u00e9m estar\u00e1 presente no evento.<\/p>\n<p>&nbsp;<\/p>\n<p>ASSECOM- Prefeitura Municipal de Para\u00edso das \u00c1guas- MS<\/p>\n<p>&nbsp;<\/p>\n<p>Texto: Daniela Loss\u00e1vero<\/p>\n","protected":false},"excerpt":{"rendered":"<p>A Prefeitura Municipal de Para\u00edso das \u00c1guas realiza hoje, dia 11 de fevereiro, \u00a0a partir das 16 horas, uma reuni\u00e3o na plen\u00e1ria da C\u00e2mara Municipal onde ser\u00e3o tratados assuntos referentes ao transporte escolar dos acad\u00eamicos que fazem faculdade em outro munic\u00edpio. Para que a reuni\u00e3o atinja os objetivos propostos\u00a0 \u00e9 de suma import\u00e2ncia \u00e0 presen\u00e7a [&hellip;]<\/p>\n","protected":false},"author":4,"featured_media":877,"comment_status":"closed","ping_status":"closed","sticky":false,"template":"","format":"standard","meta":{"footnotes":""},"categories":[36],"tags":[],"class_list":["post-20375","post","type-post","status-publish","format-standard","has-post-thumbnail","hentry","category-paraiso-das-aguas"],"_links":{"self":[{"href":"https:\/\/www.ocorreionews.com.br\/acervo-correio\/index.php?rest_route=\/wp\/v2\/posts\/20375","targetHints":{"allow":["GET"]}}],"collection":[{"href":"https:\/\/www.ocorreionews.com.br\/acervo-correio\/index.php?rest_route=\/wp\/v2\/posts"}],"about":[{"href":"https:\/\/www.ocorreionews.com.br\/acervo-correio\/index.php?rest_route=\/wp\/v2\/types\/post"}],"author":[{"embeddable":true,"href":"https:\/\/www.ocorreionews.com.br\/acervo-correio\/index.php?rest_route=\/wp\/v2\/users\/4"}],"replies":[{"embeddable":true,"href":"https:\/\/www.ocorreionews.com.br\/acervo-correio\/index.php?rest_route=%2Fwp%2Fv2%2Fcomments&post=20375"}],"version-history":[{"count":0,"href":"https:\/\/www.ocorreionews.com.br\/acervo-correio\/index.php?rest_route=\/wp\/v2\/posts\/20375\/revisions"}],"wp:featuredmedia":[{"embeddable":true,"href":"https:\/\/www.ocorreionews.com.br\/acervo-correio\/index.php?rest_route=\/wp\/v2\/media\/877"}],"wp:attachment":[{"href":"https:\/\/www.ocorreionews.com.br\/acervo-correio\/index.php?rest_route=%2Fwp%2Fv2%2Fmedia&parent=20375"}],"wp:term":[{"taxonomy":"category","embeddable":true,"href":"https:\/\/www.ocorreionews.com.br\/acervo-correio\/index.php?rest_route=%2Fwp%2Fv2%2Fcategories&post=20375"},{"taxonomy":"post_tag","embeddable":true,"href":"https:\/\/www.ocorreionews.com.br\/acervo-correio\/index.php?rest_route=%2Fwp%2Fv2%2Ftags&post=20375"}],"curies":[{"name":"wp","href":"https:\/\/api.w.org\/{rel}","templated":true}]}}