{"id":203757,"date":"2022-04-16T10:46:10","date_gmt":"2022-04-16T14:46:10","guid":{"rendered":"https:\/\/www.ocorreionews.com.br\/acervo-correio\/?p=203757"},"modified":"2022-04-16T10:46:10","modified_gmt":"2022-04-16T14:46:10","slug":"veiculo-capota-pega-fogo-e-condutor-morre-carbonizado-na-ms-436-em-camapua","status":"publish","type":"post","link":"https:\/\/www.ocorreionews.com.br\/acervo-correio\/?p=203757","title":{"rendered":"Ve\u00edculo capota, pega fogo e condutor morre carbonizado na MS-436 em Camapu\u00e3"},"content":{"rendered":"<p>Um ve\u00edculo modelo Lifan 620 capotou e pegou fogo na \u00faltima quinta-feira (14), na MS-436, em Camapu\u00e3, cidade a 140 quil\u00f4metros de Campo Grande. O condutor do ve\u00edculo, Ari Queiroz Almeida, de 51 anos, morreu carbonizado, segundo o registro da ocorr\u00eancia.<\/p>\n<p>As pol\u00edcias Civil e Militar Rodovi\u00e1ria atenderam ao acidente. Conforme os levantamentos feitos no local, o ve\u00edculo capotou em uma descida, a 30 quil\u00f4metros da cidade de Camapu\u00e3, e pegou fogo em seguida.<\/p>\n<p>O condutor foi arremessado para fora do ve\u00edculo no acidente e carbonizado no inc\u00eandio. O corpo foi encaminhado ao IML (Instituto M\u00e9dico Legal) de Coxim.<\/p>\n<p>O caso foi registrado como morte a esclarecer na Delegacia de Pol\u00edcia Civil de Camapu\u00e3<\/p>\n<p>&nbsp;<\/p>\n<p>&nbsp;<\/p>\n<p>*<strong>Wendy Tonhati, Midiamax<\/strong><\/p>\n","protected":false},"excerpt":{"rendered":"<p>Um ve\u00edculo modelo Lifan 620 capotou e pegou fogo na \u00faltima quinta-feira (14), na MS-436, em Camapu\u00e3, cidade a 140 quil\u00f4metros de Campo Grande. O condutor do ve\u00edculo, Ari Queiroz Almeida, de 51 anos, morreu carbonizado, segundo o registro da ocorr\u00eancia. As pol\u00edcias Civil e Militar Rodovi\u00e1ria atenderam ao acidente. Conforme os levantamentos feitos no [&hellip;]<\/p>\n","protected":false},"author":5,"featured_media":203761,"comment_status":"closed","ping_status":"closed","sticky":false,"template":"","format":"standard","meta":{"footnotes":""},"categories":[38],"tags":[],"class_list":["post-203757","post","type-post","status-publish","format-standard","has-post-thumbnail","hentry","category-policia"],"_links":{"self":[{"href":"https:\/\/www.ocorreionews.com.br\/acervo-correio\/index.php?rest_route=\/wp\/v2\/posts\/203757","targetHints":{"allow":["GET"]}}],"collection":[{"href":"https:\/\/www.ocorreionews.com.br\/acervo-correio\/index.php?rest_route=\/wp\/v2\/posts"}],"about":[{"href":"https:\/\/www.ocorreionews.com.br\/acervo-correio\/index.php?rest_route=\/wp\/v2\/types\/post"}],"author":[{"embeddable":true,"href":"https:\/\/www.ocorreionews.com.br\/acervo-correio\/index.php?rest_route=\/wp\/v2\/users\/5"}],"replies":[{"embeddable":true,"href":"https:\/\/www.ocorreionews.com.br\/acervo-correio\/index.php?rest_route=%2Fwp%2Fv2%2Fcomments&post=203757"}],"version-history":[{"count":1,"href":"https:\/\/www.ocorreionews.com.br\/acervo-correio\/index.php?rest_route=\/wp\/v2\/posts\/203757\/revisions"}],"predecessor-version":[{"id":203763,"href":"https:\/\/www.ocorreionews.com.br\/acervo-correio\/index.php?rest_route=\/wp\/v2\/posts\/203757\/revisions\/203763"}],"wp:featuredmedia":[{"embeddable":true,"href":"https:\/\/www.ocorreionews.com.br\/acervo-correio\/index.php?rest_route=\/wp\/v2\/media\/203761"}],"wp:attachment":[{"href":"https:\/\/www.ocorreionews.com.br\/acervo-correio\/index.php?rest_route=%2Fwp%2Fv2%2Fmedia&parent=203757"}],"wp:term":[{"taxonomy":"category","embeddable":true,"href":"https:\/\/www.ocorreionews.com.br\/acervo-correio\/index.php?rest_route=%2Fwp%2Fv2%2Fcategories&post=203757"},{"taxonomy":"post_tag","embeddable":true,"href":"https:\/\/www.ocorreionews.com.br\/acervo-correio\/index.php?rest_route=%2Fwp%2Fv2%2Ftags&post=203757"}],"curies":[{"name":"wp","href":"https:\/\/api.w.org\/{rel}","templated":true}]}}