{"id":203760,"date":"2022-04-16T10:52:35","date_gmt":"2022-04-16T14:52:35","guid":{"rendered":"https:\/\/www.ocorreionews.com.br\/acervo-correio\/?p=203760"},"modified":"2022-04-16T11:08:32","modified_gmt":"2022-04-16T15:08:32","slug":"ladrao-e-preso-apos-posta-venda-de-bicicletas-furtadas-em-chapadao-do-sul-nas-redes-sociais","status":"publish","type":"post","link":"https:\/\/www.ocorreionews.com.br\/acervo-correio\/?p=203760","title":{"rendered":"Ladr\u00e3o \u00e9 preso ap\u00f3s posta venda de bicicletas furtadas em Chapad\u00e3o do Sul nas redes sociais"},"content":{"rendered":"<div class=\"elementor-element elementor-element-d77ec93 elementor-widget elementor-widget-theme-post-content\" data-id=\"d77ec93\" data-element_type=\"widget\" data-widget_type=\"theme-post-content.default\">\n<div class=\"elementor-widget-container\">\n<p>Um\u00a0 ladr\u00e3o de bicicletas e suspeito de v\u00e1rios furtos , colocou uma das bicicletas \u00e0 venda em rede social em Chapad\u00e3o do Sul.<\/p>\n<p>Uma das v\u00edtimas acessou a p\u00e1gina e acionou a Pol\u00edcia Militar que mobilizou tr\u00eas guarni\u00e7\u00f5es e partiu para a captura do ladr\u00e3o.<\/p>\n<p>Logo descobriu a localiza\u00e7\u00e3o de pelo menos cinco bicicletas, prendeu o homem e uma mulher por recepta\u00e7\u00e3o, recuperou uma moto sem documenta\u00e7\u00e3o e apreendeu dois celulares. A a\u00e7\u00e3o exitosa da PM se deu na manh\u00e3 de sexta-feira (15) com a intercepta\u00e7\u00e3o do ladr\u00e3o nas imedia\u00e7\u00f5es do supermercado Mega Atacado, no Esplanada.<\/p>\n<p>Furtos de bicicletas \u00e9 um dos crimes mais praticados pelos ladr\u00f5es que ronda supermercados e outros estabelecimentos comerciais em Chapad\u00e3o do Sul.\u00a0 H\u00e1 v\u00e1rios registros de empregadas dom\u00e9sticas que saem das casas dos patr\u00f5es de bicicleta para comprar os ingredientes do almo\u00e7o e voltam a p\u00e9. S\u00e3o pessoas humildes que usam estes ve\u00edculos nos deslocamentos di\u00e1rios para o trabalho e acabam levando meses para a comprar uma nova.<\/p>\n<p>Ao ser abordado o ladr\u00e3o estava com uma bicicleta branca \u2013 tamb\u00e9m furtada \u2013 e informou o paradeiro de outras tr\u00eas, entre elas a anunciada para venda em rede social em Chapad\u00e3o do Sul. A dona da casa confirmou a compra das tr\u00eas bikes do ladr\u00e3o e recebeu voz de pris\u00e3o por recepta\u00e7\u00e3o. J\u00e1 na resid\u00eancia do \u201cm\u00e3o leve\u201d os PMs acharam um moto Honda placa NIZ-4739 sem documenta\u00e7\u00e3o. As cinco bicicletas, a moto e os celulares foram encaminhados \u00e0 Delegacia de Pol\u00edcia Civil.<\/p>\n<p>Al\u00e9m da cara de pau de furtar bicicletas de pessoas humildes que as usam para trabalhar o ladr\u00e3o ainda anuncia a venda em redes sociais. Em seu celular tinha v\u00e1rios contatos tentativas de comercializa\u00e7\u00e3o dos produtos furtados. No Facebook a imagem possibilita o reconhecimento dos objetos pelas v\u00edtimas. Pelo volume da apreens\u00e3o a PM tirou de circula\u00e7\u00e3o um dos mais ativos ladr\u00f5es de bicicletas de Chapad\u00e3o do Sul.<\/p>\n<figure class=\"wp-block-gallery has-nested-images columns-default is-cropped\">\n<figure class=\"wp-block-image size-large\"><img loading=\"lazy\" decoding=\"async\" class=\"wp-image-29137\" src=\"https:\/\/chapadensenews.com.br\/wp-content\/uploads\/2022\/04\/f0948f70-0e41-4c8b-bcbd-b4144edf63ed-2.jpg\" sizes=\"auto, (max-width: 1280px) 100vw, 1280px\" srcset=\"https:\/\/chapadensenews.com.br\/wp-content\/uploads\/2022\/04\/f0948f70-0e41-4c8b-bcbd-b4144edf63ed-2.jpg 1280w, https:\/\/chapadensenews.com.br\/wp-content\/uploads\/2022\/04\/f0948f70-0e41-4c8b-bcbd-b4144edf63ed-2-1260x945.jpg 1260w, https:\/\/chapadensenews.com.br\/wp-content\/uploads\/2022\/04\/f0948f70-0e41-4c8b-bcbd-b4144edf63ed-2-768x576.jpg 768w\" alt=\"\" width=\"1280\" height=\"960\" data-id=\"29137\" \/><\/figure>\n<figure class=\"wp-block-image size-large\"><img loading=\"lazy\" decoding=\"async\" class=\"wp-image-29135\" src=\"https:\/\/chapadensenews.com.br\/wp-content\/uploads\/2022\/04\/34728d4d-2715-4045-a9a1-393bce7f01c9-4.jpg\" sizes=\"auto, (max-width: 1280px) 100vw, 1280px\" srcset=\"https:\/\/chapadensenews.com.br\/wp-content\/uploads\/2022\/04\/34728d4d-2715-4045-a9a1-393bce7f01c9-4.jpg 1280w, https:\/\/chapadensenews.com.br\/wp-content\/uploads\/2022\/04\/34728d4d-2715-4045-a9a1-393bce7f01c9-4-1260x709.jpg 1260w, https:\/\/chapadensenews.com.br\/wp-content\/uploads\/2022\/04\/34728d4d-2715-4045-a9a1-393bce7f01c9-4-768x432.jpg 768w\" alt=\"\" width=\"1280\" height=\"720\" data-id=\"29135\" \/><\/figure>\n<figure class=\"wp-block-image size-large\"><img loading=\"lazy\" decoding=\"async\" class=\"wp-image-29138\" src=\"https:\/\/chapadensenews.com.br\/wp-content\/uploads\/2022\/04\/32b3d917-62f8-4ea4-a964-e2e74801df88-5.jpg\" sizes=\"auto, (max-width: 903px) 100vw, 903px\" srcset=\"https:\/\/chapadensenews.com.br\/wp-content\/uploads\/2022\/04\/32b3d917-62f8-4ea4-a964-e2e74801df88-5.jpg 903w, https:\/\/chapadensenews.com.br\/wp-content\/uploads\/2022\/04\/32b3d917-62f8-4ea4-a964-e2e74801df88-5-889x1260.jpg 889w, https:\/\/chapadensenews.com.br\/wp-content\/uploads\/2022\/04\/32b3d917-62f8-4ea4-a964-e2e74801df88-5-768x1089.jpg 768w\" alt=\"\" width=\"903\" height=\"1280\" data-id=\"29138\" \/><\/figure>\n<\/figure>\n<\/div>\n<\/div>\n<div class=\"elementor-element elementor-element-bb6f887 elementor-grid-mobile-0 elementor-share-buttons--view-icon-text elementor-share-buttons--skin-gradient elementor-share-buttons--shape-square elementor-grid-0 elementor-share-buttons--color-official elementor-widget elementor-widget-share-buttons\" data-id=\"bb6f887\" data-element_type=\"widget\" data-widget_type=\"share-buttons.default\">\n<div class=\"elementor-widget-container\">\n<div class=\"elementor-grid\">\n<div class=\"elementor-grid-item\">\n<div class=\"elementor-share-btn elementor-share-btn_facebook\">*Chapadense News &#8211; C\u00e9sar Rodrigues<\/div>\n<\/div>\n<\/div>\n<\/div>\n<\/div>\n","protected":false},"excerpt":{"rendered":"<p>Um\u00a0 ladr\u00e3o de bicicletas e suspeito de v\u00e1rios furtos , colocou uma das bicicletas \u00e0 venda em rede social em Chapad\u00e3o do Sul. Uma das v\u00edtimas acessou a p\u00e1gina e acionou a Pol\u00edcia Militar que mobilizou tr\u00eas guarni\u00e7\u00f5es e partiu para a captura do ladr\u00e3o. Logo descobriu a localiza\u00e7\u00e3o de pelo menos cinco bicicletas, prendeu [&hellip;]<\/p>\n","protected":false},"author":5,"featured_media":203762,"comment_status":"closed","ping_status":"closed","sticky":false,"template":"","format":"standard","meta":{"footnotes":""},"categories":[23,38],"tags":[],"class_list":["post-203760","post","type-post","status-publish","format-standard","has-post-thumbnail","hentry","category-chapadao-do-sul","category-policia"],"_links":{"self":[{"href":"https:\/\/www.ocorreionews.com.br\/acervo-correio\/index.php?rest_route=\/wp\/v2\/posts\/203760","targetHints":{"allow":["GET"]}}],"collection":[{"href":"https:\/\/www.ocorreionews.com.br\/acervo-correio\/index.php?rest_route=\/wp\/v2\/posts"}],"about":[{"href":"https:\/\/www.ocorreionews.com.br\/acervo-correio\/index.php?rest_route=\/wp\/v2\/types\/post"}],"author":[{"embeddable":true,"href":"https:\/\/www.ocorreionews.com.br\/acervo-correio\/index.php?rest_route=\/wp\/v2\/users\/5"}],"replies":[{"embeddable":true,"href":"https:\/\/www.ocorreionews.com.br\/acervo-correio\/index.php?rest_route=%2Fwp%2Fv2%2Fcomments&post=203760"}],"version-history":[{"count":1,"href":"https:\/\/www.ocorreionews.com.br\/acervo-correio\/index.php?rest_route=\/wp\/v2\/posts\/203760\/revisions"}],"predecessor-version":[{"id":203774,"href":"https:\/\/www.ocorreionews.com.br\/acervo-correio\/index.php?rest_route=\/wp\/v2\/posts\/203760\/revisions\/203774"}],"wp:featuredmedia":[{"embeddable":true,"href":"https:\/\/www.ocorreionews.com.br\/acervo-correio\/index.php?rest_route=\/wp\/v2\/media\/203762"}],"wp:attachment":[{"href":"https:\/\/www.ocorreionews.com.br\/acervo-correio\/index.php?rest_route=%2Fwp%2Fv2%2Fmedia&parent=203760"}],"wp:term":[{"taxonomy":"category","embeddable":true,"href":"https:\/\/www.ocorreionews.com.br\/acervo-correio\/index.php?rest_route=%2Fwp%2Fv2%2Fcategories&post=203760"},{"taxonomy":"post_tag","embeddable":true,"href":"https:\/\/www.ocorreionews.com.br\/acervo-correio\/index.php?rest_route=%2Fwp%2Fv2%2Ftags&post=203760"}],"curies":[{"name":"wp","href":"https:\/\/api.w.org\/{rel}","templated":true}]}}