{"id":203769,"date":"2022-04-16T11:06:45","date_gmt":"2022-04-16T15:06:45","guid":{"rendered":"https:\/\/www.ocorreionews.com.br\/acervo-correio\/?p=203769"},"modified":"2022-04-16T11:06:45","modified_gmt":"2022-04-16T15:06:45","slug":"crianca-de-12-anos-desaparece-apos-pai-perder-controle-de-carro-e-cair-em-rio-de-ms","status":"publish","type":"post","link":"https:\/\/www.ocorreionews.com.br\/acervo-correio\/?p=203769","title":{"rendered":"Crian\u00e7a de 12 anos desaparece ap\u00f3s pai perder controle de carro e cair em rio de MS"},"content":{"rendered":"<div class=\"mc-column content-text active-extra-styles \" data-block-type=\"unstyled\" data-block-weight=\"41\" data-block-id=\"2\">\n<p class=\"content-text__container \" data-track-category=\"Link no Texto\" data-track-links=\"\">Um menino, de 12 anos, desapareceu no Rio Salobra, em Bodoquena, a 251 km de Campo Grande, ap\u00f3s o pai da crian\u00e7a perder o controle do carro e cair de uma ponte de madeira, por volta das 23h desta quinta-feira (14).<\/p>\n<p data-track-category=\"Link no Texto\" data-track-links=\"\">\n<\/div>\n<div class=\"wall protected-content\">\n<div class=\"mc-column content-text active-extra-styles \" data-block-type=\"unstyled\" data-block-weight=\"20\" data-block-id=\"3\">\n<p class=\"content-text__container \" data-track-category=\"Link no Texto\" data-track-links=\"\">Segundo o Corpo de Bombeiros de Bonito, o pai conseguiu sair da \u00e1gua, mas a crian\u00e7a j\u00e1 havia desaparecido.<\/p>\n<p data-track-category=\"Link no Texto\" data-track-links=\"\">\n<\/div>\n<div class=\"mc-column content-text active-extra-styles \" data-block-type=\"unstyled\" data-block-weight=\"21\" data-block-id=\"4\">\n<p class=\"content-text__container \" data-track-category=\"Link no Texto\" data-track-links=\"\">No local, tr\u00eas militares, incluindo dois mergulhadores, trabalham nas buscas pelo menino e as causas do acidente ainda est\u00e3o sendo investigadas.<\/p>\n<\/div>\n<\/div>\n<p data-track-category=\"Link no Texto\" data-track-links=\"\">\n<p data-track-category=\"Link no Texto\" data-track-links=\"\">G1 MS<\/p>\n","protected":false},"excerpt":{"rendered":"<p>Um menino, de 12 anos, desapareceu no Rio Salobra, em Bodoquena, a 251 km de Campo Grande, ap\u00f3s o pai da crian\u00e7a perder o controle do carro e cair de uma ponte de madeira, por volta das 23h desta quinta-feira (14). Segundo o Corpo de Bombeiros de Bonito, o pai conseguiu sair da \u00e1gua, mas [&hellip;]<\/p>\n","protected":false},"author":5,"featured_media":203772,"comment_status":"closed","ping_status":"closed","sticky":false,"template":"","format":"standard","meta":{"footnotes":""},"categories":[38],"tags":[],"class_list":["post-203769","post","type-post","status-publish","format-standard","has-post-thumbnail","hentry","category-policia"],"_links":{"self":[{"href":"https:\/\/www.ocorreionews.com.br\/acervo-correio\/index.php?rest_route=\/wp\/v2\/posts\/203769","targetHints":{"allow":["GET"]}}],"collection":[{"href":"https:\/\/www.ocorreionews.com.br\/acervo-correio\/index.php?rest_route=\/wp\/v2\/posts"}],"about":[{"href":"https:\/\/www.ocorreionews.com.br\/acervo-correio\/index.php?rest_route=\/wp\/v2\/types\/post"}],"author":[{"embeddable":true,"href":"https:\/\/www.ocorreionews.com.br\/acervo-correio\/index.php?rest_route=\/wp\/v2\/users\/5"}],"replies":[{"embeddable":true,"href":"https:\/\/www.ocorreionews.com.br\/acervo-correio\/index.php?rest_route=%2Fwp%2Fv2%2Fcomments&post=203769"}],"version-history":[{"count":1,"href":"https:\/\/www.ocorreionews.com.br\/acervo-correio\/index.php?rest_route=\/wp\/v2\/posts\/203769\/revisions"}],"predecessor-version":[{"id":203773,"href":"https:\/\/www.ocorreionews.com.br\/acervo-correio\/index.php?rest_route=\/wp\/v2\/posts\/203769\/revisions\/203773"}],"wp:featuredmedia":[{"embeddable":true,"href":"https:\/\/www.ocorreionews.com.br\/acervo-correio\/index.php?rest_route=\/wp\/v2\/media\/203772"}],"wp:attachment":[{"href":"https:\/\/www.ocorreionews.com.br\/acervo-correio\/index.php?rest_route=%2Fwp%2Fv2%2Fmedia&parent=203769"}],"wp:term":[{"taxonomy":"category","embeddable":true,"href":"https:\/\/www.ocorreionews.com.br\/acervo-correio\/index.php?rest_route=%2Fwp%2Fv2%2Fcategories&post=203769"},{"taxonomy":"post_tag","embeddable":true,"href":"https:\/\/www.ocorreionews.com.br\/acervo-correio\/index.php?rest_route=%2Fwp%2Fv2%2Ftags&post=203769"}],"curies":[{"name":"wp","href":"https:\/\/api.w.org\/{rel}","templated":true}]}}