{"id":20377,"date":"2016-02-11T10:26:16","date_gmt":"2016-02-11T13:26:16","guid":{"rendered":"https:\/\/ocorreionews.com.br\/?p=20377"},"modified":"2016-02-11T10:26:16","modified_gmt":"2016-02-11T13:26:16","slug":"uems-publica-1a-chamada-da-lista-de-espera-do-sisu-2016","status":"publish","type":"post","link":"https:\/\/www.ocorreionews.com.br\/acervo-correio\/?p=20377","title":{"rendered":"UEMS publica 1\u00aa chamada da Lista de Espera do Sisu 2016"},"content":{"rendered":"<p>A Universidade Estadual de Mato Grosso do Sul (UEMS) publicou Edital referente \u00e0 1\u00aa Chamada da Lista de Espera do Processo de Sele\u00e7\u00e3o Unificada \u2013 Sisu\/2016. O documento convoca os classificados para participar da Reuni\u00e3o P\u00fablica a ser realizada na pr\u00f3xima sexta-feira (12), \u00e0s 13h, nas respectivas Unidades Universit\u00e1rias da UEMS.<\/p>\n<p>O\u00a0objetivo \u00e9 preencher remanescentes nos cursos de gradua\u00e7\u00e3o ofertados pela Institui\u00e7\u00e3o.\u00a0Os candidatos titulares e suplentes ou seus representantes interessados em efetuar a matr\u00edcula dever\u00e3o comparecer \u00e0 reuni\u00e3o com no m\u00ednimo uma hora de anteced\u00eancia.<\/p>\n<p>O n\u00e3o comparecimento \u00e0 reuni\u00e3o p\u00fablica, nos locais e hor\u00e1rios indicados, tanto por parte dos titulares e dos suplentes \u00e0s vagas ofertadas pela UEMS resulta na desclassifica\u00e7\u00e3o dos convocados com perda autom\u00e1tica do direito \u00e0 matr\u00edcula e da perman\u00eancia na lista de espera gerada pelo SISU para poss\u00edveis chamadas futuras.<\/p>\n<p>De acordo com o Diret\u00f3rio de Registro Acad\u00eamico (DRA), somente poder\u00e3o participar do processo seletivo os candidatos que confirmaram o interesse na vaga durante o per\u00edodo de 18 a 29 de janeiro de 2016, especificado no Edital do Sisu.<\/p>\n<p>Em Dourados, os candidatos dever\u00e3o comparecer nos seguintes locais, conforme os respectivos cursos:<\/p>\n<p>\u2013 Anfiteatro do Bloco A: Direito, Engenharia Ambiental, Engenharia F\u00edsica, F\u00edsica, Letras (Ingl\u00eas e Espanhol), Pedagogia, Qu\u00edmica, Qu\u00edmica Industrial.<\/p>\n<p>\u2013 Anfiteatro do Bloco G: Ci\u00eancia da Computa\u00e7\u00e3o, Ci\u00eancias Biol\u00f3gicas (Bacharelado e Licenciatura), Enfermagem, Matem\u00e1tica, Sistemas de Informa\u00e7\u00e3o e Turismo.<\/p>\n<p><strong><em>Documentos para\u00a0matr\u00edcula<\/em><\/strong><\/p>\n<p>I \u2013 certid\u00e3o de registro civil de nascimento ou de casamento;<br \/>\nII \u2013 c\u00e9dula de identidade;<br \/>\nIII \u2013 t\u00edtulo eleitoral e quita\u00e7\u00e3o eleitoral, dispon\u00edvel na internet;<br \/>\nIV \u2013 cadastro de pessoa f\u00edsica;<br \/>\nV \u2013 certid\u00e3o de alistamento militar ou de quita\u00e7\u00e3o com o servi\u00e7o militar, para maior de\u00a0dezoito anos, se do sexo masculino;<br \/>\nVI \u2013 1 (uma) fotografia 3\u00d74 recente;<br \/>\nVII \u2013 hist\u00f3rico escolar do Ensino M\u00e9dio em qualquer modalidade ou diploma de ensino\u00a0superior registrado pelo \u00f3rg\u00e3o competente por Declara\u00e7\u00e3o\/Certificado de Conclus\u00e3o de Ensino M\u00e9dio e assinatura do Termo de Compromisso).<\/p>\n<p><strong><em>Cotistas<\/em><\/strong><\/p>\n<p>Os candidatos cotistas dever\u00e3o passar por uma banca avaliadora que expedir\u00e1 um documento deferindo ou indeferindo a realiza\u00e7\u00e3o da matr\u00edcula.\u00a0As bancas de avalia\u00e7\u00e3o dos candidatos cotistas negros estar\u00e3o dispon\u00edveis nos dias e hor\u00e1rios de matr\u00edculas, das 13h \u00e0s 17h, nas Unidades Universit\u00e1rias de Aquidauana, Campo Grande e Parana\u00edba.\u00a0Na unidade universit\u00e1ria de Dourados o atendimento ser\u00e1 das 08:30h \u00e0s 11h e das 13h \u00e0s 17h.<\/p>\n<p>Confira a rela\u00e7\u00e3o completa dos candidatos constantes na 1\u00aa Chamada da Lista de Espera, bem como todos os detalhes do processo de matr\u00edcula no Edital dispon\u00edvel <a href=\"http:\/\/www.portal.uems.br\/assets\/uploads\/noticias\/fde8aed3e24b3c6438368b12ff7c1401\/1_fde8aed3e24b3c6438368b12ff7c1401_2016-02-10_15-46-12.pdf\">neste link<\/a>.<\/p>\n<p>&nbsp;<\/p>\n<p>&nbsp;<\/p>\n<p>&nbsp;<\/p>\n<p>Noticias MS<\/p>\n","protected":false},"excerpt":{"rendered":"<p>A Universidade Estadual de Mato Grosso do Sul (UEMS) publicou Edital referente \u00e0 1\u00aa Chamada da Lista de Espera do Processo de Sele\u00e7\u00e3o Unificada \u2013 Sisu\/2016. O documento convoca os classificados para participar da Reuni\u00e3o P\u00fablica a ser realizada na pr\u00f3xima sexta-feira (12), \u00e0s 13h, nas respectivas Unidades Universit\u00e1rias da UEMS. O\u00a0objetivo \u00e9 preencher remanescentes [&hellip;]<\/p>\n","protected":false},"author":4,"featured_media":19974,"comment_status":"closed","ping_status":"closed","sticky":false,"template":"","format":"standard","meta":{"footnotes":""},"categories":[27],"tags":[],"class_list":["post-20377","post","type-post","status-publish","format-standard","has-post-thumbnail","hentry","category-educacao"],"_links":{"self":[{"href":"https:\/\/www.ocorreionews.com.br\/acervo-correio\/index.php?rest_route=\/wp\/v2\/posts\/20377","targetHints":{"allow":["GET"]}}],"collection":[{"href":"https:\/\/www.ocorreionews.com.br\/acervo-correio\/index.php?rest_route=\/wp\/v2\/posts"}],"about":[{"href":"https:\/\/www.ocorreionews.com.br\/acervo-correio\/index.php?rest_route=\/wp\/v2\/types\/post"}],"author":[{"embeddable":true,"href":"https:\/\/www.ocorreionews.com.br\/acervo-correio\/index.php?rest_route=\/wp\/v2\/users\/4"}],"replies":[{"embeddable":true,"href":"https:\/\/www.ocorreionews.com.br\/acervo-correio\/index.php?rest_route=%2Fwp%2Fv2%2Fcomments&post=20377"}],"version-history":[{"count":0,"href":"https:\/\/www.ocorreionews.com.br\/acervo-correio\/index.php?rest_route=\/wp\/v2\/posts\/20377\/revisions"}],"wp:featuredmedia":[{"embeddable":true,"href":"https:\/\/www.ocorreionews.com.br\/acervo-correio\/index.php?rest_route=\/wp\/v2\/media\/19974"}],"wp:attachment":[{"href":"https:\/\/www.ocorreionews.com.br\/acervo-correio\/index.php?rest_route=%2Fwp%2Fv2%2Fmedia&parent=20377"}],"wp:term":[{"taxonomy":"category","embeddable":true,"href":"https:\/\/www.ocorreionews.com.br\/acervo-correio\/index.php?rest_route=%2Fwp%2Fv2%2Fcategories&post=20377"},{"taxonomy":"post_tag","embeddable":true,"href":"https:\/\/www.ocorreionews.com.br\/acervo-correio\/index.php?rest_route=%2Fwp%2Fv2%2Ftags&post=20377"}],"curies":[{"name":"wp","href":"https:\/\/api.w.org\/{rel}","templated":true}]}}