{"id":20379,"date":"2016-02-11T14:04:21","date_gmt":"2016-02-11T17:04:21","guid":{"rendered":"https:\/\/ocorreionews.com.br\/?p=20379"},"modified":"2016-02-11T14:04:21","modified_gmt":"2016-02-11T17:04:21","slug":"creas-realiza-apoio-psicologico-e-juridico-as-mulheres-que-sofrem-de-violencia-domestica-em-costa-rica","status":"publish","type":"post","link":"https:\/\/www.ocorreionews.com.br\/acervo-correio\/?p=20379","title":{"rendered":"CREAS realiza apoio psicol\u00f3gico e jur\u00eddico \u00e0s mulheres que sofrem de viol\u00eancia dom\u00e9stica em Costa Rica"},"content":{"rendered":"<div class=\"marginBottom30px link-Internas\">\n<p>O Governo de Costa Rica \u2013 MS por meio do CREAS &#8211; Centro de Refer\u00eancia Especializado de Assist\u00eancia Social \u2013 est\u00e1 oferecendo acompanhamento Psicossocial e Jur\u00eddico as mulheres que est\u00e3o em situa\u00e7\u00e3o de risco social e passam por viol\u00eancia dom\u00e9stica social.<\/p>\n<p>A coordenadora do CREAS, Lucinaura Felisbina de Souza Decknis, explica que o atendimento especializado e o acompanhamento das v\u00edtimas s\u00e3o fatores primordiais para a resolu\u00e7\u00e3o legal dos casos e, principalmente, para o resgate da dignidade das mulheres agredidas. \u201cA equipe trabalha na orienta\u00e7\u00e3o e apoio para que as mulheres possam superar a situa\u00e7\u00e3o em que elas se encontram\u201d, ressalta.<\/p>\n<p>O secret\u00e1rio Municipal de Assist\u00eancia Social, Waldomiro Bocalan \u2018Biri\u2019, afirma que \u00e9 dif\u00edcil perceber um caso de viol\u00eancia dom\u00e9stica, porque a maioria acontece dentro do seio familiar. \u201cComo a viol\u00eancia dom\u00e9stica contra a mulher pode se manifestar de v\u00e1rias formas \u2013 f\u00edsica, sexual e\/ou psicol\u00f3gica \u2013 e com diferentes graus de severidade, cada caso \u00e9 analisado individualmente. Ap\u00f3s o estudo de caso, as mulheres recebem os encaminhamentos necess\u00e1rios, especialmente nas \u00e1reas de acompanhamento psicol\u00f3gico, assist\u00eancia social e direito\u201d, complementa.<\/p>\n<p>\u201cSe voc\u00ea estiver vivenciando ou sabendo de casos de viol\u00eancia contra a mulher, procure ajuda no CREAS. Viol\u00eancia contra mulher \u00e9 crime. Est\u00e1 na Lei. Denuncie. Busque ajuda\u201d, refor\u00e7a a coordenadora Lucinaura Felisbina.<\/p>\n<p>O CREAS de Costa Rica est\u00e1 localizado na Rua Ambrosina Paes Coelho, 228 (estacionamento da Prefeitura). Mais informa\u00e7\u00f5es nos telefones: (67) 3247 7170 \/ 7169.<\/p>\n<\/div>\n<div class=\"marginBottom30px link-Internas\">ASSECOM\/PMCR<\/div>\n","protected":false},"excerpt":{"rendered":"<p>O Governo de Costa Rica \u2013 MS por meio do CREAS &#8211; Centro de Refer\u00eancia Especializado de Assist\u00eancia Social \u2013 est\u00e1 oferecendo acompanhamento Psicossocial e Jur\u00eddico as mulheres que est\u00e3o em situa\u00e7\u00e3o de risco social e passam por viol\u00eancia dom\u00e9stica social. A coordenadora do CREAS, Lucinaura Felisbina de Souza Decknis, explica que o atendimento especializado [&hellip;]<\/p>\n","protected":false},"author":4,"featured_media":20380,"comment_status":"closed","ping_status":"closed","sticky":false,"template":"","format":"standard","meta":{"footnotes":""},"categories":[25],"tags":[],"class_list":["post-20379","post","type-post","status-publish","format-standard","has-post-thumbnail","hentry","category-costa-rica"],"_links":{"self":[{"href":"https:\/\/www.ocorreionews.com.br\/acervo-correio\/index.php?rest_route=\/wp\/v2\/posts\/20379","targetHints":{"allow":["GET"]}}],"collection":[{"href":"https:\/\/www.ocorreionews.com.br\/acervo-correio\/index.php?rest_route=\/wp\/v2\/posts"}],"about":[{"href":"https:\/\/www.ocorreionews.com.br\/acervo-correio\/index.php?rest_route=\/wp\/v2\/types\/post"}],"author":[{"embeddable":true,"href":"https:\/\/www.ocorreionews.com.br\/acervo-correio\/index.php?rest_route=\/wp\/v2\/users\/4"}],"replies":[{"embeddable":true,"href":"https:\/\/www.ocorreionews.com.br\/acervo-correio\/index.php?rest_route=%2Fwp%2Fv2%2Fcomments&post=20379"}],"version-history":[{"count":0,"href":"https:\/\/www.ocorreionews.com.br\/acervo-correio\/index.php?rest_route=\/wp\/v2\/posts\/20379\/revisions"}],"wp:featuredmedia":[{"embeddable":true,"href":"https:\/\/www.ocorreionews.com.br\/acervo-correio\/index.php?rest_route=\/wp\/v2\/media\/20380"}],"wp:attachment":[{"href":"https:\/\/www.ocorreionews.com.br\/acervo-correio\/index.php?rest_route=%2Fwp%2Fv2%2Fmedia&parent=20379"}],"wp:term":[{"taxonomy":"category","embeddable":true,"href":"https:\/\/www.ocorreionews.com.br\/acervo-correio\/index.php?rest_route=%2Fwp%2Fv2%2Fcategories&post=20379"},{"taxonomy":"post_tag","embeddable":true,"href":"https:\/\/www.ocorreionews.com.br\/acervo-correio\/index.php?rest_route=%2Fwp%2Fv2%2Ftags&post=20379"}],"curies":[{"name":"wp","href":"https:\/\/api.w.org\/{rel}","templated":true}]}}