{"id":203799,"date":"2022-04-17T09:12:11","date_gmt":"2022-04-17T13:12:11","guid":{"rendered":"https:\/\/www.ocorreionews.com.br\/acervo-correio\/?p=203799"},"modified":"2022-04-17T09:12:11","modified_gmt":"2022-04-17T13:12:11","slug":"costa-rica-estreia-na-serie-d-do-brasileirao-neste-domingo-contra-o-ceilandia-no-distrito-federal","status":"publish","type":"post","link":"https:\/\/www.ocorreionews.com.br\/acervo-correio\/?p=203799","title":{"rendered":"Costa Rica estreia na S\u00e9rie D do Brasileir\u00e3o neste domingo contra o Ceil\u00e2ndia, no Distrito Federal"},"content":{"rendered":"<blockquote><p><strong>Partida tem in\u00edcio \u00e0s 14 horas, hor\u00e1rio de MS<\/strong><\/p><\/blockquote>\n<div class=\"elementor-element elementor-element-33095f69 elementor-widget elementor-widget-theme-post-content\" data-id=\"33095f69\" data-element_type=\"widget\" data-widget_type=\"theme-post-content.default\">\n<div class=\"elementor-widget-container\">\n<p>Atual campe\u00e3o estadual de Mato Grosso do Sul, o <a class=\"st_tag internal_tag \" title=\"Costa Rica\" href=\"https:\/\/midiamax.uol.com.br\/tag\/costa-rica\/\" rel=\"tag\">Costa Rica<\/a> estreia neste domingo (17) na S\u00e9rie D do <a class=\"st_tag internal_tag \" title=\"Campeonato Brasileiro\" href=\"https:\/\/midiamax.uol.com.br\/tag\/campeonato-brasileiro\/\" rel=\"tag\">Campeonato Brasileiro<\/a> da S\u00e9rie D. O jogo ser\u00e1 realizado em Ceil\u00e2ndia (DF), contra o Ceil\u00e2ndia Esporte Clube, com in\u00edcio previsto para \u00e0s 14 horas (MS).<\/p>\n<p>O\u00a0 time sul-mato-grossense est\u00e1 no grupo A5 do campeonato, que tamb\u00e9m conta com A\u00e7\u00e3o (MT), Oper\u00e1rio (MT), An\u00e1polis (GO), <a class=\"st_tag internal_tag \" title=\"Gr\u00eamio\" href=\"https:\/\/midiamax.uol.com.br\/tag\/gremio\/\" rel=\"tag\">Gr\u00eamio<\/a> An\u00e1polis (GO) e Ipor\u00e1 (GO). Ao todo, 64 clubes disputam a competi\u00e7\u00e3o neste ano, divididos em oito grupos. De acordo com a CBF (Confedera\u00e7\u00e3o Brasileira de Futebol), a S\u00e9rie D ser\u00e1 realizada de 17 de abril a 25 de novembro.<\/p>\n<p>O primeiro jogo do Costa Rica diante de seu torcedor est\u00e1 marcado para a pr\u00f3xima quarta-feira, 27 de abril, contra o A\u00e7\u00e3o, de Mato Grosso, no Est\u00e1dio Laert\u00e3o, em Costa Rica, a partir das 20 horas (hor\u00e1rio de MS).<\/p>\n<h3>S\u00e9rie D<\/h3>\n<p>Na primeira fase, os times jogam entre si, com duelos de ida e volta. Os quatro melhores de cada chave avan\u00e7am ao \u201cmata-mata\u201d. As quartas de final, etapa que define os quatro clubes que ser\u00e3o promovidos \u00e0 S\u00e9rie C, v\u00e3o ocorrer de 20 e 27 de agosto. A final do campeonato ser\u00e1 disputada nos dias 18 e 25 de setembro.<\/p>\n<p>Renan Nucci midiamax<\/p>\n<\/div>\n<\/div>\n","protected":false},"excerpt":{"rendered":"<p>Partida tem in\u00edcio \u00e0s 14 horas, hor\u00e1rio de MS Atual campe\u00e3o estadual de Mato Grosso do Sul, o Costa Rica estreia neste domingo (17) na S\u00e9rie D do Campeonato Brasileiro da S\u00e9rie D. O jogo ser\u00e1 realizado em Ceil\u00e2ndia (DF), contra o Ceil\u00e2ndia Esporte Clube, com in\u00edcio previsto para \u00e0s 14 horas (MS). O\u00a0 time [&hellip;]<\/p>\n","protected":false},"author":4,"featured_media":120844,"comment_status":"closed","ping_status":"closed","sticky":false,"template":"","format":"standard","meta":{"footnotes":""},"categories":[29],"tags":[],"class_list":["post-203799","post","type-post","status-publish","format-standard","has-post-thumbnail","hentry","category-esporte"],"_links":{"self":[{"href":"https:\/\/www.ocorreionews.com.br\/acervo-correio\/index.php?rest_route=\/wp\/v2\/posts\/203799","targetHints":{"allow":["GET"]}}],"collection":[{"href":"https:\/\/www.ocorreionews.com.br\/acervo-correio\/index.php?rest_route=\/wp\/v2\/posts"}],"about":[{"href":"https:\/\/www.ocorreionews.com.br\/acervo-correio\/index.php?rest_route=\/wp\/v2\/types\/post"}],"author":[{"embeddable":true,"href":"https:\/\/www.ocorreionews.com.br\/acervo-correio\/index.php?rest_route=\/wp\/v2\/users\/4"}],"replies":[{"embeddable":true,"href":"https:\/\/www.ocorreionews.com.br\/acervo-correio\/index.php?rest_route=%2Fwp%2Fv2%2Fcomments&post=203799"}],"version-history":[{"count":1,"href":"https:\/\/www.ocorreionews.com.br\/acervo-correio\/index.php?rest_route=\/wp\/v2\/posts\/203799\/revisions"}],"predecessor-version":[{"id":203800,"href":"https:\/\/www.ocorreionews.com.br\/acervo-correio\/index.php?rest_route=\/wp\/v2\/posts\/203799\/revisions\/203800"}],"wp:featuredmedia":[{"embeddable":true,"href":"https:\/\/www.ocorreionews.com.br\/acervo-correio\/index.php?rest_route=\/wp\/v2\/media\/120844"}],"wp:attachment":[{"href":"https:\/\/www.ocorreionews.com.br\/acervo-correio\/index.php?rest_route=%2Fwp%2Fv2%2Fmedia&parent=203799"}],"wp:term":[{"taxonomy":"category","embeddable":true,"href":"https:\/\/www.ocorreionews.com.br\/acervo-correio\/index.php?rest_route=%2Fwp%2Fv2%2Fcategories&post=203799"},{"taxonomy":"post_tag","embeddable":true,"href":"https:\/\/www.ocorreionews.com.br\/acervo-correio\/index.php?rest_route=%2Fwp%2Fv2%2Ftags&post=203799"}],"curies":[{"name":"wp","href":"https:\/\/api.w.org\/{rel}","templated":true}]}}