{"id":20382,"date":"2016-02-11T14:48:26","date_gmt":"2016-02-11T17:48:26","guid":{"rendered":"https:\/\/ocorreionews.com.br\/?p=20382"},"modified":"2016-02-11T15:34:05","modified_gmt":"2016-02-11T18:34:05","slug":"homem-e-preso-em-flagrante-apos-estuprar-as-duas-filhas-de-11-e-13-anos-em-costa-rica","status":"publish","type":"post","link":"https:\/\/www.ocorreionews.com.br\/acervo-correio\/?p=20382","title":{"rendered":"Homem \u00e9 preso em flagrante ap\u00f3s estuprar as duas filhas de 11 e 13 anos em Costa Rica"},"content":{"rendered":"<p style=\"text-align: justify;\">Homem de 39 anos, com as iniciais D.R.S., foi preso em flagrante pela Pol\u00edcia Civil de Costa Rica, na tarde desta quarta-feira (10), acusado de estuprar as duas filhas de 11 e 13 anos, no Bairro Nova Alvorada. Al\u00e9m de usu\u00e1rio de droga, ele cumpre pena no regime semiaberto por tentativa de homic\u00eddio. O caso chocou a popula\u00e7\u00e3o de Costa Rica devido \u00e0 gravidade do crime, fazendo com que a Pol\u00edcia Civil agisse rapidamente.<\/p>\n<p style=\"text-align: justify;\">Em entrevista ao MS Todo Dia, o delegado titular de Pol\u00edcia Civil de Costa Rica, Alexandro Mendes de Ara\u00fajo, disse como ocorreu a den\u00fancia. Ele comentou tamb\u00e9m sobre o abalo psicol\u00f3gico com que se encontram as crian\u00e7as. A irm\u00e3 mais velha afirmou que vinha sofrendo abusos desde os seus 10 anos, mas recebia amea\u00e7as do pai para n\u00e3o contar.<\/p>\n<p style=\"text-align: justify;\">O delegado conta que ficou sabendo nesta quarta-feira do fato por meio das den\u00fancias das meninas. \u201cOntem (10) as filhas do autor vieram at\u00e9 essa delegacia e noticiaram o fato para n\u00f3s, segundo consta uma de 11 anos e a outra de 13 anos\u201d,destacou. \u201cAs meninas temiam muito a rea\u00e7\u00e3o do autor\u201d, complementou.<\/p>\n<p style=\"text-align: justify;\">\u201cNa ter\u00e7a-feira (09), o pai delas, no per\u00edodo da noite, come\u00e7ou a cariciar a filha de 11 anos e a\u00ed a filha nos mencionou que ficou com medo, correu e se trancou no quarto at\u00e9 que o pai fosse dormir, pois ele estava embriagado e sob o efeito de entorpecentes. Ele \u00e9 usu\u00e1rio de droga do tipo Crack\u201d.<\/p>\n<p style=\"text-align: justify;\">Com a situa\u00e7\u00e3o a menina ficou apavorada. \u201cA filha n\u00e3o conseguiu dormir com muito medo do comportamento do pai. Ele causou um temor violento e muito grande nas filhas e na fam\u00edlia porque ele est\u00e1, inclusive, no regime semiaberto por uma tentativa de homic\u00eddio, ent\u00e3o \u00e9 uma pessoa violenta\u201d, detalhou.<\/p>\n<p style=\"text-align: justify;\">De acordo com o delegado, o estuprador \u00e9 mais violento, agressivo e r\u00edspido quando ele est\u00e1 s\u00f3brio e quando est\u00e1 embriagado e com efeito de entorpecente ele tamb\u00e9m \u00e9 violento, mas fica mais agressivo quando est\u00e1 sem o uso das drogas. \u201dPossivelmente pela crise de abstin\u00eancia\u201d, justificou Alexandro Mendes de Ara\u00fajo.<\/p>\n<p style=\"text-align: justify;\">O autor segue preso e responde por estupro de vulner\u00e1vel, com possibilidade de continuar aprisionado por meio de pris\u00e3o preventiva em virtude da gravidade do caso. Ainda conforme o delegado, amanh\u00e3 (12) ele ser\u00e1 apresentando \u00e0 Justi\u00e7a em audi\u00eancia de cust\u00f3dia, podendo ser condenado \u00e0 pena de 8 a 15 anos.<\/p>\n<p>Al\u00e9m do delegado, estiveram na opera\u00e7\u00e3o os policiais civis Braga e Nilso.<\/p>\n<p><strong>O caso<\/strong><\/p>\n<p style=\"text-align: justify;\">O delegado descreveu que o abuso na filha mais nova come\u00e7ou na ter\u00e7a-feira. \u201cEle come\u00e7ou a alisar as n\u00e1degas, as coxas e seios da filha de 11 anos, que correu com medo do pai\u201d, disse.<\/p>\n<p style=\"text-align: justify;\">\u201cAo tomar o conhecimento dos fatos a irm\u00e3 dela, que tem 13 anos, se revoltou, porque desde os 10 anos que o pai dela tamb\u00e9m a molesta. Ele passava a m\u00e3o na sua regi\u00e3o pubiana, e outros abusos sexuais, como beijos e insistindo em abra\u00e7a-la\u201d.<\/p>\n<p style=\"text-align: justify;\">\u201cSegundo a filha de 13 anos, a conjun\u00e7\u00e3o carnal somente n\u00e3o ocorreu porque todas \u00e0s vezes alguma coisa impedia ou ela conseguia fugir. E ela nunca comentou nada porque o pai a amea\u00e7ava\u201d comentou o delegado.<\/p>\n<p style=\"text-align: justify;\">O delegado Alexandro Mendes de Ara\u00fajo explicou que mesmo n\u00e3o ocorrendo conjun\u00e7\u00e3o carnal com as filhas o abuso \u00e9 considerado estupro. \u201cEnt\u00e3o pela lei, apesar de n\u00e3o ter havido a conjun\u00e7\u00e3o carnal o fato continua sendo criminoso porque \u00e9 estupro qualquer ato libidinoso, mesmo sem conjun\u00e7\u00e3o carnal\u201d.<\/p>\n<p style=\"text-align: justify;\">Alexandro Mendes demonstrou preocupa\u00e7\u00e3o em virtude do trauma causado nas meninas. \u201cPela idade, o que \u00e9 muito preocupante \u00e9 a viol\u00eancia e o temor que o pai representa para as filhas, porque ele \u00e9 usu\u00e1rio de entorpecente e responde por tentativa de homic\u00eddio, ent\u00e3o fizemos a pris\u00e3o em flagrante, vamos pedir a preventiva dele e agora estamos aguardando o posicionamento da Justi\u00e7a\u201d.<\/p>\n<p style=\"text-align: justify;\">Questionado sobre a m\u00e3e das meninas, o delegado disse que \u201cela trabalha e normalmente os atos de abuso sexual ocorrem longe de terceiras pessoas. Ent\u00e3o a m\u00e3e ou estava dormindo ou estava no trabalho. Como o autor \u00e9 uma pessoa totalmente dependente qu\u00edmica, que n\u00e3o trabalha, que vive ociosa, ent\u00e3o, a mulher precisa trabalhar pra sustentar a fam\u00edlia\u201d.<\/p>\n<p style=\"text-align: justify;\">\u201cAs meninas relataram a desestrutura da fam\u00edlia, em que o pai j\u00e1 vendeu fog\u00e3o, televis\u00e3o, geladeira, tudo para sustentar o v\u00edcio, at\u00e9 mesmo a roupa do corpo ele j\u00e1 vendeu, ele \u00e9 uma pessoa totalmente desequilibrada\u201d.<\/p>\n<p style=\"text-align: justify;\">\u201cEnt\u00e3o \u00e9 impressionante, apesar de n\u00e3o ter havido a conjun\u00e7\u00e3o carnal, o trauma que essas crian\u00e7as elas aparentam ter. O dano psicol\u00f3gico por causa do abuso do pai. Sem contar que as crian\u00e7as n\u00e3o t\u00eam sossego porque o uso entorpecente desse homem pode esperar de tudo\u201d, pontuou o delegado.<\/p>\n<div class=\"clear\" style=\"text-align: justify;\"><\/div>\n<div class=\"fonte\" style=\"text-align: justify;\">Fonte: MS TODO DIA<\/div>\n","protected":false},"excerpt":{"rendered":"<p>Homem de 39 anos, com as iniciais D.R.S., foi preso em flagrante pela Pol\u00edcia Civil de Costa Rica, na tarde desta quarta-feira (10), acusado de estuprar as duas filhas de 11 e 13 anos, no Bairro Nova Alvorada. Al\u00e9m de usu\u00e1rio de droga, ele cumpre pena no regime semiaberto por tentativa de homic\u00eddio. O caso [&hellip;]<\/p>\n","protected":false},"author":4,"featured_media":20383,"comment_status":"closed","ping_status":"closed","sticky":false,"template":"","format":"standard","meta":{"footnotes":""},"categories":[37],"tags":[],"class_list":["post-20382","post","type-post","status-publish","format-standard","has-post-thumbnail","hentry","category-politica"],"_links":{"self":[{"href":"https:\/\/www.ocorreionews.com.br\/acervo-correio\/index.php?rest_route=\/wp\/v2\/posts\/20382","targetHints":{"allow":["GET"]}}],"collection":[{"href":"https:\/\/www.ocorreionews.com.br\/acervo-correio\/index.php?rest_route=\/wp\/v2\/posts"}],"about":[{"href":"https:\/\/www.ocorreionews.com.br\/acervo-correio\/index.php?rest_route=\/wp\/v2\/types\/post"}],"author":[{"embeddable":true,"href":"https:\/\/www.ocorreionews.com.br\/acervo-correio\/index.php?rest_route=\/wp\/v2\/users\/4"}],"replies":[{"embeddable":true,"href":"https:\/\/www.ocorreionews.com.br\/acervo-correio\/index.php?rest_route=%2Fwp%2Fv2%2Fcomments&post=20382"}],"version-history":[{"count":0,"href":"https:\/\/www.ocorreionews.com.br\/acervo-correio\/index.php?rest_route=\/wp\/v2\/posts\/20382\/revisions"}],"wp:featuredmedia":[{"embeddable":true,"href":"https:\/\/www.ocorreionews.com.br\/acervo-correio\/index.php?rest_route=\/wp\/v2\/media\/20383"}],"wp:attachment":[{"href":"https:\/\/www.ocorreionews.com.br\/acervo-correio\/index.php?rest_route=%2Fwp%2Fv2%2Fmedia&parent=20382"}],"wp:term":[{"taxonomy":"category","embeddable":true,"href":"https:\/\/www.ocorreionews.com.br\/acervo-correio\/index.php?rest_route=%2Fwp%2Fv2%2Fcategories&post=20382"},{"taxonomy":"post_tag","embeddable":true,"href":"https:\/\/www.ocorreionews.com.br\/acervo-correio\/index.php?rest_route=%2Fwp%2Fv2%2Ftags&post=20382"}],"curies":[{"name":"wp","href":"https:\/\/api.w.org\/{rel}","templated":true}]}}