{"id":20392,"date":"2016-02-11T16:09:57","date_gmt":"2016-02-11T19:09:57","guid":{"rendered":"https:\/\/ocorreionews.com.br\/?p=20392"},"modified":"2016-02-11T16:09:57","modified_gmt":"2016-02-11T19:09:57","slug":"arrastoes-contra-a-dengue-serao-realizados-nos-distritos-de-bela-alvorada-e-pouso-alto","status":"publish","type":"post","link":"https:\/\/www.ocorreionews.com.br\/acervo-correio\/?p=20392","title":{"rendered":"Arrast\u00f5es contra a dengue ser\u00e3o realizados nos distritos de Bela Alvorada e Pouso Alto"},"content":{"rendered":"<p>A Prefeitura Municipal de Para\u00edso das \u00c1guas, atrav\u00e9s da Secretaria Municipal de Sa\u00fade em parceira com o setor de endemias e vigil\u00e2ncia sanit\u00e1ria e Secretaria Municipal de Infraestrutura Rural e Urbana estar\u00e1 realizando na pr\u00f3xima segunda-feira, dia 15 de fevereiro, a partir das 7h30, o arrast\u00e3o contra a dengue no distrito de Bela Alvorada(Coper).<\/p>\n<p>Na ocasi\u00e3o, os servidores p\u00fablicos estar\u00e3o eliminando focos da doen\u00e7a, recolhendo res\u00edduos que acumulam agua, e orientando a popula\u00e7\u00e3o qual a melhor forma de prevenir e evitar a prolifera\u00e7\u00e3o do mosquito Aedes Aegypti.<\/p>\n<p>Os moradores do distrito que tiverem entulhos, devem deixa-los em frente \u00e0s resid\u00eancias ou estabelecimentos comerciais que a Secretaria Municipal de Infraestrutura Rural e Urbana estar\u00e1\u00a0 fazendo a retiradas desses materiais.<\/p>\n<p>Na guerra contra o mosquito da dengue \u00e9 de suma import\u00e2ncia a participa\u00e7\u00e3o do cidad\u00e3o, que poder\u00e1 fazer den\u00fancias sobre focos e larvas do mosquito ligando no telefone: 32481179, tendo em m\u00e3os o endere\u00e7o que esses focos se encontram.<\/p>\n<p>A ideia \u00e9 que os moradores se tornem\u00a0 agentes de combate a dengue e ajudem a conscientizar seus vizinhos e familiares sobre a import\u00e2ncia da preven\u00e7\u00e3o.<\/p>\n<p>Na quinta-feira dia 18 de fevereiro, o arrast\u00e3o contra a dengue acontecer\u00e1 no distrito de Pouso Alto, a partir das 7h30 da manh\u00e3.<\/p>\n<p>&nbsp;<\/p>\n<p>ASSECOM- Prefeitura Municipal de Para\u00edso das \u00c1guas- MS<\/p>\n<p>&nbsp;<\/p>\n<p>Texto: Daniela Loss\u00e1vero<\/p>\n","protected":false},"excerpt":{"rendered":"<p>A Prefeitura Municipal de Para\u00edso das \u00c1guas, atrav\u00e9s da Secretaria Municipal de Sa\u00fade em parceira com o setor de endemias e vigil\u00e2ncia sanit\u00e1ria e Secretaria Municipal de Infraestrutura Rural e Urbana estar\u00e1 realizando na pr\u00f3xima segunda-feira, dia 15 de fevereiro, a partir das 7h30, o arrast\u00e3o contra a dengue no distrito de Bela Alvorada(Coper). Na [&hellip;]<\/p>\n","protected":false},"author":4,"featured_media":547,"comment_status":"closed","ping_status":"closed","sticky":false,"template":"","format":"standard","meta":{"footnotes":""},"categories":[36],"tags":[],"class_list":["post-20392","post","type-post","status-publish","format-standard","has-post-thumbnail","hentry","category-paraiso-das-aguas"],"_links":{"self":[{"href":"https:\/\/www.ocorreionews.com.br\/acervo-correio\/index.php?rest_route=\/wp\/v2\/posts\/20392","targetHints":{"allow":["GET"]}}],"collection":[{"href":"https:\/\/www.ocorreionews.com.br\/acervo-correio\/index.php?rest_route=\/wp\/v2\/posts"}],"about":[{"href":"https:\/\/www.ocorreionews.com.br\/acervo-correio\/index.php?rest_route=\/wp\/v2\/types\/post"}],"author":[{"embeddable":true,"href":"https:\/\/www.ocorreionews.com.br\/acervo-correio\/index.php?rest_route=\/wp\/v2\/users\/4"}],"replies":[{"embeddable":true,"href":"https:\/\/www.ocorreionews.com.br\/acervo-correio\/index.php?rest_route=%2Fwp%2Fv2%2Fcomments&post=20392"}],"version-history":[{"count":0,"href":"https:\/\/www.ocorreionews.com.br\/acervo-correio\/index.php?rest_route=\/wp\/v2\/posts\/20392\/revisions"}],"wp:featuredmedia":[{"embeddable":true,"href":"https:\/\/www.ocorreionews.com.br\/acervo-correio\/index.php?rest_route=\/wp\/v2\/media\/547"}],"wp:attachment":[{"href":"https:\/\/www.ocorreionews.com.br\/acervo-correio\/index.php?rest_route=%2Fwp%2Fv2%2Fmedia&parent=20392"}],"wp:term":[{"taxonomy":"category","embeddable":true,"href":"https:\/\/www.ocorreionews.com.br\/acervo-correio\/index.php?rest_route=%2Fwp%2Fv2%2Fcategories&post=20392"},{"taxonomy":"post_tag","embeddable":true,"href":"https:\/\/www.ocorreionews.com.br\/acervo-correio\/index.php?rest_route=%2Fwp%2Fv2%2Ftags&post=20392"}],"curies":[{"name":"wp","href":"https:\/\/api.w.org\/{rel}","templated":true}]}}