{"id":20399,"date":"2016-02-12T07:57:26","date_gmt":"2016-02-12T10:57:26","guid":{"rendered":"https:\/\/ocorreionews.com.br\/?p=20399"},"modified":"2016-02-12T07:57:26","modified_gmt":"2016-02-12T10:57:26","slug":"governo-garante-que-professores-terao-aumento-salarial-na-folha-deste-mes","status":"publish","type":"post","link":"https:\/\/www.ocorreionews.com.br\/acervo-correio\/?p=20399","title":{"rendered":"Governo garante que professores ter\u00e3o aumento salarial na folha deste m\u00eas"},"content":{"rendered":"<div class=\"bloco_texto_span\">\n<p style=\"text-align: justify;\">Os professores da rede estadual de Mato Grosso do Sul receber\u00e3o os sal\u00e1rios de fevereiro j\u00e1 com aumento nos sal\u00e1rios. A defini\u00e7\u00e3o ocorreu em reuni\u00e3o na tarde desta quinta-feira (11) entre representantes da categoria e o governo do Estado.<\/p>\n<p style=\"text-align: justify;\">Segundo informa\u00e7\u00f5es divulgadas no site do Executivo, uma nova reuni\u00e3o foi marcada para a pr\u00f3xima semana para detalhar como pagar\u00e1 o reajuste. A mesma fonte traz que o sal\u00e1rio deste m\u00eas \u201cj\u00e1 vir\u00e1 com acr\u00e9scimos\u201d, j\u00e1 que o governo \u201csinalizou que os professores ser\u00e3o contemplados com o direito j\u00e1 na folha de pagamento de fevereiro\u201d.<\/p>\n<p style=\"text-align: justify;\">O reajuste anual da categoria, de 11,36%, foi estabelecido por lei federal para ser pago a partir de janeiro. O valor referente ao primeiro m\u00eas do ano, inclusive, \u00e9 uma a principal situa\u00e7\u00e3o que ficou para ser avaliada na pr\u00f3xima reuni\u00e3o.<\/p>\n<p style=\"text-align: justify;\">Participaram da reuni\u00e3o a vice-governadora, Rose Modesto (PSDB), o secret\u00e1rio estadual de Governo e Gest\u00e3o Estrat\u00e9gica, Eduardo Riedel, e o secret\u00e1rio-adjunto de Administra\u00e7\u00e3o e Desburocratiza\u00e7\u00e3o, \u00c9dio Viegas, al\u00e9m do presidente da Fetems (Federa\u00e7\u00e3o dos Trabalhadores em <b>Educa\u00e7\u00e3o<\/b>), Roberto Botareli e outros diretores da entidade.<\/p>\n<p style=\"text-align: justify;\">N\u00e3o foram divulgadas informa\u00e7\u00f5es sobre o impacto financeiro do reajuste salarial dos professores.<\/p>\n<h5>Fernanda Yafusso campograndenews<\/h5>\n<\/div>\n","protected":false},"excerpt":{"rendered":"<p>Os professores da rede estadual de Mato Grosso do Sul receber\u00e3o os sal\u00e1rios de fevereiro j\u00e1 com aumento nos sal\u00e1rios. A defini\u00e7\u00e3o ocorreu em reuni\u00e3o na tarde desta quinta-feira (11) entre representantes da categoria e o governo do Estado. Segundo informa\u00e7\u00f5es divulgadas no site do Executivo, uma nova reuni\u00e3o foi marcada para a pr\u00f3xima semana [&hellip;]<\/p>\n","protected":false},"author":4,"featured_media":20400,"comment_status":"closed","ping_status":"closed","sticky":false,"template":"","format":"standard","meta":{"footnotes":""},"categories":[27],"tags":[],"class_list":["post-20399","post","type-post","status-publish","format-standard","has-post-thumbnail","hentry","category-educacao"],"_links":{"self":[{"href":"https:\/\/www.ocorreionews.com.br\/acervo-correio\/index.php?rest_route=\/wp\/v2\/posts\/20399","targetHints":{"allow":["GET"]}}],"collection":[{"href":"https:\/\/www.ocorreionews.com.br\/acervo-correio\/index.php?rest_route=\/wp\/v2\/posts"}],"about":[{"href":"https:\/\/www.ocorreionews.com.br\/acervo-correio\/index.php?rest_route=\/wp\/v2\/types\/post"}],"author":[{"embeddable":true,"href":"https:\/\/www.ocorreionews.com.br\/acervo-correio\/index.php?rest_route=\/wp\/v2\/users\/4"}],"replies":[{"embeddable":true,"href":"https:\/\/www.ocorreionews.com.br\/acervo-correio\/index.php?rest_route=%2Fwp%2Fv2%2Fcomments&post=20399"}],"version-history":[{"count":0,"href":"https:\/\/www.ocorreionews.com.br\/acervo-correio\/index.php?rest_route=\/wp\/v2\/posts\/20399\/revisions"}],"wp:featuredmedia":[{"embeddable":true,"href":"https:\/\/www.ocorreionews.com.br\/acervo-correio\/index.php?rest_route=\/wp\/v2\/media\/20400"}],"wp:attachment":[{"href":"https:\/\/www.ocorreionews.com.br\/acervo-correio\/index.php?rest_route=%2Fwp%2Fv2%2Fmedia&parent=20399"}],"wp:term":[{"taxonomy":"category","embeddable":true,"href":"https:\/\/www.ocorreionews.com.br\/acervo-correio\/index.php?rest_route=%2Fwp%2Fv2%2Fcategories&post=20399"},{"taxonomy":"post_tag","embeddable":true,"href":"https:\/\/www.ocorreionews.com.br\/acervo-correio\/index.php?rest_route=%2Fwp%2Fv2%2Ftags&post=20399"}],"curies":[{"name":"wp","href":"https:\/\/api.w.org\/{rel}","templated":true}]}}