{"id":20406,"date":"2016-02-12T08:28:06","date_gmt":"2016-02-12T11:28:06","guid":{"rendered":"https:\/\/ocorreionews.com.br\/?p=20406"},"modified":"2016-02-12T08:28:06","modified_gmt":"2016-02-12T11:28:06","slug":"cadeirante-e-atropelado-em-br-e-condutor-foge","status":"publish","type":"post","link":"https:\/\/www.ocorreionews.com.br\/acervo-correio\/?p=20406","title":{"rendered":"Cadeirante \u00e9 atropelado em BR e condutor foge"},"content":{"rendered":"<p>O cadeirante H\u00e9lio Oliveira sofreu ferimentos leves ao ser atingido por uma carreta na noite desta quinta-feira (11), na BR-359, em Coxim.<\/p>\n<p>Ele foi socorrido pelo Corpo de Bombeiros e encaminhado ao Hospital Regional \u00c1lvaro Fontoura. Oliveira sofreu escoria\u00e7\u00f5es e reclamava de dores no ombro direito.<\/p>\n<p>Aparentemente alcoolizado, a v\u00edtima seguia no sentido Silviol\u00e2ndia quando foi atingido pela carreta, que trafegava no mesmo sentido.<\/p>\n<p>Com a colis\u00e3o, Oliveira foi jogado para fora, as margens da rodovia. Ele andava no meio das pistas de rolamento, sem sinaliza\u00e7\u00e3o na cadeira. O motorista prestou socorro \u00e0 v\u00edtima. A PRF (Pol\u00edcia Rodovi\u00e1ria Federal) esteve no local.<\/p>\n<div class=\"imagem_noticia left img300_225\">\n<div class=\"foto_legenda\"><a href=\"http:\/\/edicaoms.com.br\/uploads\/images\/noticias\/d23160bb63f1f37fa2dfc051619d799c.jpg\" data-lightbox=\"example-2\" data-title=\"Foto: Alisson Silva\"><img decoding=\"async\" title=\"\" src=\"http:\/\/edicaoms.com.br\/uploads\/images\/noticias\/d23160bb63f1f37fa2dfc051619d799c.jpg\" alt=\"\" \/><\/a><\/div>\n<\/div>\n<div class=\"foto_legenda\"><\/div>\n<div class=\"foto_legenda\"><\/div>\n<div class=\"foto_legenda\"><\/div>\n<div class=\"foto_legenda\"><\/div>\n<div class=\"foto_legenda\">Edi\u00e7\u00e3o de Noticias &#8211;\u00a0Foto: Alisson Silva<\/div>\n","protected":false},"excerpt":{"rendered":"<p>O cadeirante H\u00e9lio Oliveira sofreu ferimentos leves ao ser atingido por uma carreta na noite desta quinta-feira (11), na BR-359, em Coxim. Ele foi socorrido pelo Corpo de Bombeiros e encaminhado ao Hospital Regional \u00c1lvaro Fontoura. Oliveira sofreu escoria\u00e7\u00f5es e reclamava de dores no ombro direito. Aparentemente alcoolizado, a v\u00edtima seguia no sentido Silviol\u00e2ndia quando [&hellip;]<\/p>\n","protected":false},"author":4,"featured_media":20407,"comment_status":"closed","ping_status":"closed","sticky":false,"template":"","format":"standard","meta":{"footnotes":""},"categories":[38],"tags":[],"class_list":["post-20406","post","type-post","status-publish","format-standard","has-post-thumbnail","hentry","category-policia"],"_links":{"self":[{"href":"https:\/\/www.ocorreionews.com.br\/acervo-correio\/index.php?rest_route=\/wp\/v2\/posts\/20406","targetHints":{"allow":["GET"]}}],"collection":[{"href":"https:\/\/www.ocorreionews.com.br\/acervo-correio\/index.php?rest_route=\/wp\/v2\/posts"}],"about":[{"href":"https:\/\/www.ocorreionews.com.br\/acervo-correio\/index.php?rest_route=\/wp\/v2\/types\/post"}],"author":[{"embeddable":true,"href":"https:\/\/www.ocorreionews.com.br\/acervo-correio\/index.php?rest_route=\/wp\/v2\/users\/4"}],"replies":[{"embeddable":true,"href":"https:\/\/www.ocorreionews.com.br\/acervo-correio\/index.php?rest_route=%2Fwp%2Fv2%2Fcomments&post=20406"}],"version-history":[{"count":0,"href":"https:\/\/www.ocorreionews.com.br\/acervo-correio\/index.php?rest_route=\/wp\/v2\/posts\/20406\/revisions"}],"wp:featuredmedia":[{"embeddable":true,"href":"https:\/\/www.ocorreionews.com.br\/acervo-correio\/index.php?rest_route=\/wp\/v2\/media\/20407"}],"wp:attachment":[{"href":"https:\/\/www.ocorreionews.com.br\/acervo-correio\/index.php?rest_route=%2Fwp%2Fv2%2Fmedia&parent=20406"}],"wp:term":[{"taxonomy":"category","embeddable":true,"href":"https:\/\/www.ocorreionews.com.br\/acervo-correio\/index.php?rest_route=%2Fwp%2Fv2%2Fcategories&post=20406"},{"taxonomy":"post_tag","embeddable":true,"href":"https:\/\/www.ocorreionews.com.br\/acervo-correio\/index.php?rest_route=%2Fwp%2Fv2%2Ftags&post=20406"}],"curies":[{"name":"wp","href":"https:\/\/api.w.org\/{rel}","templated":true}]}}