{"id":20412,"date":"2016-02-12T08:37:34","date_gmt":"2016-02-12T11:37:34","guid":{"rendered":"https:\/\/ocorreionews.com.br\/?p=20412"},"modified":"2016-02-12T08:37:34","modified_gmt":"2016-02-12T11:37:34","slug":"iagro-e-inpev-estudam-implantar-sistema-unico-de-devolucao-de-embalagens-vazias-de-agrotoxicos-em-mato-grosso-do-sul","status":"publish","type":"post","link":"https:\/\/www.ocorreionews.com.br\/acervo-correio\/?p=20412","title":{"rendered":"Iagro e InpEV estudam implantar sistema \u00fanico de devolu\u00e7\u00e3o de embalagens vazias de agrot\u00f3xicos em Mato Grosso do Sul"},"content":{"rendered":"<p>T\u00e9cnicos da Ag\u00eancia Estadual de Defesa Sanit\u00e1ria Animal e Vegetal (Iagro) e do Instituto Nacional de Processamentos de Embalagens Vazias (InpEV \u2013 Instituto Nacional de Processamento de Embalagens Vazias) se reuniram hoje (10) para discutir os problemas que envolvem a devolu\u00e7\u00e3o, o recolhimento e fiscaliza\u00e7\u00e3o de embalagens vazias de agrot\u00f3xicos em Mato Grosso do Sul.<\/p>\n<p>Temas como o recebimento itinerante no Assentamento Itamaraty e em outras localidades, como tamb\u00e9m o agendamento eletr\u00f4nico de devolu\u00e7\u00e3o das embalagens vazias de agrot\u00f3xicos por meio do site do InpEV e o controle da devolu\u00e7\u00e3o de embalagens vazias nas revendas de materiais agrot\u00f3xicos tamb\u00e9m foram abordados pelo gerente de defesa e inspe\u00e7\u00e3o vegetal, F\u00e9lix Castro, o fiscal estadual agropecu\u00e1rio, L\u00edrio In\u00e1cio Haas e o coordenador regional de opera\u00e7\u00f5es do InpEV no Estado, Hamilton Rondon.<\/p>\n<p>O grupo tamb\u00e9m discutiu o estudo que est\u00e1 em fase de avalia\u00e7\u00e3o, que tem como objetivo avaliar a implanta\u00e7\u00e3o de um sistema \u00fanico de devolu\u00e7\u00e3o de embalagens vazias de agrot\u00f3xicos em todo Mato Grosso do Sul. \u201cSobre o estudo que visa implantar um sistema \u00fanico de recolhimento desses materiais ainda faremos novas discuss\u00f5es e com novos parceiros\u201d, comentou F\u00e9lix Castro.<\/p>\n<p>Em 2015 Mato Grosso do Sul, atrav\u00e9s do trabalho do InpEV em parceria com o Iagro, ampliou em 19% o n\u00famero de recolhimento de embalagens vazias de defensivos agr\u00edcolas destinadas de forma ambientalmente correta, , em rela\u00e7\u00e3o ao ano de 2014. Esse aumento \u2013 de 2.933 unidades para 3.498 \u2013 significou para o Estado figurar entre os tr\u00eas Estados que tiveram aumento significativo no Pa\u00eds, junto de Tocantins e Par\u00e1.<\/p>\n<p>Desde o in\u00edcio das opera\u00e7\u00f5es do \u2018Sistema Campo Limpo\u2019 do InpEV em 2002,\u00a0 foram destinadas corretamente mais de 376 mil toneladas do material em todo Pa\u00eds.<\/p>\n<p>O inpEV \u00e9 uma entidade sem fins lucrativos criada pela ind\u00fastria fabricante de defensivos agr\u00edcolas para realizar a gest\u00e3o p\u00f3s-consumo das embalagens vazias de seus produtos de acordo com a Lei Federal n\u00ba 9.974\/2000 e o Decreto Federal n\u00ba 4.074\/2002.<\/p>\n<p>&nbsp;<\/p>\n<p>&nbsp;<\/p>\n<p>&nbsp;<\/p>\n<p>&nbsp;<\/p>\n<p><em>Noticias.ms<\/em><\/p>\n","protected":false},"excerpt":{"rendered":"<p>T\u00e9cnicos da Ag\u00eancia Estadual de Defesa Sanit\u00e1ria Animal e Vegetal (Iagro) e do Instituto Nacional de Processamentos de Embalagens Vazias (InpEV \u2013 Instituto Nacional de Processamento de Embalagens Vazias) se reuniram hoje (10) para discutir os problemas que envolvem a devolu\u00e7\u00e3o, o recolhimento e fiscaliza\u00e7\u00e3o de embalagens vazias de agrot\u00f3xicos em Mato Grosso do Sul. [&hellip;]<\/p>\n","protected":false},"author":4,"featured_media":20413,"comment_status":"closed","ping_status":"closed","sticky":false,"template":"","format":"standard","meta":{"footnotes":""},"categories":[17],"tags":[],"class_list":["post-20412","post","type-post","status-publish","format-standard","has-post-thumbnail","hentry","category-agropecuaria"],"_links":{"self":[{"href":"https:\/\/www.ocorreionews.com.br\/acervo-correio\/index.php?rest_route=\/wp\/v2\/posts\/20412","targetHints":{"allow":["GET"]}}],"collection":[{"href":"https:\/\/www.ocorreionews.com.br\/acervo-correio\/index.php?rest_route=\/wp\/v2\/posts"}],"about":[{"href":"https:\/\/www.ocorreionews.com.br\/acervo-correio\/index.php?rest_route=\/wp\/v2\/types\/post"}],"author":[{"embeddable":true,"href":"https:\/\/www.ocorreionews.com.br\/acervo-correio\/index.php?rest_route=\/wp\/v2\/users\/4"}],"replies":[{"embeddable":true,"href":"https:\/\/www.ocorreionews.com.br\/acervo-correio\/index.php?rest_route=%2Fwp%2Fv2%2Fcomments&post=20412"}],"version-history":[{"count":0,"href":"https:\/\/www.ocorreionews.com.br\/acervo-correio\/index.php?rest_route=\/wp\/v2\/posts\/20412\/revisions"}],"wp:featuredmedia":[{"embeddable":true,"href":"https:\/\/www.ocorreionews.com.br\/acervo-correio\/index.php?rest_route=\/wp\/v2\/media\/20413"}],"wp:attachment":[{"href":"https:\/\/www.ocorreionews.com.br\/acervo-correio\/index.php?rest_route=%2Fwp%2Fv2%2Fmedia&parent=20412"}],"wp:term":[{"taxonomy":"category","embeddable":true,"href":"https:\/\/www.ocorreionews.com.br\/acervo-correio\/index.php?rest_route=%2Fwp%2Fv2%2Fcategories&post=20412"},{"taxonomy":"post_tag","embeddable":true,"href":"https:\/\/www.ocorreionews.com.br\/acervo-correio\/index.php?rest_route=%2Fwp%2Fv2%2Ftags&post=20412"}],"curies":[{"name":"wp","href":"https:\/\/api.w.org\/{rel}","templated":true}]}}