{"id":204242,"date":"2022-04-24T13:39:18","date_gmt":"2022-04-24T17:39:18","guid":{"rendered":"https:\/\/www.ocorreionews.com.br\/acervo-correio\/?p=204242"},"modified":"2022-04-24T13:39:18","modified_gmt":"2022-04-24T17:39:18","slug":"ampla-visao-eleicoes-muita-vaidade-e-poucas-propostas","status":"publish","type":"post","link":"https:\/\/www.ocorreionews.com.br\/acervo-correio\/?p=204242","title":{"rendered":"Ampla Vis\u00e3o: Elei\u00e7\u00f5es:  muita vaidade e poucas propostas"},"content":{"rendered":"<div class=\"elementor-element elementor-element-d77ec93 elementor-widget elementor-widget-theme-post-content\" data-id=\"d77ec93\" data-element_type=\"widget\" data-widget_type=\"theme-post-content.default\">\n<div class=\"elementor-widget-container\">\n<p><strong><u>NOVO OLHAR:<\/u><\/strong> Cabe\u00e7a iluminada, o escritor e publicit\u00e1rio Henrique Medeiros, atual presidente da nossa Academia de Letras, seduzido pelo desafio de disputar o Senado no Partido Verde. Um mergulho nas \u00e1guas turvas das elei\u00e7\u00f5es que lhe dar\u00e1 subs\u00eddios para entender o intrigante jogo pelo poder. Henrique segue o mestre Fernando Pessoa, segundo a qual \u2018ousar \u00e9 preciso\u2019.<\/p>\n<p><strong><u>A DIVERSIDADE<\/u><\/strong> de candidatos \u00e9 estimulante. Ap\u00f3s 39 anos na Globo, viajado por 115 pa\u00edses, coberto 8 guerras, 8 Copas do Mundo, 10 Olimp\u00edadas e v\u00e1rias trag\u00e9dias, Marcos Uchoa filiou-se ao PSB carioca e ser\u00e1 candidato a deputado federal. A sua vis\u00e3o oce\u00e2nica engrandeceria o nosso parlamento, mas que \u00e9 diferente da Dinamarca por exemplo. Mas primeiro \u2013 ele precisa se eleger. A\u00ed \u00e9 que a porca torce o rabo!<\/p>\n<p><strong><u>AQUIDAUNA:<\/u><\/strong> Leitor confesso da coluna, o prefeito Odilon Ribeiro (PSDB) convida-nos para um caf\u00e9 amigo em seu gabinete. Filho do lend\u00e1rio Tico Ribeiro, veterin\u00e1rio, (3 vezes prefeito e deputado federal) Odilon foi reeleito com 73,33% dos votos derrotando Viviane Orro (PSD) esposa de seu sobrinho \u2013 deputado Felipe Orro (PSD). Aquidauana \u00e9 incompar\u00e1vel em mat\u00e9ria de pol\u00edtica.<\/p>\n<p><strong><u>RA\u00cdZES DE AROEIRA:<\/u><\/strong> Precisamos conhecer o passado para entender o presente. Tico Ribeiro era neto do coronel Jej\u00e9 (Jos\u00e9 Alves Ribeiro), filho de Jos\u00e9 Alves Ribeiro, intendente geral de Aquidauana entre 1925\/27. Enfim, fam\u00edlia de ilustres, entre eles seu av\u00f4 materno Pedro Celestino, seu tio Fernando Corr\u00eaa da Costa \u2013 ex-governadores do Mato Grosso e a prima deputada Tereza Cristina \u2013 ex-ministra da agricultura.<\/p>\n<p><strong><u>\u2018BRILHANTES\u2019:<\/u><\/strong>\u00a0\u00a0 A verean\u00e7a ati\u00e7a nosso humor. Em Sobral (CE) sugerida a constru\u00e7\u00e3o do \u2018Muro das Lamenta\u00e7\u00f5es\u2019 e a r\u00e9plica do World Trade Center; em Santa Maria (RS) a proposta prevendo multa aos cachorros que latissem ap\u00f3s as 22,00 horas; em Nova Igua\u00e7u (RJ) a constru\u00e7\u00e3o de banheiros para gays e travestis nos espa\u00e7os p\u00fablicos; em Porto Alegre a obrigatoriedade do uso de fraldas pelos cavalos. Enfim, \u00e9 o que temos.<\/p>\n<p><strong><u>DEPUTADOS &amp; A\u00c7\u00d5ES:<\/u><\/strong> <strong>Paulo Corr\u00eaa <\/strong>(PSDB): pede mais 5 mil vagas de CNH gratuita a motociclistas; declara de utilidade p\u00fablica o Lar Alternativo S\u00e3o Jos\u00e9 em Nova Andradina; falou na entrega de maquin\u00e1rios pelo Governo aos pequenos agricultores.\u00a0<strong>Z\u00e9 Teixeira <\/strong>(PSDB): autor do projeto incentivando atitudes nas cidades para proteger e melhorar as rela\u00e7\u00f5es com os autistas; atento ao cronograma de reformas do pr\u00e9dio do legislativo.<strong>\u00a0 Lucas de Lima<\/strong> (PDT): tramita nas comiss\u00f5es de m\u00e9rito seu projeto \u2018Cultura Cidad\u00e3\u2019, incentivando ado\u00e7\u00e3o por empresas com responsabilidade social, de bibliotecas, museus, teatros e outras fontes de cultura.<strong> Evander Vendramini (<\/strong>PP): em tr\u00e2mite, aprovado pela CCJR, seu projeto estabelecendo diretrizes ( campanhas educativas) destinadas \u00e0 inclus\u00e3o social de pessoas com nanismo.<strong> Jos\u00e9 C. Barbosa<\/strong> (PP): relatou suas a\u00e7\u00f5es na Unale para desburocratiza\u00e7\u00e3o da aplica\u00e7\u00e3o de recursos do Fundo Nacional Antidrogas para as policias estaduais. Tendo sido Secret\u00e1rio nesta \u00e1rea conhece bem os meandros da seguran\u00e7a p\u00fablica.<\/p>\n<p><strong><u>PROPOSTAS:<\/u><\/strong> Imprescind\u00edveis aos candidatos. Advogado Marcelo Salom\u00e3o tem pautas atuais se eleito deputado estadual. Professor universit\u00e1rio, ex-superintendente do Procon, de olho na revis\u00e3o das custas processuais, das taxas cartoriais e na forma\u00e7\u00e3o de estoque regulador de produtos b\u00e1sicos da cesta b\u00e1sica nos moldes da Conab, mas respeitando, \u00e9 claro, a liberdade de mercado.<\/p>\n<p><strong><u>REVIRAVOLTA?<\/u><\/strong> Ex-deputado amigo analisa as chances de Bolsonaro. Cita a economia gerando empregos, a Bolsa em alta e a chance de mostrar na TV suas obras ignoradas pela m\u00eddia. Destaca ainda os ganhos na janela partid\u00e1ria atraindo parlamentares com influ\u00eancia nos prefeitos e vereadores. Por fim critica o discurso esquerdista de Lula, a uni\u00e3o com Geraldo Alckmin (PSB) e seus duvidosos ganhos eleitorais.<\/p>\n<p><strong><u>COMPARANDO:<\/u><\/strong> Com \u00e1rea de 2.780.000 kms\u00b2 e 45 milh\u00f5es de habitantes, a Argentina possui tem 2.278 munic\u00edpios, 23 prov\u00edncias, al\u00e9m de Buenos Aires. A C\u00e2mara tem 257 deputados com mandato de 4 anos (50% renovado a cada 2 anos) e 72 senadores com mandato de 6 anos (1\/3 renov\u00e1vel a cada 2 anos). A Grande Buenos Aires possui 13 milh\u00f5es de habitantes. O pa\u00eds tem a maior taxa de alfabetiza\u00e7\u00e3o <strong>(99%)<\/strong> da A. do Sul.<\/p>\n<p><strong><u>BOM VIZINHO:<\/u><\/strong> J\u00e1 o Uruguai com seus 3,5 milh\u00f5es de habitantes (1,7 milh\u00f5es em Montevid\u00e9u) tem \u00e1rea de 173 mil kms\u00b2 e 19 departamentos totalizando 407 munic\u00edpios.\u00a0 A C\u00e2mara Federal conta com 99 deputados e o Senado com 31 membros. Nas duas casas o mandato \u00e9 de 5 anos e o sistema de governo \u00e9 o presidencialista. \u00a0O pa\u00eds tem a 2\u00aa. taxa <strong>(98%)<\/strong> de alfabetiza\u00e7\u00e3o do continente.<\/p>\n<p><strong><u>REFLEX\u00c3O:<\/u><\/strong>\u00a0 \u201cSempre ouvi a m\u00e1xima de que \u201cpol\u00edtica e futebol n\u00e3o se discutem\u201d\u2026( ) \u2026\u00e9 crescente a polariza\u00e7\u00e3o de ideias no \u00e2mbito das redes sociais\u2026( )\u2026Assim devemos evoluir para que haja conscientiza\u00e7\u00e3o de que n\u00e3o podemos torcer para determinado pol\u00edtico cegamente, como se torce para time de futebol\u2026( )\u2026Campeonatos temos v\u00e1rios, todos os anos. O futuro \u00e9 logo ali e a vida \u00e9 uma s\u00f3\u201d. (Gustavo Calmon Holiday)<\/p>\n<p><strong><u>A\u00c7\u00d5ES &amp; DEPUTADOS: <\/u>\u00a0Amarildo Cruz<\/strong> (PT): Segue em tramita\u00e7\u00e3o pelas comiss\u00f5es seu projeto denominando de Ministro Waldir dos Santos Pereira e de Dion\u00edsio Ant\u00f4nio Vieira, respectivamente, trechos das rodovias MS-010 e MS-244.<strong>\u00a0 Neno Razuk <\/strong>\u00a0(PL): autor do Projeto Vida Animal estimulando a cria\u00e7\u00e3o e manuten\u00e7\u00e3o de bancos de sangue veterin\u00e1rios de animais dom\u00e9sticos; envolvido nas quest\u00f5es ind\u00edgenas fala da import\u00e2ncia das pol\u00edticas p\u00fablicas para proteger mais de 80 mil \u00edndios no MS. <strong>\u00a0\u00a0Antonio Vaz<\/strong> (REP)<strong>: <\/strong>autor de projeto prevendo a disponibiliza\u00e7\u00e3o de exemplares da B\u00edblia Sagrada nas unidades de ensino do Estado; atento a vacina\u00e7\u00e3o contra o Covid e a Influenza. <strong>Mara Caseiro <\/strong>(PSDB): cobra sinaliza\u00e7\u00e3o na MS-080 (Corguinho-Campo Grande); pede reforma do Posto de Sa\u00fade da aldeia ind\u00edgena Cerritoem Eldorado;<strong>\u00a0\u00a0 Mar\u00e7al Filho <\/strong>(PP): pede ajuda do Governo Estadual para recapear v\u00e1rias ruas importantes de bairros perif\u00e9ricos populosos de Dourados; em conex\u00e3o permanente com lideran\u00e7as comunit\u00e1rias de Dourados.<\/p>\n<p><strong><u>A CA\u00c7ADA: <\/u><\/strong>\u00a0Atrav\u00e9s de filmetes exibidos na televis\u00e3o os partidos tentam atrair eleitores \u00e0 filia\u00e7\u00e3o e consequente disputa nestas elei\u00e7\u00f5es. Sim, s\u00e3o a\u00e7\u00f5es que fazem parte do jogo democr\u00e1tico representando todos os segmentos da sociedade. \u00c9 hora de repetir o chav\u00e3o: \u201c Quando os bons se omitem, acabam sendo governados pelos despreparados ou desqualificados\u201d.<\/p>\n<p><strong><u>\u201cVAI ENCARAR?\u201d<\/u><\/strong>\u00a0 Tenho feito essa pergunta a v\u00e1rios personagens de reconhecida qualifica\u00e7\u00e3o moral e profissional \u2013 que em tese podem com seus conhecimentos e a\u00e7\u00f5es serem \u00fateis \u00e0 sociedade atrav\u00e9s da pol\u00edtica. Cada qual ao justificar a negativa, exp\u00f5e seus motivos. A principal delas \u00e9 o conceito ruim da classe pol\u00edtica \u2018gra\u00e7as\u2019 aos esc\u00e2ndalos de corrup\u00e7\u00e3o.<\/p>\n<p><strong><u>CONCLUS\u00c3O:<\/u><\/strong> \u00a0Apesar do eleitor ser uma caixa preta \u2013 a renova\u00e7\u00e3o nas assembleias, c\u00e2mara federal e senado n\u00e3o deve ocorrer por v\u00e1rios motivos. \u00c9 que os atuais parlamentares (estaduais e federais) levam vantagens: j\u00e1 tem estrutura partid\u00e1ria-funcional e usufruem de enorme visibilidade na m\u00eddia nas mais diferentes situa\u00e7\u00f5es. Quem viver, ver\u00e1!<\/p>\n<p><strong><u>A APOSTA: <\/u><\/strong>\u00a0\u00a0Cada um dos 4 principais pr\u00e9-candidatos a governador com sua estrat\u00e9gia de campanha. Eduardo Riedel (PSDB), por exemplo, depositando suas fichas estrat\u00e9gicas no municipalismo gra\u00e7as as a\u00e7\u00f5es do Governo Estadual nas cidades \u2013 em atendimento as reivindica\u00e7\u00f5es do Executivo e Legislativo. Seu cabo eleitoral mor, governador Reinaldo Azambuja (PSDB) empenhad\u00edssimo no projeto.<\/p>\n<p><strong><u>LEGISLATIVO &amp; A\u00c7\u00d5ES:<\/u> L\u00eddio Lopes <\/strong>\u00a0(Patri): Ativo nas sess\u00f5es do parlamento; continua sendo o elo entre o Governo e os reclamos de prefeitos, vereadores e entidades de dezenas de munic\u00edpios.<strong>\u00a0 Gerson Claro <\/strong>(PP): aprovado seu projeto que homenageia ex-defensor p\u00fablico em Parana\u00edba;pede a Sanesul obra de saneamento na via de acesso ao Frigor\u00edfico Balbinos, em Sidrol\u00e2ndia. <strong>Pedro Kemp <\/strong>(PT):Apelou \u00e0 prefeitura de Campo Grande para restabelecer o transporte aos\u00a0 pacientes do Cotolengo para n\u00e3o prejudicar o tratamento dos mesmos; vigilante das causas sociais.<strong> Paulo Duarte\u00a0 <\/strong>(PSB): Atuante nas sess\u00f5es virtuais inclusive da Comiss\u00e3o de Constitui\u00e7\u00e3o e Justi\u00e7a e recolhendo dados \u00a0t\u00e9cnicos da venda Vale de Corumb\u00e1 e que muito interessa ao Estado. \u00a0<strong>Capit\u00e3o Contar<\/strong> (PRTB): pelos relevantes servi\u00e7os prestados nestes 17 anos foi homenageado pelo\u00a0 Ex\u00e9rcito Brasileiro atrav\u00e9s do Comandante Militar do Oeste, gal An\u00edsio Davi de Oliveira Jr.<\/p>\n<p><strong><u>PUCCINELLI:<\/u><\/strong> Sua \u00faltima elei\u00e7\u00e3o foi em 2010 vencendo Zeca do PT com 55,99% dos votos contra 42,49% dos votos do petista e 1,50% de Nei Braga (PSOL). Naquele pleito Andr\u00e9 foi reeleito no cen\u00e1rio polarizado pela candidatura presidencial de Dilma Roussef (PT) e Jos\u00e9 Serra (PSDB) que venceu no MS por 127.022 votos (55,13% a 44,87%). De volta ao cen\u00e1rio ele vem liderando as pesquisas at\u00e9 aqui.<\/p>\n<p><strong><u>MARCOS TRAD: <\/u><\/strong>\u00a0Sua ren\u00fancia do cargo de prefeito da capital \u00e9 vista como um ato de coragem e muita confian\u00e7a no seu projeto de chegar ao Governo Estadual. Ao seu estilo conhecido tem ido de encontro aos mais diferentes segmentos pol\u00edticos na tentativa de agregar apoiamentos. \u00c9 visto inclusive pela dire\u00e7\u00e3o nacional do PSD como uma grata lideran\u00e7a.<\/p>\n<p><strong><u>ROSE MODESTO:<\/u><\/strong> Nas \u00faltimas disputas eleitorais ela vem se firmando de forma crescente no cen\u00e1rio pol\u00edtico e ocupando assim espa\u00e7os consider\u00e1veis. Sua postura tem servido de inspira\u00e7\u00e3o inclusive as mulheres desejosas de participar da vida p\u00fablica partid\u00e1ria. Seu discurso agrada, rompe barreiras. Os n\u00fameros das pesquisas mostram isso.<\/p>\n<p><strong><u>PONTO FINAL<\/u><\/strong>:<\/p>\n<p><strong>O mal do mundo \u00e9 que Deus envelheceu e o Diabo evoluiu. (Mill\u00f4r Fernandes)<\/strong><\/p>\n<\/div>\n<\/div>\n","protected":false},"excerpt":{"rendered":"<p>NOVO OLHAR: Cabe\u00e7a iluminada, o escritor e publicit\u00e1rio Henrique Medeiros, atual presidente da nossa Academia de Letras, seduzido pelo desafio de disputar o Senado no Partido Verde. Um mergulho nas \u00e1guas turvas das elei\u00e7\u00f5es que lhe dar\u00e1 subs\u00eddios para entender o intrigante jogo pelo poder. Henrique segue o mestre Fernando Pessoa, segundo a qual \u2018ousar [&hellip;]<\/p>\n","protected":false},"author":4,"featured_media":172463,"comment_status":"closed","ping_status":"closed","sticky":false,"template":"","format":"standard","meta":{"footnotes":""},"categories":[37],"tags":[],"class_list":["post-204242","post","type-post","status-publish","format-standard","has-post-thumbnail","hentry","category-politica"],"_links":{"self":[{"href":"https:\/\/www.ocorreionews.com.br\/acervo-correio\/index.php?rest_route=\/wp\/v2\/posts\/204242","targetHints":{"allow":["GET"]}}],"collection":[{"href":"https:\/\/www.ocorreionews.com.br\/acervo-correio\/index.php?rest_route=\/wp\/v2\/posts"}],"about":[{"href":"https:\/\/www.ocorreionews.com.br\/acervo-correio\/index.php?rest_route=\/wp\/v2\/types\/post"}],"author":[{"embeddable":true,"href":"https:\/\/www.ocorreionews.com.br\/acervo-correio\/index.php?rest_route=\/wp\/v2\/users\/4"}],"replies":[{"embeddable":true,"href":"https:\/\/www.ocorreionews.com.br\/acervo-correio\/index.php?rest_route=%2Fwp%2Fv2%2Fcomments&post=204242"}],"version-history":[{"count":1,"href":"https:\/\/www.ocorreionews.com.br\/acervo-correio\/index.php?rest_route=\/wp\/v2\/posts\/204242\/revisions"}],"predecessor-version":[{"id":204243,"href":"https:\/\/www.ocorreionews.com.br\/acervo-correio\/index.php?rest_route=\/wp\/v2\/posts\/204242\/revisions\/204243"}],"wp:featuredmedia":[{"embeddable":true,"href":"https:\/\/www.ocorreionews.com.br\/acervo-correio\/index.php?rest_route=\/wp\/v2\/media\/172463"}],"wp:attachment":[{"href":"https:\/\/www.ocorreionews.com.br\/acervo-correio\/index.php?rest_route=%2Fwp%2Fv2%2Fmedia&parent=204242"}],"wp:term":[{"taxonomy":"category","embeddable":true,"href":"https:\/\/www.ocorreionews.com.br\/acervo-correio\/index.php?rest_route=%2Fwp%2Fv2%2Fcategories&post=204242"},{"taxonomy":"post_tag","embeddable":true,"href":"https:\/\/www.ocorreionews.com.br\/acervo-correio\/index.php?rest_route=%2Fwp%2Fv2%2Ftags&post=204242"}],"curies":[{"name":"wp","href":"https:\/\/api.w.org\/{rel}","templated":true}]}}