{"id":204247,"date":"2022-04-24T14:06:50","date_gmt":"2022-04-24T18:06:50","guid":{"rendered":"https:\/\/www.ocorreionews.com.br\/acervo-correio\/?p=204247"},"modified":"2022-04-24T14:06:50","modified_gmt":"2022-04-24T18:06:50","slug":"ms-tem-15-nomes-na-lista-vermelha-da-interpol-entre-eles-mulher-de-70-anos","status":"publish","type":"post","link":"https:\/\/www.ocorreionews.com.br\/acervo-correio\/?p=204247","title":{"rendered":"MS tem 15 nomes na lista vermelha da Interpol, entre eles mulher de 70 anos"},"content":{"rendered":"<div class=\"elementor-element elementor-element-33095f69 elementor-widget elementor-widget-theme-post-content\" data-id=\"33095f69\" data-element_type=\"widget\" data-widget_type=\"theme-post-content.default\">\n<div class=\"elementor-widget-container\">\n<p>A lista vermelha da Interpol, onde constam os 7.301 mais procurados do mundo, hoje registra os nomes de 15 pessoas naturais de Mato Grosso do Sul. O \u00faltimo a ser inserido na difus\u00e3o vermelha \u00e9 Juanil Miranda Lima, de 45 anos, apontado como um dos pistoleiros denunciados na Omert\u00e0. Junto dele tamb\u00e9m estava Jos\u00e9 Moreira Freires, que acabou morrendo em confronto com a pol\u00edcia em dezembro de 2020.<\/p>\n<p>Al\u00e9m da lista vermelha, <a href=\"https:\/\/www.gov.br\/mj\/pt-br\/assuntos\/sua-seguranca\/operacoes-integradas\/procurados\/paginas\/juanil_miranda.pdf\" target=\"_blank\" rel=\"noreferrer noopener\">Juanil tamb\u00e9m \u00e9 citado na lista de mais procurados do MJSP<\/a> (Minist\u00e9rio da Justi\u00e7a e Seguran\u00e7a P\u00fablica). \u201cEx-guarda civil municipal de Campo Grande (MS), integrante de uma mil\u00edcia ligada ao jogo do bicho. Condenado pelo Tribunal do J\u00fari pela execu\u00e7\u00e3o do delegado Paulo Magalh\u00e3es Ara\u00fajo. Suspeito de envolvimento na morte de Orlando da Silva Fernandes \u201cBomba\u201d, ex-chefe de seguran\u00e7a de Jorge Rafaat Tuonami\u201d, diz a ficha.<\/p>\n<div class=\"wp-block-image\">\n<figure class=\"alignleft size-full\"><picture><source srcset=\"https:\/\/midiamax.uol.com.br\/wp-content\/uploads\/2022\/04\/maria-ivonete.jpg.webp\" type=\"image\/webp\" \/><img loading=\"lazy\" decoding=\"async\" class=\"wp-image-885697\" src=\"https:\/\/midiamax.uol.com.br\/wp-content\/uploads\/2022\/04\/maria-ivonete.jpg\" alt=\"Maria consta na lista da interpol \" width=\"131\" height=\"173\" data-eio=\"p\" \/><\/picture><figcaption>Maria Ivonete (Divulga\u00e7\u00e3o, Interpol)<\/figcaption><\/figure>\n<\/div>\n<p>Conforme apurado pelo <strong>Jornal Midiamax<\/strong>, atualmente h\u00e1 115 brasileiros na lista vermelha, dos quais 15 s\u00e3o sul-mato-grossenses. Entre eles, 14 s\u00e3o homens e apenas uma \u00e9 mulher, Maria Ivonete Yamaguti Dutra, de 70 anos, natural de Bandeirantes. Consta que ela \u00e9 procurada por furto contra entidade p\u00fablica.<\/p>\n<p>Entre os outros nomes, h\u00e1 homens n\u00e3o identificados por fotos, como Lucas de Souza Dantas, de 28 anos, natural de <a class=\"st_tag internal_tag \" title=\"Nova Andradina\" href=\"https:\/\/midiamax.uol.com.br\/tag\/nova-andradina\/\" rel=\"tag\">Nova Andradina<\/a> e procurado por tr\u00e1fico de drogas. Tamb\u00e9m Rodrigo da Silva, de 25 anos, de Paranhos, foragido por cultivo de maconha. Ainda sem fotografia est\u00e1 Mauro Vieira, de 28 anos, acusado tamb\u00e9m de tr\u00e1fico de drogas.<\/p>\n<p>Na cidade de nascimento de Mauro consta \u201cPatroc\u00ednio-MS\u201d, mas que poderia ser a cidade mineira. De Tr\u00eas Lagoas, Jhonn Halite Ramos Barbosa, de 25 anos, acusado de porte ilegal de arma de fogo e associa\u00e7\u00e3o criminosa, bem como Murilo Rodrigues Nogueira, 28 anos, acusado dos mesmos crimes, tamb\u00e9m n\u00e3o s\u00e3o identificados com fotografias.<\/p>\n<p>Murilo estaria entre os presos que <a href=\"https:\/\/midiamax.uol.com.br\/policia\/2020\/video-presos-do-pcc-construiram-tunel-em-uma-semana-e-fugiram-em-tres-horas\/\" target=\"_blank\" rel=\"noreferrer noopener\">fugiram da unidade prisional de Pedro Juan Caballero (PY)<\/a>, em janeiro de 2020. Ele acabou preso meses depois, tomando banho de rio na cidade onde nasceu. Outros dois que n\u00e3o s\u00e3o identificados com fotos s\u00e3o Odair Ferreira dos Santos, de 44 anos, natural de Dourados e foragido por tr\u00e1fico de drogas, e Luiz Ant\u00f4nio Varela da Silva, 25 anos, de Campo Grande, acusado de tr\u00e1fico, associa\u00e7\u00e3o criminosa e porte ilegal de arma de fogo.<\/p>\n<div class=\"wp-block-image\">\n<figure class=\"alignright size-full is-resized\"><picture><source srcset=\"https:\/\/midiamax.uol.com.br\/wp-content\/uploads\/2022\/04\/ramao.jpg.webp 567w, https:\/\/midiamax.uol.com.br\/wp-content\/uploads\/2022\/04\/ramao-300x300.jpg.webp 300w, https:\/\/midiamax.uol.com.br\/wp-content\/uploads\/2022\/04\/ramao-150x150.jpg.webp 150w\" type=\"image\/webp\" sizes=\"(max-width: 170px) 100vw, 170px\" \/><img loading=\"lazy\" decoding=\"async\" class=\"wp-image-885700\" src=\"https:\/\/midiamax.uol.com.br\/wp-content\/uploads\/2022\/04\/ramao.jpg\" sizes=\"auto, (max-width: 170px) 100vw, 170px\" srcset=\"https:\/\/midiamax.uol.com.br\/wp-content\/uploads\/2022\/04\/ramao.jpg 567w, https:\/\/midiamax.uol.com.br\/wp-content\/uploads\/2022\/04\/ramao-300x300.jpg 300w, https:\/\/midiamax.uol.com.br\/wp-content\/uploads\/2022\/04\/ramao-150x150.jpg 150w\" alt=\"ramao\" width=\"170\" height=\"169\" data-eio=\"p\" \/><\/picture><figcaption>Ram\u00e3o (Divulga\u00e7\u00e3o, Interpol)<\/figcaption><\/figure>\n<\/div>\n<p>Em dezembro de 2020, o <strong>Midiamax <\/strong>registrou a pris\u00e3o de Luiz Ant\u00f4nio. Ele tamb\u00e9m foi apontado como um dos presos do PCC (Primeiro Comando da Capital) que fugiu do pres\u00eddio paraguaio, na fronteira. <a href=\"https:\/\/midiamax.uol.com.br\/policia\/2020\/membro-do-pcc-que-fugiu-de-presidio-no-paraguai-revendia-armas-em-campo-grande\/\" target=\"_blank\" rel=\"noreferrer noopener\">O rapaz foi detido em Campo Grande<\/a> e estaria revendendo armas de fogo na cidade. Com ele foram apreendidas quatro armas e v\u00e1rias muni\u00e7\u00f5es.<\/p>\n<p>Ainda aparecem na lista Ram\u00e3o Anacleto Brites Davalo, de 47 anos, natural de Aral Moreira e acusado de tr\u00e1fico internacional de drogas, Marcial D\u00e1rio Acosta, 43 anos, natural de <a class=\"st_tag internal_tag \" title=\"Ponta Por\u00e3\" href=\"https:\/\/midiamax.uol.com.br\/tag\/ponta-pora\/\" rel=\"tag\">Ponta Por\u00e3<\/a> e tamb\u00e9m acusado de tr\u00e1fico de drogas. Paulino M\u00e1rio Soares Rezende, 47 anos, de Ponta Por\u00e3, tamb\u00e9m \u00e9 um dos foragidos e acusado de tr\u00e1fico.<\/p>\n<h3>Lideran\u00e7a do PCC na lista<\/h3>\n<div class=\"wp-block-image\">\n<figure class=\"alignleft size-full\"><picture><source srcset=\"https:\/\/midiamax.uol.com.br\/wp-content\/uploads\/2022\/04\/claudinei-predebon.jpg.webp\" type=\"image\/webp\" \/><img loading=\"lazy\" decoding=\"async\" class=\"wp-image-885695\" src=\"https:\/\/midiamax.uol.com.br\/wp-content\/uploads\/2022\/04\/claudinei-predebon.jpg\" alt=\"claudinei predebon\" width=\"144\" height=\"180\" data-eio=\"p\" \/><\/picture><figcaption>Claudinei (Divulga\u00e7\u00e3o, Interpol)<\/figcaption><\/figure>\n<\/div>\n<p>Claudinei Predebon, de 37 anos, tamb\u00e9m consta na lista vermelha da Interpol. Natural de F\u00e1tima do Sul, ele \u00e9 acusado do tr\u00e1fico de coca\u00edna. <a href=\"https:\/\/www.gov.br\/prf\/pt-br\/noticias\/nacionais\/prf-prende-um-dos-chefes-do-pcc\" target=\"_blank\" rel=\"noreferrer noopener\">Claudinei foi preso em janeiro<\/a> deste ano pela PRF (Pol\u00edcia Rodovi\u00e1ria Federal), no trajeto entre Santa Catarina e S\u00e3o Paulo. Ele ainda apresentou um documento falso.<\/p>\n<p>Conforme relatado pela PRF, ele era considerado respons\u00e1vel pelo recebimento de droga no <a class=\"st_tag internal_tag \" title=\"Paraguai\" href=\"https:\/\/midiamax.uol.com.br\/tag\/paraguai\/\" rel=\"tag\">Paraguai<\/a> e atuava com o pr\u00f3prio pai, <a href=\"https:\/\/midiamax.uol.com.br\/policia\/2021\/preso-em-ms-acusado-de-trafico-internacional-tem-pedido-de-habeas-corpus-negado\/\" target=\"_blank\" rel=\"noreferrer noopener\">Aldo Jos\u00e9 Marques Brand\u00e3o<\/a>, de quem seria \u2018secret\u00e1rio\u2019. Aldo, conhecido como \u2018Sheik\u2019, est\u00e1 preso em Campo Grande, condenado a 53 anos de pris\u00e3o e apontado como \u2018bar\u00e3o do tr\u00e1fico internacional\u2019. Ele foi detido pela Pol\u00edcia Federal em 2016, na Opera\u00e7\u00e3o Matterello.<\/p>\n<\/div>\n<\/div>\n<p>&nbsp;<\/p>\n<p>Renata Portela midiamax<\/p>\n","protected":false},"excerpt":{"rendered":"<p>A lista vermelha da Interpol, onde constam os 7.301 mais procurados do mundo, hoje registra os nomes de 15 pessoas naturais de Mato Grosso do Sul. O \u00faltimo a ser inserido na difus\u00e3o vermelha \u00e9 Juanil Miranda Lima, de 45 anos, apontado como um dos pistoleiros denunciados na Omert\u00e0. Junto dele tamb\u00e9m estava Jos\u00e9 Moreira [&hellip;]<\/p>\n","protected":false},"author":4,"featured_media":204248,"comment_status":"closed","ping_status":"closed","sticky":false,"template":"","format":"standard","meta":{"footnotes":""},"categories":[38],"tags":[],"class_list":["post-204247","post","type-post","status-publish","format-standard","has-post-thumbnail","hentry","category-policia"],"_links":{"self":[{"href":"https:\/\/www.ocorreionews.com.br\/acervo-correio\/index.php?rest_route=\/wp\/v2\/posts\/204247","targetHints":{"allow":["GET"]}}],"collection":[{"href":"https:\/\/www.ocorreionews.com.br\/acervo-correio\/index.php?rest_route=\/wp\/v2\/posts"}],"about":[{"href":"https:\/\/www.ocorreionews.com.br\/acervo-correio\/index.php?rest_route=\/wp\/v2\/types\/post"}],"author":[{"embeddable":true,"href":"https:\/\/www.ocorreionews.com.br\/acervo-correio\/index.php?rest_route=\/wp\/v2\/users\/4"}],"replies":[{"embeddable":true,"href":"https:\/\/www.ocorreionews.com.br\/acervo-correio\/index.php?rest_route=%2Fwp%2Fv2%2Fcomments&post=204247"}],"version-history":[{"count":1,"href":"https:\/\/www.ocorreionews.com.br\/acervo-correio\/index.php?rest_route=\/wp\/v2\/posts\/204247\/revisions"}],"predecessor-version":[{"id":204249,"href":"https:\/\/www.ocorreionews.com.br\/acervo-correio\/index.php?rest_route=\/wp\/v2\/posts\/204247\/revisions\/204249"}],"wp:featuredmedia":[{"embeddable":true,"href":"https:\/\/www.ocorreionews.com.br\/acervo-correio\/index.php?rest_route=\/wp\/v2\/media\/204248"}],"wp:attachment":[{"href":"https:\/\/www.ocorreionews.com.br\/acervo-correio\/index.php?rest_route=%2Fwp%2Fv2%2Fmedia&parent=204247"}],"wp:term":[{"taxonomy":"category","embeddable":true,"href":"https:\/\/www.ocorreionews.com.br\/acervo-correio\/index.php?rest_route=%2Fwp%2Fv2%2Fcategories&post=204247"},{"taxonomy":"post_tag","embeddable":true,"href":"https:\/\/www.ocorreionews.com.br\/acervo-correio\/index.php?rest_route=%2Fwp%2Fv2%2Ftags&post=204247"}],"curies":[{"name":"wp","href":"https:\/\/api.w.org\/{rel}","templated":true}]}}