{"id":204252,"date":"2022-04-24T14:26:28","date_gmt":"2022-04-24T18:26:28","guid":{"rendered":"https:\/\/www.ocorreionews.com.br\/acervo-correio\/?p=204252"},"modified":"2022-04-24T14:26:28","modified_gmt":"2022-04-24T18:26:28","slug":"prefeitura-de-paraiso-vai-realizar-festa-do-trabalhador","status":"publish","type":"post","link":"https:\/\/www.ocorreionews.com.br\/acervo-correio\/?p=204252","title":{"rendered":"Prefeitura de Para\u00edso vai realizar festa do trabalhador"},"content":{"rendered":"<blockquote><p><strong>Em alusiva ao Dia do Trabalhador &#8211; 1\u00b0 de maio, na v\u00e9spera, dia 30 de abril, pr\u00f3ximo s\u00e1bado, realiza o 1\u00b0 Show do Trabalhador com Luis Goiano e Girsel da Viola &#8211; um dos melhores violeiros do Brasil.<\/strong><\/p><\/blockquote>\n<p>O evento ser\u00e1 realizado a partir das 20h na Pra\u00e7a Francisco Rodrigues da Cunha, ao lado da igreja Matriz.<\/p>\n<p>Haver\u00e1 apresenta\u00e7\u00f5es culturais, como o Ballet Cl\u00e1ssico e Jazz Dance, com o professor e core\u00f3grafo Dinho Ara\u00fajo.<\/p>\n<p>O evento \u00e9 realizado aberto ao p\u00fablico.<\/p>\n<p>O 1\u00b0 Show do Trabalhador \u00e9 realizado pela Prefeitura Municipal de Para\u00edso das \u00c1guas com o apoio do Governo do Estado de Mato Grosso do Sul, Funda\u00e7\u00e3o de Cultura de Mato Grosso do Sul, Secretaria Municipal de Educa\u00e7\u00e3o, Esporte, Cultura e Lazer, Secretaria Municipal de Assi<\/p>\n","protected":false},"excerpt":{"rendered":"<p>Em alusiva ao Dia do Trabalhador &#8211; 1\u00b0 de maio, na v\u00e9spera, dia 30 de abril, pr\u00f3ximo s\u00e1bado, realiza o 1\u00b0 Show do Trabalhador com Luis Goiano e Girsel da Viola &#8211; um dos melhores violeiros do Brasil. O evento ser\u00e1 realizado a partir das 20h na Pra\u00e7a Francisco Rodrigues da Cunha, ao lado da [&hellip;]<\/p>\n","protected":false},"author":4,"featured_media":204253,"comment_status":"closed","ping_status":"closed","sticky":false,"template":"","format":"standard","meta":{"footnotes":""},"categories":[36],"tags":[],"class_list":["post-204252","post","type-post","status-publish","format-standard","has-post-thumbnail","hentry","category-paraiso-das-aguas"],"_links":{"self":[{"href":"https:\/\/www.ocorreionews.com.br\/acervo-correio\/index.php?rest_route=\/wp\/v2\/posts\/204252","targetHints":{"allow":["GET"]}}],"collection":[{"href":"https:\/\/www.ocorreionews.com.br\/acervo-correio\/index.php?rest_route=\/wp\/v2\/posts"}],"about":[{"href":"https:\/\/www.ocorreionews.com.br\/acervo-correio\/index.php?rest_route=\/wp\/v2\/types\/post"}],"author":[{"embeddable":true,"href":"https:\/\/www.ocorreionews.com.br\/acervo-correio\/index.php?rest_route=\/wp\/v2\/users\/4"}],"replies":[{"embeddable":true,"href":"https:\/\/www.ocorreionews.com.br\/acervo-correio\/index.php?rest_route=%2Fwp%2Fv2%2Fcomments&post=204252"}],"version-history":[{"count":1,"href":"https:\/\/www.ocorreionews.com.br\/acervo-correio\/index.php?rest_route=\/wp\/v2\/posts\/204252\/revisions"}],"predecessor-version":[{"id":204254,"href":"https:\/\/www.ocorreionews.com.br\/acervo-correio\/index.php?rest_route=\/wp\/v2\/posts\/204252\/revisions\/204254"}],"wp:featuredmedia":[{"embeddable":true,"href":"https:\/\/www.ocorreionews.com.br\/acervo-correio\/index.php?rest_route=\/wp\/v2\/media\/204253"}],"wp:attachment":[{"href":"https:\/\/www.ocorreionews.com.br\/acervo-correio\/index.php?rest_route=%2Fwp%2Fv2%2Fmedia&parent=204252"}],"wp:term":[{"taxonomy":"category","embeddable":true,"href":"https:\/\/www.ocorreionews.com.br\/acervo-correio\/index.php?rest_route=%2Fwp%2Fv2%2Fcategories&post=204252"},{"taxonomy":"post_tag","embeddable":true,"href":"https:\/\/www.ocorreionews.com.br\/acervo-correio\/index.php?rest_route=%2Fwp%2Fv2%2Ftags&post=204252"}],"curies":[{"name":"wp","href":"https:\/\/api.w.org\/{rel}","templated":true}]}}