{"id":204741,"date":"2022-04-28T07:18:29","date_gmt":"2022-04-28T11:18:29","guid":{"rendered":"https:\/\/www.ocorreionews.com.br\/acervo-correio\/?p=204741"},"modified":"2022-04-28T07:18:29","modified_gmt":"2022-04-28T11:18:29","slug":"costa-rica-vence-o-acao-mt-e-conquista-primeira-vitoria-no-brasileiro-da-d","status":"publish","type":"post","link":"https:\/\/www.ocorreionews.com.br\/acervo-correio\/?p=204741","title":{"rendered":"Costa Rica vence o A\u00e7\u00e3o (MT) e conquista primeira vit\u00f3ria no Brasileiro da D"},"content":{"rendered":"<div class=\"news-content editor-content-entry\">\n<p>Terceiro colocado no campeonato Sul-Mato-Grossense, o\u00a0Costa Rica\u00a0venceu a primeira partida no\u00a0Campeonato Brasileiro\u00a0da S\u00e9rie D. A Cobra do Norte venceu o A\u00e7\u00e3o (MT), por 2 a 0 em partida disputada na noite desta quarta-feira (27), no est\u00e1dio Laert\u00e3o, em Costa Rica.<\/p>\n<p>&nbsp;<\/p>\n<p>Os gols do Crec foram marcados por Alem\u00e3o e Rafael Cruz. O Costa Rica agora viaja para o estado de Goi\u00e1s, onde enfrenta o Ipor\u00e1 (GO), no pr\u00f3ximo domingo na cidade de Ipor\u00e1, no est\u00e1dio Francisco Ferreira. A cidade goiana fica a 226 quil\u00f4metros a oeste de\u00a0Goi\u00e2nia\u00a0(GO).<\/p>\n<p><strong>A equipe de MS est\u00e1 no grupo A5 do Brasileir\u00e3o, que tamb\u00e9m tem An\u00e1polis (GO), Ipor\u00e1 (GO), Oper\u00e1rio (MT) e Brasiliense (DF).<\/strong>\u00a0Confira a classifica\u00e7\u00e3o do grupo neste\u00a0<strong><a href=\"https:\/\/www.cbf.com.br\/futebol-brasileiro\/competicoes\/campeonato-brasileiro-serie-d\" target=\"_blank\" rel=\"noopener\">link<\/a>.<\/strong>\u00a0Ao todo, 64 clubes disputam a competi\u00e7\u00e3o neste ano, divididos em oito grupos.<\/p>\n<p>Midiamax<\/p>\n<\/div>\n","protected":false},"excerpt":{"rendered":"<p>Terceiro colocado no campeonato Sul-Mato-Grossense, o\u00a0Costa Rica\u00a0venceu a primeira partida no\u00a0Campeonato Brasileiro\u00a0da S\u00e9rie D. A Cobra do Norte venceu o A\u00e7\u00e3o (MT), por 2 a 0 em partida disputada na noite desta quarta-feira (27), no est\u00e1dio Laert\u00e3o, em Costa Rica. &nbsp; Os gols do Crec foram marcados por Alem\u00e3o e Rafael Cruz. O Costa Rica [&hellip;]<\/p>\n","protected":false},"author":4,"featured_media":204742,"comment_status":"closed","ping_status":"closed","sticky":false,"template":"","format":"standard","meta":{"footnotes":""},"categories":[29],"tags":[],"class_list":["post-204741","post","type-post","status-publish","format-standard","has-post-thumbnail","hentry","category-esporte"],"_links":{"self":[{"href":"https:\/\/www.ocorreionews.com.br\/acervo-correio\/index.php?rest_route=\/wp\/v2\/posts\/204741","targetHints":{"allow":["GET"]}}],"collection":[{"href":"https:\/\/www.ocorreionews.com.br\/acervo-correio\/index.php?rest_route=\/wp\/v2\/posts"}],"about":[{"href":"https:\/\/www.ocorreionews.com.br\/acervo-correio\/index.php?rest_route=\/wp\/v2\/types\/post"}],"author":[{"embeddable":true,"href":"https:\/\/www.ocorreionews.com.br\/acervo-correio\/index.php?rest_route=\/wp\/v2\/users\/4"}],"replies":[{"embeddable":true,"href":"https:\/\/www.ocorreionews.com.br\/acervo-correio\/index.php?rest_route=%2Fwp%2Fv2%2Fcomments&post=204741"}],"version-history":[{"count":1,"href":"https:\/\/www.ocorreionews.com.br\/acervo-correio\/index.php?rest_route=\/wp\/v2\/posts\/204741\/revisions"}],"predecessor-version":[{"id":204743,"href":"https:\/\/www.ocorreionews.com.br\/acervo-correio\/index.php?rest_route=\/wp\/v2\/posts\/204741\/revisions\/204743"}],"wp:featuredmedia":[{"embeddable":true,"href":"https:\/\/www.ocorreionews.com.br\/acervo-correio\/index.php?rest_route=\/wp\/v2\/media\/204742"}],"wp:attachment":[{"href":"https:\/\/www.ocorreionews.com.br\/acervo-correio\/index.php?rest_route=%2Fwp%2Fv2%2Fmedia&parent=204741"}],"wp:term":[{"taxonomy":"category","embeddable":true,"href":"https:\/\/www.ocorreionews.com.br\/acervo-correio\/index.php?rest_route=%2Fwp%2Fv2%2Fcategories&post=204741"},{"taxonomy":"post_tag","embeddable":true,"href":"https:\/\/www.ocorreionews.com.br\/acervo-correio\/index.php?rest_route=%2Fwp%2Fv2%2Ftags&post=204741"}],"curies":[{"name":"wp","href":"https:\/\/api.w.org\/{rel}","templated":true}]}}