{"id":204744,"date":"2022-04-28T08:03:43","date_gmt":"2022-04-28T12:03:43","guid":{"rendered":"https:\/\/www.ocorreionews.com.br\/acervo-correio\/?p=204744"},"modified":"2022-04-28T08:03:43","modified_gmt":"2022-04-28T12:03:43","slug":"covid-19-subvariante-inedita-do-coronavirus-e-identificada-em-sao-paulo","status":"publish","type":"post","link":"https:\/\/www.ocorreionews.com.br\/acervo-correio\/?p=204744","title":{"rendered":"Covid-19: subvariante in\u00e9dita do coronav\u00edrus \u00e9 identificada em S\u00e3o Paulo"},"content":{"rendered":"<blockquote>\n<h4>Um sequenciamento gen\u00f4mico identificou uma variante , at\u00e9 ent\u00e3o in\u00e9dita, do Sars-CoV-2, v\u00edrus causador da Covid-19 em uma crian\u00e7a de 3 anos na cidade de S\u00e3o Paulo. Trata-se de uma recombina\u00e7\u00e3o da variante \u00f4micron.<\/h4>\n<\/blockquote>\n<p>Um sequenciamento gen\u00f4mico identificou uma variante , at\u00e9 ent\u00e3o in\u00e9dita, do Sars-CoV-2, v\u00edrus causador da Covid-19 em uma crian\u00e7a de 3 anos na cidade de S\u00e3o Paulo. Trata-se de uma recombina\u00e7\u00e3o da variante \u00f4micron.<\/p>\n<p>O levantamento feito pela Rede Dasa identificou que o v\u00edrus tinha informa\u00e7\u00f5es da variante \u00f4micron, mas com peda\u00e7os de uma segunda muta\u00e7\u00e3o.<\/p>\n<p>\u201cA diferen\u00e7a de variante para recombinante, \u00e9 que as variantes s\u00e3o novas linhagens. Aqui, n\u00e3o. Houve uma mudan\u00e7a de peda\u00e7os de RNA viral. Isso quer dizer que uma pessoa foi infectada por BA.1 e BA.2 simultaneamente e em algumas das c\u00e9lulas infectadas, ao fazer a replica\u00e7\u00e3o, houve a mistura dos dois genomas\u201d, disse Jos\u00e9 Eduardo Levi, virologista da Dasa, ao Globo.<\/p>\n<p>O laborat\u00f3rio j\u00e1 identificou, ao todo, tr\u00eas amostras que sofreram uma recombina\u00e7\u00e3o em seu trabalho de sequenciamento gen\u00f4mico. Al\u00e9m desta, que ainda n\u00e3o tem nome, a chamada \u00d4micron XE foi identificada por eles e pelo Instituto Butantan.<\/p>\n<p>Isto \u00c9 Dinheiro<\/p>\n","protected":false},"excerpt":{"rendered":"<p>Um sequenciamento gen\u00f4mico identificou uma variante , at\u00e9 ent\u00e3o in\u00e9dita, do Sars-CoV-2, v\u00edrus causador da Covid-19 em uma crian\u00e7a de 3 anos na cidade de S\u00e3o Paulo. Trata-se de uma recombina\u00e7\u00e3o da variante \u00f4micron. Um sequenciamento gen\u00f4mico identificou uma variante , at\u00e9 ent\u00e3o in\u00e9dita, do Sars-CoV-2, v\u00edrus causador da Covid-19 em uma crian\u00e7a de 3 [&hellip;]<\/p>\n","protected":false},"author":4,"featured_media":204746,"comment_status":"closed","ping_status":"closed","sticky":false,"template":"","format":"standard","meta":{"footnotes":""},"categories":[39],"tags":[],"class_list":["post-204744","post","type-post","status-publish","format-standard","has-post-thumbnail","hentry","category-saude"],"_links":{"self":[{"href":"https:\/\/www.ocorreionews.com.br\/acervo-correio\/index.php?rest_route=\/wp\/v2\/posts\/204744","targetHints":{"allow":["GET"]}}],"collection":[{"href":"https:\/\/www.ocorreionews.com.br\/acervo-correio\/index.php?rest_route=\/wp\/v2\/posts"}],"about":[{"href":"https:\/\/www.ocorreionews.com.br\/acervo-correio\/index.php?rest_route=\/wp\/v2\/types\/post"}],"author":[{"embeddable":true,"href":"https:\/\/www.ocorreionews.com.br\/acervo-correio\/index.php?rest_route=\/wp\/v2\/users\/4"}],"replies":[{"embeddable":true,"href":"https:\/\/www.ocorreionews.com.br\/acervo-correio\/index.php?rest_route=%2Fwp%2Fv2%2Fcomments&post=204744"}],"version-history":[{"count":1,"href":"https:\/\/www.ocorreionews.com.br\/acervo-correio\/index.php?rest_route=\/wp\/v2\/posts\/204744\/revisions"}],"predecessor-version":[{"id":204747,"href":"https:\/\/www.ocorreionews.com.br\/acervo-correio\/index.php?rest_route=\/wp\/v2\/posts\/204744\/revisions\/204747"}],"wp:featuredmedia":[{"embeddable":true,"href":"https:\/\/www.ocorreionews.com.br\/acervo-correio\/index.php?rest_route=\/wp\/v2\/media\/204746"}],"wp:attachment":[{"href":"https:\/\/www.ocorreionews.com.br\/acervo-correio\/index.php?rest_route=%2Fwp%2Fv2%2Fmedia&parent=204744"}],"wp:term":[{"taxonomy":"category","embeddable":true,"href":"https:\/\/www.ocorreionews.com.br\/acervo-correio\/index.php?rest_route=%2Fwp%2Fv2%2Fcategories&post=204744"},{"taxonomy":"post_tag","embeddable":true,"href":"https:\/\/www.ocorreionews.com.br\/acervo-correio\/index.php?rest_route=%2Fwp%2Fv2%2Ftags&post=204744"}],"curies":[{"name":"wp","href":"https:\/\/api.w.org\/{rel}","templated":true}]}}