{"id":204748,"date":"2022-04-28T08:08:06","date_gmt":"2022-04-28T12:08:06","guid":{"rendered":"https:\/\/www.ocorreionews.com.br\/acervo-correio\/?p=204748"},"modified":"2022-04-28T08:08:06","modified_gmt":"2022-04-28T12:08:06","slug":"camara-aprova-mp-e-torna-permanente-auxilio-brasil-de-r400","status":"publish","type":"post","link":"https:\/\/www.ocorreionews.com.br\/acervo-correio\/?p=204748","title":{"rendered":"C\u00e2mara aprova MP e torna permanente Aux\u00edlio Brasil de R$400"},"content":{"rendered":"<p>A C\u00e2mara dos Deputados aprovou nesta quarta-feira medida provis\u00f3ria que torna permanente o pagamento de 400 reais a fam\u00edlias benefici\u00e1rias do Aux\u00edlio Brasil.<\/p>\n<p>A proposta segue agora para o Senado, e precisa ter sua tramita\u00e7\u00e3o conclu\u00edda no Congresso at\u00e9 o dia 16 de maio ou perde a validade.<\/p>\n<p>O presidente do Senado, Rodrigo Pacheco (PSD-MG), j\u00e1 adiantou que a MP ser\u00e1 levada ao plen\u00e1rio da Casa dentro do prazo.<\/p>\n<p>Originalmente, a MP permitia apenas a concess\u00e3o de um benef\u00edcio extraordin\u00e1rio para complementar o Aux\u00edlio Brasil de dezembro de 2021 a dezembro de 2022.<\/p>\n<p>O relator da proposta, Jo\u00e3o Roma (PL-BA), ex-ministro da Cidadania do governo de Jair Bolsonaro, acatou emenda ap\u00f3s amplo acordo com l\u00edderes e modificou o texto para autorizar o pagamento perene do benef\u00edcio.<\/p>\n<p>Aprovado por 418 votos a favor e 7 contr\u00e1rios, o texto recebeu a chancela at\u00e9 mesmo de integrantes da oposi\u00e7\u00e3o, que comemoraram sua aprova\u00e7\u00e3o. Mas muitos deles n\u00e3o deixaram passar despercebido sentimento de que o governo s\u00f3 teria autorizado a concess\u00e3o permanente do benef\u00edcio por se tratar de um ano de elei\u00e7\u00f5es gerais.<\/p>\n<p>Isto \u00e9 Dinheiro<\/p>\n","protected":false},"excerpt":{"rendered":"<p>A C\u00e2mara dos Deputados aprovou nesta quarta-feira medida provis\u00f3ria que torna permanente o pagamento de 400 reais a fam\u00edlias benefici\u00e1rias do Aux\u00edlio Brasil. A proposta segue agora para o Senado, e precisa ter sua tramita\u00e7\u00e3o conclu\u00edda no Congresso at\u00e9 o dia 16 de maio ou perde a validade. O presidente do Senado, Rodrigo Pacheco (PSD-MG), [&hellip;]<\/p>\n","protected":false},"author":4,"featured_media":132674,"comment_status":"closed","ping_status":"closed","sticky":false,"template":"","format":"standard","meta":{"footnotes":""},"categories":[37],"tags":[],"class_list":["post-204748","post","type-post","status-publish","format-standard","has-post-thumbnail","hentry","category-politica"],"_links":{"self":[{"href":"https:\/\/www.ocorreionews.com.br\/acervo-correio\/index.php?rest_route=\/wp\/v2\/posts\/204748","targetHints":{"allow":["GET"]}}],"collection":[{"href":"https:\/\/www.ocorreionews.com.br\/acervo-correio\/index.php?rest_route=\/wp\/v2\/posts"}],"about":[{"href":"https:\/\/www.ocorreionews.com.br\/acervo-correio\/index.php?rest_route=\/wp\/v2\/types\/post"}],"author":[{"embeddable":true,"href":"https:\/\/www.ocorreionews.com.br\/acervo-correio\/index.php?rest_route=\/wp\/v2\/users\/4"}],"replies":[{"embeddable":true,"href":"https:\/\/www.ocorreionews.com.br\/acervo-correio\/index.php?rest_route=%2Fwp%2Fv2%2Fcomments&post=204748"}],"version-history":[{"count":1,"href":"https:\/\/www.ocorreionews.com.br\/acervo-correio\/index.php?rest_route=\/wp\/v2\/posts\/204748\/revisions"}],"predecessor-version":[{"id":204749,"href":"https:\/\/www.ocorreionews.com.br\/acervo-correio\/index.php?rest_route=\/wp\/v2\/posts\/204748\/revisions\/204749"}],"wp:featuredmedia":[{"embeddable":true,"href":"https:\/\/www.ocorreionews.com.br\/acervo-correio\/index.php?rest_route=\/wp\/v2\/media\/132674"}],"wp:attachment":[{"href":"https:\/\/www.ocorreionews.com.br\/acervo-correio\/index.php?rest_route=%2Fwp%2Fv2%2Fmedia&parent=204748"}],"wp:term":[{"taxonomy":"category","embeddable":true,"href":"https:\/\/www.ocorreionews.com.br\/acervo-correio\/index.php?rest_route=%2Fwp%2Fv2%2Fcategories&post=204748"},{"taxonomy":"post_tag","embeddable":true,"href":"https:\/\/www.ocorreionews.com.br\/acervo-correio\/index.php?rest_route=%2Fwp%2Fv2%2Ftags&post=204748"}],"curies":[{"name":"wp","href":"https:\/\/api.w.org\/{rel}","templated":true}]}}