{"id":204827,"date":"2022-04-28T17:00:31","date_gmt":"2022-04-28T21:00:31","guid":{"rendered":"https:\/\/www.ocorreionews.com.br\/acervo-correio\/?p=204827"},"modified":"2022-04-28T17:00:31","modified_gmt":"2022-04-28T21:00:31","slug":"alcinopolis-geraldo-espindola-canta-para-alunos-da-em-alcino-carneiro","status":"publish","type":"post","link":"https:\/\/www.ocorreionews.com.br\/acervo-correio\/?p=204827","title":{"rendered":"Alcin\u00f3polis  Geraldo Esp\u00edndola canta para alunos da EM Alcino Carneiro"},"content":{"rendered":"<p>Os estudantes da Escola Municipal Alcino Carneiro, em Alcin\u00f3polis, t\u00eam um encontro marcado com a melodia, a voz e a sensibilidade po\u00e9tica de Geraldo Esp\u00edndola, uma das maiores express\u00f5es musicais de Mato Grosso do Sul. Ser\u00e1 nesta sexta-feira, 29, quando o cantor, m\u00fasico e compositor se apresentar\u00e1 no estabelecimento de ensino, em mais uma etapa do Projeto &#8220;Nossa Escola Canta MS&#8221;.<br aria-hidden=\"true\" \/>Com incentivo do FIC (Fundo de Investimentos Culturais), realizado pelo Governo de Mato Grosso do Sul, atrav\u00e9s da Funda\u00e7\u00e3o de Cultura (FCMS), o projeto leva a assinatura da Quiquiho Produ\u00e7\u00f5es, cujos objetivos s\u00e3o promover, difundir e valorizar a produ\u00e7\u00e3o art\u00edstica-cultural regional. As apresenta\u00e7\u00f5es s\u00e3o destinadas exclusivamente aos estudantes das escolas pr\u00e9-selecionadas e incluem 10 munic\u00edpios do interior.<\/p>\n<p><a href=\"https:\/\/www.ocorreionews.com.br\/acervo-correio\/wp-content\/uploads\/2022\/04\/BANNER-alcino?polis.jpg\"><img loading=\"lazy\" decoding=\"async\" class=\"alignnone size-full wp-image-204828\" src=\"https:\/\/www.ocorreionews.com.br\/acervo-correio\/wp-content\/uploads\/2022\/04\/BANNER-alcino?polis.jpg\" alt=\"\" width=\"1182\" height=\"1259\" \/><\/a><br aria-hidden=\"true\" \/>&#8220;UM PR\u00caMIO&#8221; &#8211; Precursor e ativista da Moderna M\u00fasica Popular Urbana no Centro-Oeste brasileiro, de obra comprometida com as manifesta\u00e7\u00f5es, culturas, hist\u00f3rias e realidades da gente sulmatogrossense, Geraldo Esp\u00edndola \u00e9 uma das refer\u00eancias nacionais de criatividade e compromisso com a qualifica\u00e7\u00e3o conceitual da arte e de seu pertencimento mais amplo \u00e0 sociedade. <br aria-hidden=\"true\" \/>Ele diz que cantar em lugares como Alcin\u00f3polis \u00e9 uma honra e um pr\u00eamio ao seu compromisso social e cultural, por tratar-se de &#8220;um ambiente hospitaleiro, rico em personagens e hist\u00f3rias humanas, em cen\u00e1rios de natureza exuberante e de refer\u00eancias da nossa ancestralidade&#8221;. O projeto j\u00e1 foi assistido e aplaudido por estudantes, professores e administrativos de esclas de Amambai, Rio Brilhante, Iguatemi, Tr\u00eas Lagoas, Anast\u00e1cio, Camapu\u00e3 e Coxim.<br aria-hidden=\"true\" \/>\u00a0 O repert\u00f3rio de Geraldo Esp\u00edndola neste projeto inclui as seguintes can\u00e7\u00f5es: &#8220;Cu\u00f1ataipor\u00e3&#8221;, &#8220;Kikio&#8221;, &#8220;N\u00e3o Viol\u00eancia&#8221;, &#8220;Tuiuiu Jaburu&#8221;, &#8220;Deixei Meu Mat\u00e3o&#8221;, &#8220;Na Solid\u00e3o do Caipira&#8221;, &#8220;Ra\u00e7a das Matas&#8221;, &#8220;Forasteiro&#8221;, &#8220;Pelo R\u00e1dio&#8221; e &#8220;Vida Cigana&#8221;. Como se pode constatar, o artista reuniu t\u00edtulos conhecidos, como as antol\u00f3gicas &#8220;Kikio&#8221; e &#8220;Vida Cigana&#8221;, e obras mais recentes, entre as quais &#8220;N\u00e3o Viol\u00eancia&#8221;. \u00a0<br aria-hidden=\"true\" \/>\u00a0<br aria-hidden=\"true\" \/><br aria-hidden=\"true\" \/>(Jornalista Edson Moraes &#8211; DRT\/MTE 857)<\/p>\n","protected":false},"excerpt":{"rendered":"<p>Os estudantes da Escola Municipal Alcino Carneiro, em Alcin\u00f3polis, t\u00eam um encontro marcado com a melodia, a voz e a sensibilidade po\u00e9tica de Geraldo Esp\u00edndola, uma das maiores express\u00f5es musicais de Mato Grosso do Sul. Ser\u00e1 nesta sexta-feira, 29, quando o cantor, m\u00fasico e compositor se apresentar\u00e1 no estabelecimento de ensino, em mais uma etapa [&hellip;]<\/p>\n","protected":false},"author":4,"featured_media":204828,"comment_status":"closed","ping_status":"closed","sticky":false,"template":"","format":"standard","meta":{"footnotes":""},"categories":[18],"tags":[],"class_list":["post-204827","post","type-post","status-publish","format-standard","has-post-thumbnail","hentry","category-alcinopolis"],"_links":{"self":[{"href":"https:\/\/www.ocorreionews.com.br\/acervo-correio\/index.php?rest_route=\/wp\/v2\/posts\/204827","targetHints":{"allow":["GET"]}}],"collection":[{"href":"https:\/\/www.ocorreionews.com.br\/acervo-correio\/index.php?rest_route=\/wp\/v2\/posts"}],"about":[{"href":"https:\/\/www.ocorreionews.com.br\/acervo-correio\/index.php?rest_route=\/wp\/v2\/types\/post"}],"author":[{"embeddable":true,"href":"https:\/\/www.ocorreionews.com.br\/acervo-correio\/index.php?rest_route=\/wp\/v2\/users\/4"}],"replies":[{"embeddable":true,"href":"https:\/\/www.ocorreionews.com.br\/acervo-correio\/index.php?rest_route=%2Fwp%2Fv2%2Fcomments&post=204827"}],"version-history":[{"count":1,"href":"https:\/\/www.ocorreionews.com.br\/acervo-correio\/index.php?rest_route=\/wp\/v2\/posts\/204827\/revisions"}],"predecessor-version":[{"id":204829,"href":"https:\/\/www.ocorreionews.com.br\/acervo-correio\/index.php?rest_route=\/wp\/v2\/posts\/204827\/revisions\/204829"}],"wp:featuredmedia":[{"embeddable":true,"href":"https:\/\/www.ocorreionews.com.br\/acervo-correio\/index.php?rest_route=\/wp\/v2\/media\/204828"}],"wp:attachment":[{"href":"https:\/\/www.ocorreionews.com.br\/acervo-correio\/index.php?rest_route=%2Fwp%2Fv2%2Fmedia&parent=204827"}],"wp:term":[{"taxonomy":"category","embeddable":true,"href":"https:\/\/www.ocorreionews.com.br\/acervo-correio\/index.php?rest_route=%2Fwp%2Fv2%2Fcategories&post=204827"},{"taxonomy":"post_tag","embeddable":true,"href":"https:\/\/www.ocorreionews.com.br\/acervo-correio\/index.php?rest_route=%2Fwp%2Fv2%2Ftags&post=204827"}],"curies":[{"name":"wp","href":"https:\/\/api.w.org\/{rel}","templated":true}]}}