{"id":204836,"date":"2022-04-29T07:41:32","date_gmt":"2022-04-29T11:41:32","guid":{"rendered":"https:\/\/www.ocorreionews.com.br\/acervo-correio\/?p=204836"},"modified":"2022-04-29T07:41:32","modified_gmt":"2022-04-29T11:41:32","slug":"enem-2022-veja-datas-de-inscricao-e-de-aplicacao-das-provas","status":"publish","type":"post","link":"https:\/\/www.ocorreionews.com.br\/acervo-correio\/?p=204836","title":{"rendered":"Enem 2022: veja datas de inscri\u00e7\u00e3o e de aplica\u00e7\u00e3o das provas"},"content":{"rendered":"<p>O Exame Nacional do Ensino M\u00e9dio (Enem) 2022, nas\u00a0<strong>vers\u00f5es impressa e digital,<\/strong>\u00a0ser\u00e1 aplicado em\u00a0<strong>13 e 20 de novembro<\/strong>. A informa\u00e7\u00e3o foi publicada nesta sexta-feira (29) no Di\u00e1rio Oficial da Uni\u00e3o.<\/p>\n<div class=\"mc-column content-text active-extra-styles \" data-block-type=\"unstyled\" data-block-weight=\"32\" data-block-id=\"4\">\n<p class=\"content-text__container \" data-track-category=\"Link no Texto\" data-track-links=\"\">As inscri\u00e7\u00f5es devem ser feitas na\u00a0<a href=\"http:\/\/enem.inep.gov.br\/participante\" target=\"_blank\" rel=\"noopener\">p\u00e1gina do participante<\/a>\u00a0entre 10 e 21 de maio, mediante o pagamento de uma taxa de R$ 85 (a ser efetuado at\u00e9 27 de maio).<\/p>\n<\/div>\n<div class=\"mc-column content-text active-extra-styles \" data-block-type=\"unstyled\" data-block-weight=\"30\" data-block-id=\"5\">\n<p class=\"content-text__container \" data-track-category=\"Link no Texto\" data-track-links=\"\"><strong>Aten\u00e7\u00e3o: os estudantes que obtiveram o direito \u00e0 isen\u00e7\u00e3o desse valor (como os alunos da rede p\u00fablica) tamb\u00e9m devem se inscrever.\u00a0<\/strong>Caso contr\u00e1rio, n\u00e3o poder\u00e3o prestar o\u00a0Enem.<\/p>\n<\/div>\n<div class=\"mc-column content-text active-extra-styles\" data-block-type=\"raw\" data-block-weight=\"15\" data-block-id=\"6\">\n<p>&nbsp;<\/p>\n<p>&nbsp;<\/p>\n<\/div>\n<div class=\"mc-column content-text active-extra-styles\" data-block-type=\"raw\" data-block-weight=\"7\" data-block-id=\"7\">\n<p class=\"content-text__container\">\n<div class=\"content-intertitle\">\n<h2>Ingl\u00eas ou espanhol? Prova impressa ou digital?<\/h2>\n<\/div>\n<p>&nbsp;<\/p>\n<\/div>\n<div class=\"mc-column content-text active-extra-styles \" data-block-type=\"unstyled\" data-block-weight=\"24\" data-block-id=\"8\">\n<p class=\"content-text__container \" data-track-category=\"Link no Texto\" data-track-links=\"\">O candidato deve escolher, no ato da inscri\u00e7\u00e3o,\u00a0<span class=\"highlight highlighted\">se deseja que as cinco quest\u00f5es de l\u00edngua estrangeira sejam em ingl\u00eas ou em espanhol.<\/span><\/p>\n<p data-track-category=\"Link no Texto\" data-track-links=\"\">\n<\/div>\n<div class=\"mc-column content-text active-extra-styles \" data-block-type=\"unstyled\" data-block-weight=\"14\" data-block-id=\"9\">\n<p class=\"content-text__container \" data-track-category=\"Link no Texto\" data-track-links=\"\">Tamb\u00e9m precisa sinalizar se quer fazer o\u00a0Enem\u00a0impresso (tradicional) ou o digital.<\/p>\n<p data-track-category=\"Link no Texto\" data-track-links=\"\">\n<\/div>\n<div class=\"mc-column content-text active-extra-styles \" data-block-type=\"unstyled\" data-block-weight=\"7\" data-block-id=\"10\">\n<p class=\"content-text__container \" data-track-category=\"Link no Texto\" data-track-links=\"\">\u00c9 importante lembrar que a vers\u00e3o informatizada:<\/p>\n<\/div>\n<div class=\"mc-column content-text active-extra-styles\" data-block-type=\"raw\" data-block-weight=\"29\" data-block-id=\"11\">\n<p class=\"content-text__container\">\n<ul class=\"content-unordered-list\">\n<li>tamb\u00e9m \u00e9 aplicada nos locais de prova \u2014\u00a0<span class=\"highlight highlighted\">n\u00e3o existe a op\u00e7\u00e3o de prestar o exame em casa;<\/span><\/li>\n<li>traz 180 quest\u00f5es a serem respondidas digitalmente, mas<span class=\"highlight highlighted\">\u00a0com reda\u00e7\u00e3o manuscrita.<\/span><\/li>\n<\/ul>\n<p>&nbsp;<\/p>\n<\/div>\n<div class=\"mc-column content-text active-extra-styles\" data-block-type=\"raw\" data-block-weight=\"3\" data-block-id=\"12\">\n<p class=\"content-text__container\">\n<div class=\"content-intertitle\">\n<h2>Confira o cronograma<\/h2>\n<div class=\"row glb-mc-banner-top\">\n<div class=\"publicidade publicidade-banner_materia_topo\">\n<div id=\"banner_materia_topo\" class=\"tag-manager-publicidade-container tag-manager-publicidade-banner_materia_topo tag-manager-publicidade-container--carregado tag-manager-publicidade-container--visivel\" data-req=\"true\" data-cid=\"138296393630\" data-lid=\"5238130498\" data-google-query-id=\"CIeZtuiXufcCFRcFuQYdqE0MQA\">\n<div id=\"google_ads_iframe_\/95377733\/tvg_G1\/Educacao\/Enem_0__container__\"><iframe loading=\"lazy\" id=\"google_ads_iframe_\/95377733\/tvg_G1\/Educacao\/Enem_0\" tabindex=\"0\" title=\"3rd party ad content\" role=\"region\" src=\"https:\/\/af315386d3f0ea9f302ba3a9ea0ded5c.safeframe.googlesyndication.com\/safeframe\/1-0-38\/html\/container.html\" name=\"\" width=\"1\" height=\"1\" frameborder=\"0\" marginwidth=\"0\" marginheight=\"0\" scrolling=\"no\" sandbox=\"allow-forms allow-popups allow-popups-to-escape-sandbox allow-same-origin allow-scripts allow-top-navigation-by-user-activation\" data-is-safeframe=\"true\" aria-label=\"Advertisement\" data-google-container-id=\"2\" data-load-complete=\"true\" data-mce-fragment=\"1\"><\/iframe><\/div>\n<\/div>\n<\/div>\n<\/div>\n<div class=\"row content-head non-featured \">\n<div class=\"title\">\n<h1 class=\"content-head__title\">Enem 2022: edital \u00e9 publicado; veja datas de inscri\u00e7\u00e3o e de aplica\u00e7\u00e3o das provas<\/h1>\n<\/div>\n<div class=\"medium-centered subtitle\">\n<h2 class=\"content-head__subtitle\">Vers\u00f5es impressa e digital ser\u00e3o aplicadas em 13 e 20 de novembro. Taxa de inscri\u00e7\u00e3o \u00e9 de R$ 85 para quem n\u00e3o conseguiu isen\u00e7\u00e3o.<\/h2>\n<\/div>\n<\/div>\n<div class=\"content__signa-share\">\n<div class=\"content__signature\">\n<div class=\"content-publication-data\">\n<div class=\"content-publication-data__text\">\n<p class=\"content-publication-data__from\" title=\"g1\">Por g1\u00a0\u2014 S\u00e3o Paulo<\/p>\n<p class=\"content-publication-data__updated\"><time datetime=\"2022-04-29T07:41:14.216Z\">29\/04\/2022 04h41\u00a0<\/time><span class=\"content-publication-data__updated-relative\">\u00a0<time datetime=\"2022-04-29T11:29:42.926Z\">Atualizado\u00a0<time datetime=\"2022-04-29T11:29:42.926Z\">h\u00e1 12 minutos<\/time><\/time><\/span><\/p>\n<\/div>\n<\/div>\n<\/div>\n<div class=\"content__share-bar content__share-bar--cloned\" data-position=\"upper\"><\/div>\n<\/div>\n<hr class=\"content__divider \" \/>\n<div class=\"mc-article-body\">\n<article>\n<div class=\"row medium-uncollapsed content-media content-photo\" data-block-type=\"backstage-photo\" data-block-id=\"0\">\n<div class=\"mc-column content-media__container\">\n<div class=\"content-media-container glb-skeleton-box\">\n<figure class=\"content-media-figure\"><img decoding=\"async\" class=\"i-amphtml-fill-content i-amphtml-replaced-content\" src=\"https:\/\/s2.glbimg.com\/xoKQUjvmdxRjtojYDzs6O2ODz3w=\/0x0:1700x1068\/984x0\/smart\/filters:strip_icc()\/i.s3.glbimg.com\/v1\/AUTH_59edd422c0c84a879bd37670ae4f538a\/internal_photos\/bs\/2021\/5\/q\/LgW9ElSB2MANbWbCZJyA\/dsc4915.jpg\" sizes=\"(max-width: 435px) 387px, 100vw\" srcset=\"https:\/\/s2.glbimg.com\/NIkdnPAgq1xraXHKUIesd_lED70=\/0x0:1700x1068\/1000x0\/smart\/filters:strip_icc()\/i.s3.glbimg.com\/v1\/AUTH_59edd422c0c84a879bd37670ae4f538a\/internal_photos\/bs\/2021\/5\/q\/LgW9ElSB2MANbWbCZJyA\/dsc4915.jpg 1000w, https:\/\/s2.glbimg.com\/xoKQUjvmdxRjtojYDzs6O2ODz3w=\/0x0:1700x1068\/984x0\/smart\/filters:strip_icc()\/i.s3.glbimg.com\/v1\/AUTH_59edd422c0c84a879bd37670ae4f538a\/internal_photos\/bs\/2021\/5\/q\/LgW9ElSB2MANbWbCZJyA\/dsc4915.jpg 984w, https:\/\/s2.glbimg.com\/eOtDQQBOoI3SvCFueY3h8j1X0FQ=\/0x0:1700x1068\/640x0\/smart\/filters:strip_icc()\/i.s3.glbimg.com\/v1\/AUTH_59edd422c0c84a879bd37670ae4f538a\/internal_photos\/bs\/2021\/5\/q\/LgW9ElSB2MANbWbCZJyA\/dsc4915.jpg 640w, https:\/\/s2.glbimg.com\/fs-yyZ6HbdeMIQTGQiRTe8_H2_s=\/0x0:1700x1068\/600x0\/smart\/filters:strip_icc()\/i.s3.glbimg.com\/v1\/AUTH_59edd422c0c84a879bd37670ae4f538a\/internal_photos\/bs\/2021\/5\/q\/LgW9ElSB2MANbWbCZJyA\/dsc4915.jpg 600w\" alt=\"Estudantes se re\u00fanem para debater quest\u00f5es ap\u00f3s prova do Enem 2021 em Ribeir\u00e3o Preto (SP). \u2014 Foto: \u00c9rico Andrade\/g1\" \/><\/figure>\n<\/div>\n<p class=\"content-media__description \">Estudantes se re\u00fanem para debater quest\u00f5es ap\u00f3s prova do Enem 2021 em Ribeir\u00e3o Preto (SP). \u2014 Foto: \u00c9rico Andrade\/g1<\/p>\n<\/div>\n<\/div>\n<div class=\"mc-column\" data-block-type=\"ads\" data-block-id=\"1\">\n<div id=\"content-ads-banner_materia1\" class=\"content-ads content-ads--regular content-ads--smart-size\">\n<div id=\"banner_materia1\" class=\"tag-manager-publicidade-container mc-has-ad-lazyload tag-manager-publicidade-banner_materia1 tag-manager-publicidade-container--carregado tag-manager-publicidade-container--visivel\" data-id=\"banner_materia1\" data-req=\"true\" data-cid=\"138388125291\" data-lid=\"5968403162\" data-google-query-id=\"CMr_zPmXufcCFRAEuQYdP0wObA\">\n<div id=\"google_ads_iframe_\/95377733\/tvg_G1\/Educacao\/Enem_1__container__\"><iframe loading=\"lazy\" id=\"google_ads_iframe_\/95377733\/tvg_G1\/Educacao\/Enem_1\" tabindex=\"0\" title=\"3rd party ad content\" role=\"region\" src=\"https:\/\/af315386d3f0ea9f302ba3a9ea0ded5c.safeframe.googlesyndication.com\/safeframe\/1-0-38\/html\/container.html\" name=\"\" width=\"300\" height=\"250\" frameborder=\"0\" marginwidth=\"0\" marginheight=\"0\" scrolling=\"no\" sandbox=\"allow-forms allow-popups allow-popups-to-escape-sandbox allow-same-origin allow-scripts allow-top-navigation-by-user-activation\" data-is-safeframe=\"true\" aria-label=\"Advertisement\" data-google-container-id=\"4\" data-load-complete=\"true\" data-mce-fragment=\"1\"><\/iframe><\/div>\n<\/div>\n<\/div>\n<\/div>\n<div class=\"mc-column content-text active-extra-styles \" data-block-type=\"unstyled\" data-block-weight=\"34\" data-block-id=\"2\">\n<p class=\"content-text__container \" data-track-category=\"Link no Texto\" data-track-links=\"\">O Exame Nacional do Ensino M\u00e9dio (<a href=\"https:\/\/g1.globo.com\/educacao\/enem\">Enem<\/a>) 2022, nas\u00a0<strong>vers\u00f5es impressa e digital,<\/strong>\u00a0ser\u00e1 aplicado em\u00a0<strong>13 e 20 de novembro<\/strong>. A informa\u00e7\u00e3o foi publicada nesta sexta-feira (29) no Di\u00e1rio Oficial da Uni\u00e3o.<\/p>\n<\/div>\n<div class=\"wall protected-content\">\n<div class=\"mc-column content-text active-extra-styles\" data-block-type=\"raw\" data-block-weight=\"7\" data-block-id=\"3\">\n<p class=\"content-text__container\">\n<ul class=\"content-unordered-list\">\n<li><a href=\"https:\/\/g1.globo.com\/educacao\/enem\/2021\/noticia\/2022\/04\/11\/leia-redacoes-nota-mil-do-enem-2021.ghtml\"><strong>LEIA REDA\u00c7\u00d5ES NOTA MIL DO ENEM 2021<\/strong><\/a><\/li>\n<\/ul>\n<p>&nbsp;<\/p>\n<\/div>\n<div class=\"mc-column content-text active-extra-styles \" data-block-type=\"unstyled\" data-block-weight=\"32\" data-block-id=\"4\">\n<p class=\"content-text__container \" data-track-category=\"Link no Texto\" data-track-links=\"\">As inscri\u00e7\u00f5es devem ser feitas na\u00a0<a href=\"http:\/\/enem.inep.gov.br\/participante\" target=\"_blank\" rel=\"noopener\">p\u00e1gina do participante<\/a>\u00a0entre 10 e 21 de maio, mediante o pagamento de uma taxa de R$ 85 (a ser efetuado at\u00e9 27 de maio).<\/p>\n<\/div>\n<div class=\"mc-column content-text active-extra-styles \" data-block-type=\"unstyled\" data-block-weight=\"30\" data-block-id=\"5\">\n<p class=\"content-text__container \" data-track-category=\"Link no Texto\" data-track-links=\"\"><strong>Aten\u00e7\u00e3o: os estudantes que obtiveram o direito \u00e0 isen\u00e7\u00e3o desse valor (como os alunos da rede p\u00fablica) tamb\u00e9m devem se inscrever.\u00a0<\/strong>Caso contr\u00e1rio, n\u00e3o poder\u00e3o prestar o\u00a0<a href=\"https:\/\/g1.globo.com\/tudo-sobre\/enem\/\">Enem<\/a>.<\/p>\n<\/div>\n<div class=\"mc-column content-text active-extra-styles\" data-block-type=\"raw\" data-block-weight=\"15\" data-block-id=\"6\">\n<p class=\"content-text__container\">\n<ul class=\"content-unordered-list\">\n<li><strong>RAIO X DE REDA\u00c7\u00d5ES NOTA MIL:<\/strong><a href=\"https:\/\/g1.globo.com\/educacao\/enem\/2021\/noticia\/2022\/04\/12\/raio-x-de-redacoes-nota-mil-do-enem-2021-professores-analisam-estrutura-de-textos-que-atingiram-pontuacao-maxima.ghtml\">\u00a0professores analisam estrutura de textos que atingiram pontua\u00e7\u00e3o m\u00e1xima<\/a><\/li>\n<\/ul>\n<p>&nbsp;<\/p>\n<\/div>\n<div class=\"mc-column content-text active-extra-styles\" data-block-type=\"raw\" data-block-weight=\"7\" data-block-id=\"7\">\n<p class=\"content-text__container\">\n<div class=\"content-intertitle\">\n<h2>Ingl\u00eas ou espanhol? Prova impressa ou digital?<\/h2>\n<\/div>\n<p>&nbsp;<\/p>\n<\/div>\n<div class=\"mc-column content-text active-extra-styles \" data-block-type=\"unstyled\" data-block-weight=\"24\" data-block-id=\"8\">\n<p class=\"content-text__container \" data-track-category=\"Link no Texto\" data-track-links=\"\">O candidato deve escolher, no ato da inscri\u00e7\u00e3o,\u00a0<span class=\"highlight highlighted\">se deseja que as cinco quest\u00f5es de l\u00edngua estrangeira sejam em ingl\u00eas ou em espanhol.<\/span><\/p>\n<\/div>\n<div class=\"mc-column content-text active-extra-styles \" data-block-type=\"unstyled\" data-block-weight=\"14\" data-block-id=\"9\">\n<p class=\"content-text__container \" data-track-category=\"Link no Texto\" data-track-links=\"\">Tamb\u00e9m precisa sinalizar se quer fazer o\u00a0<a href=\"https:\/\/g1.globo.com\/tudo-sobre\/enem\/\">Enem<\/a>\u00a0impresso (tradicional) ou o digital.<\/p>\n<\/div>\n<div class=\"mc-column content-text active-extra-styles \" data-block-type=\"unstyled\" data-block-weight=\"7\" data-block-id=\"10\">\n<p class=\"content-text__container \" data-track-category=\"Link no Texto\" data-track-links=\"\">\u00c9 importante lembrar que a vers\u00e3o informatizada:<\/p>\n<\/div>\n<div class=\"mc-column content-text active-extra-styles\" data-block-type=\"raw\" data-block-weight=\"29\" data-block-id=\"11\">\n<p class=\"content-text__container\">\n<ul class=\"content-unordered-list\">\n<li>tamb\u00e9m \u00e9 aplicada nos locais de prova \u2014\u00a0<span class=\"highlight highlighted\">n\u00e3o existe a op\u00e7\u00e3o de prestar o exame em casa;<\/span><\/li>\n<li>traz 180 quest\u00f5es a serem respondidas digitalmente, mas<span class=\"highlight highlighted\">\u00a0com reda\u00e7\u00e3o manuscrita.<\/span><\/li>\n<\/ul>\n<p>&nbsp;<\/p>\n<\/div>\n<div class=\"mc-column content-text active-extra-styles\" data-block-type=\"raw\" data-block-weight=\"3\" data-block-id=\"12\">\n<p class=\"content-text__container\">\n<div class=\"content-intertitle\">\n<h2>Confira o cronograma<\/h2>\n<\/div>\n<\/div>\n<div class=\"mc-column content-text active-extra-styles\" data-block-type=\"raw\" data-block-weight=\"42\" data-block-id=\"14\">\n<p class=\"content-text__container\">\n<ul class=\"content-unordered-list\">\n<li><strong><span class=\"highlight highlighted\">Inscri\u00e7\u00f5es<\/span><\/strong><span class=\"highlight highlighted\">: 10 a 21 de maio<\/span><\/li>\n<li><strong>Pagamento da inscri\u00e7\u00e3o:<\/strong>\u00a010 a 27 de maio<\/li>\n<li><strong>Pedido de atendimento especializado:\u00a0<\/strong>10 a 21 de maio<\/li>\n<li><strong>Pedido de tratamento pelo nome social:\u00a0<\/strong>23 a 28 de junho<\/li>\n<li><strong><span class=\"highlight highlighted\">Provas:\u00a0<\/span><\/strong><span class=\"highlight highlighted\">13 e 20 de novembro<\/span><\/li>\n<\/ul>\n<p>&nbsp;<\/p>\n<\/div>\n<div class=\"mc-column content-text active-extra-styles\" data-block-type=\"raw\" data-block-weight=\"3\" data-block-id=\"15\">\n<p class=\"content-text__container\">\n<div class=\"content-intertitle\">\n<h2>Disciplinas e hor\u00e1rios<\/h2>\n<\/div>\n<p>&nbsp;<\/p>\n<\/div>\n<div class=\"mc-column content-text active-extra-styles \" data-block-type=\"unstyled\" data-block-weight=\"12\" data-block-id=\"16\">\n<p class=\"content-text__container \" data-track-category=\"Link no Texto\" data-track-links=\"\">Como nos \u00faltimos anos, o\u00a0Enem\u00a0ser\u00e1 aplicado em dois domingos.<\/p>\n<p data-track-category=\"Link no Texto\" data-track-links=\"\">\n<\/div>\n<div class=\"mc-column content-text active-extra-styles \" data-block-type=\"unstyled\" data-block-weight=\"3\" data-block-id=\"17\">\n<p class=\"content-text__container \" data-track-category=\"Link no Texto\" data-track-links=\"\"><strong>13 de novembro<\/strong><\/p>\n<\/div>\n<div class=\"mc-column content-text active-extra-styles \" data-block-type=\"unstyled\" data-block-weight=\"4\" data-block-id=\"18\">\n<p class=\"content-text__container \" data-track-category=\"Link no Texto\" data-track-links=\"\">O candidato dever\u00e1 fazer:<\/p>\n<\/div>\n<div class=\"mc-column content-text active-extra-styles\" data-block-type=\"raw\" data-block-weight=\"21\" data-block-id=\"19\">\n<p class=\"content-text__container\">\n<ul class=\"content-unordered-list\">\n<li>45 quest\u00f5es de linguagens (40 de l\u00edngua portuguesa e 5 de ingl\u00eas ou espanhol);<\/li>\n<li>45 quest\u00f5es de ci\u00eancias humanas<\/li>\n<li>e reda\u00e7\u00e3o.<\/li>\n<\/ul>\n<p>&nbsp;<\/p>\n<\/div>\n<div class=\"mc-column content-text active-extra-styles \" data-block-type=\"unstyled\" data-block-weight=\"3\" data-block-id=\"20\">\n<p class=\"content-text__container \" data-track-category=\"Link no Texto\" data-track-links=\"\"><strong>20 de novembro<\/strong><\/p>\n<\/div>\n<div class=\"mc-column content-text active-extra-styles \" data-block-type=\"unstyled\" data-block-weight=\"3\" data-block-id=\"21\">\n<p class=\"content-text__container \" data-track-category=\"Link no Texto\" data-track-links=\"\">A prova trar\u00e1:<\/p>\n<\/div>\n<div class=\"mc-column content-text active-extra-styles\" data-block-type=\"raw\" data-block-weight=\"11\" data-block-id=\"22\">\n<p class=\"content-text__container\">\n<ul class=\"content-unordered-list\">\n<li>45 quest\u00f5es de matem\u00e1tica<\/li>\n<li>e 45 quest\u00f5es de ci\u00eancias da natureza.<\/li>\n<\/ul>\n<p>&nbsp;<\/p>\n<\/div>\n<div class=\"mc-column content-text active-extra-styles \" data-block-type=\"unstyled\" data-block-weight=\"9\" data-block-id=\"23\">\n<p class=\"content-text__container \" data-track-category=\"Link no Texto\" data-track-links=\"\"><strong>Veja os hor\u00e1rios de aplica\u00e7\u00e3o (no fuso de Bras\u00edlia):<\/strong><\/p>\n<\/div>\n<div class=\"mc-column content-text active-extra-styles\" data-block-type=\"raw\" data-block-weight=\"28\" data-block-id=\"24\">\n<p class=\"content-text__container\">\n<ul class=\"content-unordered-list\">\n<li><strong>Abertura dos port\u00f5es:\u00a0<\/strong>12h<\/li>\n<li><strong>Fechamento dos port\u00f5es:<\/strong>\u00a013h<\/li>\n<li><strong>In\u00edcio das provas:\u00a0<\/strong>13h30<\/li>\n<li><strong>T\u00e9rmino das provas no 1\u00ba dia:\u00a0<\/strong>19h<\/li>\n<li><strong>T\u00e9rmino das provas no 2\u00ba dia:\u00a0<\/strong>18h30<\/li>\n<\/ul>\n<p>&nbsp;<\/p>\n<\/div>\n<p>*G1<\/p>\n<\/div>\n<\/article>\n<\/div>\n<p>&nbsp;<\/p>\n<\/div>\n<\/div>\n","protected":false},"excerpt":{"rendered":"<p>O Exame Nacional do Ensino M\u00e9dio (Enem) 2022, nas\u00a0vers\u00f5es impressa e digital,\u00a0ser\u00e1 aplicado em\u00a013 e 20 de novembro. A informa\u00e7\u00e3o foi publicada nesta sexta-feira (29) no Di\u00e1rio Oficial da Uni\u00e3o. As inscri\u00e7\u00f5es devem ser feitas na\u00a0p\u00e1gina do participante\u00a0entre 10 e 21 de maio, mediante o pagamento de uma taxa de R$ 85 (a ser efetuado [&hellip;]<\/p>\n","protected":false},"author":5,"featured_media":196337,"comment_status":"closed","ping_status":"closed","sticky":false,"template":"","format":"standard","meta":{"footnotes":""},"categories":[27],"tags":[],"class_list":["post-204836","post","type-post","status-publish","format-standard","has-post-thumbnail","hentry","category-educacao"],"_links":{"self":[{"href":"https:\/\/www.ocorreionews.com.br\/acervo-correio\/index.php?rest_route=\/wp\/v2\/posts\/204836","targetHints":{"allow":["GET"]}}],"collection":[{"href":"https:\/\/www.ocorreionews.com.br\/acervo-correio\/index.php?rest_route=\/wp\/v2\/posts"}],"about":[{"href":"https:\/\/www.ocorreionews.com.br\/acervo-correio\/index.php?rest_route=\/wp\/v2\/types\/post"}],"author":[{"embeddable":true,"href":"https:\/\/www.ocorreionews.com.br\/acervo-correio\/index.php?rest_route=\/wp\/v2\/users\/5"}],"replies":[{"embeddable":true,"href":"https:\/\/www.ocorreionews.com.br\/acervo-correio\/index.php?rest_route=%2Fwp%2Fv2%2Fcomments&post=204836"}],"version-history":[{"count":1,"href":"https:\/\/www.ocorreionews.com.br\/acervo-correio\/index.php?rest_route=\/wp\/v2\/posts\/204836\/revisions"}],"predecessor-version":[{"id":204837,"href":"https:\/\/www.ocorreionews.com.br\/acervo-correio\/index.php?rest_route=\/wp\/v2\/posts\/204836\/revisions\/204837"}],"wp:featuredmedia":[{"embeddable":true,"href":"https:\/\/www.ocorreionews.com.br\/acervo-correio\/index.php?rest_route=\/wp\/v2\/media\/196337"}],"wp:attachment":[{"href":"https:\/\/www.ocorreionews.com.br\/acervo-correio\/index.php?rest_route=%2Fwp%2Fv2%2Fmedia&parent=204836"}],"wp:term":[{"taxonomy":"category","embeddable":true,"href":"https:\/\/www.ocorreionews.com.br\/acervo-correio\/index.php?rest_route=%2Fwp%2Fv2%2Fcategories&post=204836"},{"taxonomy":"post_tag","embeddable":true,"href":"https:\/\/www.ocorreionews.com.br\/acervo-correio\/index.php?rest_route=%2Fwp%2Fv2%2Ftags&post=204836"}],"curies":[{"name":"wp","href":"https:\/\/api.w.org\/{rel}","templated":true}]}}