{"id":204838,"date":"2022-04-29T08:25:41","date_gmt":"2022-04-29T12:25:41","guid":{"rendered":"https:\/\/www.ocorreionews.com.br\/acervo-correio\/?p=204838"},"modified":"2022-04-29T08:25:41","modified_gmt":"2022-04-29T12:25:41","slug":"o-fator-religiao-pesara-nestas-eleicoes","status":"publish","type":"post","link":"https:\/\/www.ocorreionews.com.br\/acervo-correio\/?p=204838","title":{"rendered":"O fator religi\u00e3o pesar\u00e1 nestas elei\u00e7\u00f5es?"},"content":{"rendered":"<p><strong><u>RELIGI\u00c3O E POL\u00cdTICA:<\/u><\/strong> Desembarcaram juntas no Brasil em 1.500. Mas a influ\u00eancia dos evang\u00e9licos nos 3 poderes \u00e9 crescente e provoca rea\u00e7\u00f5es diversas. A religiosidade ser\u00e1 decisiva no pleito nacional e na sucess\u00e3o estadual? \u00a0At\u00e9 onde pesar\u00e1 na escolha dos candidatos pelos eleitores evang\u00e9licos? Influenciar\u00e1 os eleitores de outras seitas? Tudo dependeria do discurso na campanha? Os excessos de evang\u00e9licos poderiam gerar preconceito do eleitor cat\u00f3lico principalmente?<\/p>\n<p><strong><u>NO RETROVISOR:<\/u><\/strong> Nem todos os pol\u00edticos evang\u00e9licos com mandato foram eleitos com votos exclusivos dos \u2018irm\u00e3os\u2019. Um alerta por exemplo \u00e0 pr\u00e9-candidata ao Governo Rose Modesto, uma lideran\u00e7a nos movimentos crist\u00e3os fora do catolicismo. Mas romper barreiras do preconceito \u00e9 poss\u00edvel como fez Marcelo Crivella (PRB) ao se eleger prefeito do Rio de Janeiro em 2016. \u201cMas o Rio \u00e9 o Rio\u201d \u2013 diriam.<\/p>\n<p><strong><u>A PROP\u00d3SITO:<\/u><\/strong> Um leitor questiona ironicamente: \u201cnestas elei\u00e7\u00f5es vamos debater as \u00a0propostas para uma vida melhor ou simplesmente convidados a orar? Neste ritmo corremos o risco de voltarmos ao tempo da Idade M\u00e9dia cujas rela\u00e7\u00f5es \u00edntimas entre o Estado e a Igreja est\u00e3o retratadas no livro (e filme) \u2018O Nome da Rosa\u2019 (de Umberto Ecco)?\u201d<\/p>\n<p><strong><u>VATICANO:<\/u><\/strong> No C\u00f3digo do Direito Can\u00f4nico os padres s\u00e3o proibidos de assumir cargos pol\u00edticos que impliquem participa\u00e7\u00e3o no exerc\u00edcio do poder civil e nem se filiar a partidos pol\u00edticos. O clero n\u00e3o deve participar de atividades pol\u00edtico-partid\u00e1rias e nem ceder espa\u00e7os f\u00edsicos e meios de comunica\u00e7\u00e3o para apoiar candidatos ou partidos pol\u00edticos.<\/p>\n<p><strong><u>E AGORA?<\/u><\/strong>\u00a0 Mas o Papa Francisco diz que a Igreja n\u00e3o s\u00f3 pode como deve participar da vida cidad\u00e3 e incentiva o debate objetivo e transparente com base na sua Doutrina Social. Entende que os crist\u00e3os n\u00e3o podem imitar Pilatos lavando as m\u00e3os. Lembra ainda que a pol\u00edtica est\u00e1 muito suja porque os crist\u00e3os n\u00e3o participam dela com o esp\u00edrito evang\u00e9lico.<\/p>\n<p><strong><u>DEPUTADOS &amp; A\u00c7\u00d5ES:<\/u> Paulo Corr\u00eaa (PSDB): <\/strong>Miss\u00e3o cumprida na pandemia; anunciou a volta das sess\u00f5es abertas da Casa ao p\u00fablico no pr\u00f3ximo dia 2, obedecidas \u00e9 claro as regras de seguran\u00e7a contra a Covid-19.\u00a0<strong> \u00a0Z\u00e9 Teixeira (PSDB): \u00a0<\/strong>pede ajuda\u00a0 federal para constru\u00e7\u00e3o de 3 UBS rurais no munic\u00edpio Paranhos; requer ao Governo Estadual a pavimenta\u00e7\u00e3o em trecho (800 metros) da MS-142 no per\u00edmetro urbano de Camapu\u00e3.<strong> Lucas de Lima (PDT):\u00a0<\/strong> Publicada lei de sua autoria dispondo sobre a \u00a0o fim da limita\u00e7\u00e3o de consultas e sess\u00f5es\u00a0 de fisioterapia, fonoaudiologia, terapia ocupacional e psicoterapia no tratamento do Autismo. <strong>Gerson Claro (PP): <\/strong>Entusiasta pelo agroneg\u00f3cio como fonte de renda aos munic\u00edpios defende a facilidade do escoamento da produ\u00e7\u00e3o; pede ao Governo a restaura\u00e7\u00e3o do trecho da\u00a0 MS-431 entre a BR-158\u00a0 e o distrito de S\u00e3o Jo\u00e3o do Apor\u00e9, em Parana\u00edba.\u00a0<strong> \u00a0\u00a0Pedro Kemp (PT):\u00a0\u00a0 <\/strong>Usou da tribuna para discorrer sobre a decis\u00e3o da Organiza\u00e7\u00e3o das Na\u00e7\u00f5es Unidas (ONU) que considerou o julgamento\u00a0 do ex-presidente como parcial e injusto; ainda criticou o indulto outorgado ao deputado Daniel Silveira.<\/p>\n<p><strong><u>BAR\u00c3O DE ITARAR\u00c9:<\/u><\/strong> Cr\u00edtico do Governo Vargas, foi sequestrado e levou uma surra.\u00a0 De volta ao jornal afixou aviso na porta: \u201centre sem bater\u201d. Candidato a vereador no Rio de Janeiro quando faltava \u00e1gua e vendiam leite adulterado, adotou o lema: \u201cMais \u00e1gua, mais leite. Mas menos \u00e1gua no leite\u201d. Agradou e se elegeu.\u00a0 Em 1947 o TSE cassou seu mandato. No seu \u00faltimo discurso lascou: \u201cUm dia da ca\u00e7a, os outros dias da cassa\u00e7\u00e3o. Deixo a vida p\u00fablica para entrar na privada. \u201d<\/p>\n<p><strong><u>\u2018DOSSI\u00ca\u2019:<\/u><\/strong> Dados dispon\u00edveis no site da C\u00e2mara: Deputado federal pelo PSB em 2007\/11 Ciro Gomes n\u00e3o apresentou um \u00fanico projeto, faltou quase a metade das sess\u00f5es (um dos 10 mais faltosos) recebendo o sal\u00e1rio integral. Tamb\u00e9m figurou na \u2018farra das passagens\u2019, um esc\u00e2ndalo famoso.\u00a0 Mas ele n\u00e3o acordou do sonho (pela 4\u00aa. vez) de chegar ao Pal\u00e1cio do Planalto.<\/p>\n<p><strong><u>OUTROS TEMPOS!<\/u><\/strong> Quem n\u00e3o se lembra dos com\u00edcios e suas figuras folcl\u00f3ricas na plateia? O b\u00eabado alegre, por exemplo, era uma delas. Mas as novas leis e a internet sepultaram o evento que atraia multid\u00f5es custando caro com os shows art\u00edsticos, foguet\u00f3rio, \u2018comes\/bebes\u2019 e brindes. Junto com as carreatas, os com\u00edcios serviam como demonstra\u00e7\u00e3o do prest\u00edgio dos candidatos para influenciar os eleitores indecisos.<\/p>\n<p><strong><u>SEM RUMO:\u00a0<\/u><\/strong> PSDB nacional justifica a fama de indeciso como dizia o ex-governador Qu\u00e9rcia (MDB). A sigla n\u00e3o se imp\u00f5e na terceira via e o pr\u00e9-candidato Jo\u00e3o D\u00f3ria se perde em palavras e a\u00e7\u00f5es. Dias ap\u00f3s Lula (PT) dizer que \u2018D\u00f3ria n\u00e3o tinha passado, presente e nem futuro pol\u00edtico\u201d, o l\u00edder tucano declara que \u2018respeita o ex-presidente petista\u2019. Perdeu o amor pr\u00f3prio.<\/p>\n<p><strong><u>EM CRISE:\u00a0<\/u><\/strong> O PSDB e seu ros\u00e1rio de problemas: o caso escabroso do deputado A\u00e9cio Neves e a JBS; as consequ\u00eancias das malfadadas pr\u00e9vias nacionais; a sa\u00edda de Geraldo Alckmin, a ren\u00fancia de Jo\u00e3o D\u00f3ria ao Governo Paulista s\u00e3o alguns deles. Ali\u00e1s D\u00f3ria parece aquele capit\u00e3o do navio prestes a afundar \u2013 preocupado primeiro em salvar a pr\u00f3pria pele. Danem-se os passageiros!<\/p>\n<p><strong><u>A\u00c7\u00d5ES &amp; PARLAMENTARES:<\/u> Jos\u00e9 C. Barbosa (PP): <\/strong>Na sess\u00e3o do dia 26 usou a tribuna virtual para criticar a administra\u00e7\u00e3o municipal do prefeito Alan Guedes, de Dourados, classificando-a de \u201cextremamente deprimente\u2026fria e distante.<strong>\u00a0 L\u00eddio Lopes (Patri): <\/strong>Sancionada pelo Governo Estadual a lei de sua autoria que institui o Dia do Krav Maga a ser celebrado anualmente em 10 de mar\u00e7o. A norma foi publicada no Di\u00e1rio Oficial.\u00a0<strong> Capit\u00e3o Contar (PRTB):\u00a0<\/strong> Autor de 418 proposi\u00e7\u00f5es em 2021; cumpriu agenda em Ponta Por\u00e3 reunindo-se com comerciantes e propriet\u00e1rios rurais da fronteira.<strong>\u00a0 Antonio Vaz (REP): <\/strong>Sancionada lei de sua autoria instituindo a Semana de Incentivo a Participa\u00e7\u00e3o da Mulher no Processo Eleitoral; est\u00e1 na linha de frente de a\u00e7\u00e3o unisocial contra a fome com o objetivo de auxiliar as fam\u00edlias vulner\u00e1veis em decorr\u00eancia da pandemia.\u00a0<strong> \u00a0Paulo Duarte (PSB): <\/strong>Autor de Projeto de Emenda \u00e0 Constitui\u00e7\u00e3o prevendo a concess\u00e3o de Licen\u00e7a Maternidade para mulheres ocupantes de cargo eletivo no MS; \u00a0protocolou no MPE representa\u00e7\u00e3o contra a Flexpark pedindo devolu\u00e7\u00e3o aos usu\u00e1rios dos valores pagos \u00e0 empresa ap\u00f3s o fim do contrato de concess\u00e3o de estacionamento junto a prefeitura da capital.<\/p>\n<p><strong>\u00a0<u>REGISTRO:<\/u><\/strong> A atua\u00e7\u00e3o da maioria de nossos deputados federais, ap\u00f3s a cria\u00e7\u00e3o do MS, passou despercebida. Dos 8 atuais \u2013 o deputado F\u00e1bio Trad (PSD) \u00e9 que tem conseguido maior visibilidade nacional pelas a\u00e7\u00f5es e preparo. Continuar\u00e1 membro titular (desde 2018) da CCJ e Cidadania (a mais importante) e integrando as comiss\u00f5es que defendem os direitos da mulher, do idoso e dos deficientes.<\/p>\n<p><strong><u>M\u00c9RITOS!<\/u><\/strong> \u00c9 dif\u00edcil ter espa\u00e7o naquele labirinto de poder onde habitam pol\u00edticos experientes de representatividade partid\u00e1ria maior que do MS. No caso de F\u00e1bio, ele tem sido protagonista em epis\u00f3dios que exigem conhecimento jur\u00eddico, ganhando \u00a0proje\u00e7\u00e3o na m\u00eddia nacional. Como diz o deputado Londres Machado (PP): \u201cum deputado precisa ser especialista em alguma \u00e1rea. Caso contr\u00e1rio passar\u00e1 despercebido na C\u00e2mara\u201d.<\/p>\n<p><strong><u>CARONAS:<\/u><\/strong> Em todas as elei\u00e7\u00f5es h\u00e1 2 tipos de candidatos: Primeiro, os que possuem luz pr\u00f3pria gra\u00e7as ao prest\u00edgio pessoal, curr\u00edculo e a\u00e7\u00f5es no espa\u00e7o onde vivem. Segundo,\u00a0 os dependentes\u00a0 da for\u00e7a do partido e do grupo pol\u00edtico \u2013 do que de seus m\u00e9ritos pessoais. Neste caso a carreira pol\u00edtica tende a ser de curta dura\u00e7\u00e3o. S\u00e3o os pol\u00edticos de um s\u00f3 mandato. Passam, ningu\u00e9m percebeu e nem sentiu a falta.<\/p>\n<p><strong><u>DAY AFTER:<\/u><\/strong> Os efeitos da Covid se fazem notar nos mais diferentes segmentos da sociedade e no seu dia a dia. Al\u00e9m do com\u00e9rcio, escolas, ind\u00fastria e presta\u00e7\u00e3o de servi\u00e7os, tamb\u00e9m entidades tradicionais como Ma\u00e7onaria, Lions, igrejas e clubes recreativos sentem as consequ\u00eancias financeiras deste longo per\u00edodo de aus\u00eancia social. Hora de repensar posturas. O dinheiro encurtou.<\/p>\n<p><strong><u>REDEAS CURTAS:<\/u><\/strong> Viagens de f\u00e9rias, troca de carros e m\u00f3veis, reforma da casa e programas em restaurantes de final de semana, nem pensar! A classe m\u00e9dia da iniciativa privada revendo o estilo de vida. Dos planos de sa\u00fade para a fila do SUS. Alguns nem reclamam; est\u00e3o dando gra\u00e7as a Deus, felizes, por escaparem da Covid. Vale a vida, com ou sem grana.<\/p>\n<p><strong><u>A\u00c7\u00d5ES LEGISLATIVAS:\u00a0<\/u> Neno Razuk <\/strong>(PL): A pedido de vereadores de Juti pede ao Governo ajuda na instala\u00e7\u00e3o da Casa de Ap\u00f4io em Dourados para atender os pacientes em busca de atendimento m\u00e9dico especial; questiona os valores cobrados pela Energisa em \u00c1gua Clara cuja popula\u00e7\u00e3o est\u00e1 revoltada. <strong>Evander Vendramini (PP): <\/strong>\u00c9 seu o projeto que tramita na Casa obrigando hospitais e cl\u00ednicas p\u00fablicos e particulares a manter um fisioterapeuta nas Unidades de Terapia Intensiva.<strong> Amarildo Cruz (PP):\u00a0<\/strong> Gra\u00e7as ao seu projeto virou lei o tema Educa\u00e7\u00e3o Fiscal que foi inclu\u00eddo nos componentes curriculares das escolas da Rede Estadual de Ensino do MS.<strong>\u00a0 Mara Caseiro (PSDB):<\/strong> Parabenizou na tribuna duas mulheres que denunciaram ass\u00e9dio sexual no trabalho; ainda na tribuna virtual defendeu a Licen\u00e7a Maternidade \u00e0s mulheres exercendo mandato classista tendo em vista que a legisla\u00e7\u00e3o atual \u00e9 omissa neste sentido. \u00a0<strong>Mar\u00e7al Filho (PP): <\/strong>Em Douradina fez a entrega de ve\u00edculo 0\/km para transporte de pacientes carentes de assist\u00eancia m\u00e9dica. O prefeito Jean Foga\u00e7a agradeceu lembrando de v\u00e1rias obras e investimentos na cidade com recursos destinados pelo deputado.<\/p>\n<p><strong><u>CUIDADO!\u00a0<\/u><\/strong> Os candidatos precisam \u00a0cultivar a paci\u00eancia para suportar as provoca\u00e7\u00f5es encomendadas ou n\u00e3o. Nunca \u00e9 demais lembrar que as c\u00e2meras dos celulares registram som e imagem com qualidade. Ali\u00e1s, circula nas redes sociais o entrevero entre o pr\u00e9-candidato Ciro Gomes (PDT) e alguns jovens que o provocaram gritando \u2018Bolsonaro \u2013 mito\u2019.\u00a0 O jogo \u00e9 bruto!<\/p>\n<p><strong><u>O RETORNO:\u00a0<\/u><\/strong> Finalmente a Assembleia Legislativa estar\u00e1 voltando \u00e0s sess\u00f5es presenciais com o ingresso livre. Mas algumas aus\u00eancias ser\u00e3o notadas: dos deputados cabo Almi (PT) e Onevam de Matos (PSDB) e dos colegas de imprensa: \u00a0Guilherme Filho, Pierri Adri, os fot\u00f3grafos Valdenir Rezende, Toninho Souza e Oscalino Resende \u2013 v\u00edtimas da Covid. Mas a vida segue.<\/p>\n<p><strong>PONTO FINAL:<\/strong><\/p>\n<p><strong>\u00a0<\/strong>No Brasil a pol\u00edtica se resume em n\u00e3o deixar a on\u00e7a com fome, nem o cabrito morrer de fome. (<strong>Stanislaw Ponte Preta<\/strong>)<\/p>\n","protected":false},"excerpt":{"rendered":"<p>RELIGI\u00c3O E POL\u00cdTICA: Desembarcaram juntas no Brasil em 1.500. Mas a influ\u00eancia dos evang\u00e9licos nos 3 poderes \u00e9 crescente e provoca rea\u00e7\u00f5es diversas. A religiosidade ser\u00e1 decisiva no pleito nacional e na sucess\u00e3o estadual? \u00a0At\u00e9 onde pesar\u00e1 na escolha dos candidatos pelos eleitores evang\u00e9licos? Influenciar\u00e1 os eleitores de outras seitas? Tudo dependeria do discurso na [&hellip;]<\/p>\n","protected":false},"author":5,"featured_media":172463,"comment_status":"closed","ping_status":"closed","sticky":false,"template":"","format":"standard","meta":{"footnotes":""},"categories":[37],"tags":[],"class_list":["post-204838","post","type-post","status-publish","format-standard","has-post-thumbnail","hentry","category-politica"],"_links":{"self":[{"href":"https:\/\/www.ocorreionews.com.br\/acervo-correio\/index.php?rest_route=\/wp\/v2\/posts\/204838","targetHints":{"allow":["GET"]}}],"collection":[{"href":"https:\/\/www.ocorreionews.com.br\/acervo-correio\/index.php?rest_route=\/wp\/v2\/posts"}],"about":[{"href":"https:\/\/www.ocorreionews.com.br\/acervo-correio\/index.php?rest_route=\/wp\/v2\/types\/post"}],"author":[{"embeddable":true,"href":"https:\/\/www.ocorreionews.com.br\/acervo-correio\/index.php?rest_route=\/wp\/v2\/users\/5"}],"replies":[{"embeddable":true,"href":"https:\/\/www.ocorreionews.com.br\/acervo-correio\/index.php?rest_route=%2Fwp%2Fv2%2Fcomments&post=204838"}],"version-history":[{"count":1,"href":"https:\/\/www.ocorreionews.com.br\/acervo-correio\/index.php?rest_route=\/wp\/v2\/posts\/204838\/revisions"}],"predecessor-version":[{"id":204839,"href":"https:\/\/www.ocorreionews.com.br\/acervo-correio\/index.php?rest_route=\/wp\/v2\/posts\/204838\/revisions\/204839"}],"wp:featuredmedia":[{"embeddable":true,"href":"https:\/\/www.ocorreionews.com.br\/acervo-correio\/index.php?rest_route=\/wp\/v2\/media\/172463"}],"wp:attachment":[{"href":"https:\/\/www.ocorreionews.com.br\/acervo-correio\/index.php?rest_route=%2Fwp%2Fv2%2Fmedia&parent=204838"}],"wp:term":[{"taxonomy":"category","embeddable":true,"href":"https:\/\/www.ocorreionews.com.br\/acervo-correio\/index.php?rest_route=%2Fwp%2Fv2%2Fcategories&post=204838"},{"taxonomy":"post_tag","embeddable":true,"href":"https:\/\/www.ocorreionews.com.br\/acervo-correio\/index.php?rest_route=%2Fwp%2Fv2%2Ftags&post=204838"}],"curies":[{"name":"wp","href":"https:\/\/api.w.org\/{rel}","templated":true}]}}