{"id":204841,"date":"2022-04-29T08:31:09","date_gmt":"2022-04-29T12:31:09","guid":{"rendered":"https:\/\/www.ocorreionews.com.br\/acervo-correio\/?p=204841"},"modified":"2022-04-29T08:31:09","modified_gmt":"2022-04-29T12:31:09","slug":"licitacao-para-pavimentacao-da-ms-316-que-liga-paraiso-das-aguas-a-costa-rica-acontece-hoje-sexta-29","status":"publish","type":"post","link":"https:\/\/www.ocorreionews.com.br\/acervo-correio\/?p=204841","title":{"rendered":"Licita\u00e7\u00e3o para pavimenta\u00e7\u00e3o da MS 316 que liga Para\u00edso das \u00c1guas \u00e0 Costa Rica acontece hoje, sexta (29)"},"content":{"rendered":"<p>H\u00e1 mais de 40 anos se espera por este dia. Hoje, sexta-feira (29) acontece a licita\u00e7\u00e3o da MS 316, que liga Para\u00edso das \u00c1guas \u00e0 Costa Rica, o que compreende o trecho 02, com pouco mais de 30km.<\/p>\n<p>A licita\u00e7\u00e3o est\u00e1 prevista para \u00e0s 8h da manh\u00e3 na sede a Agesul. Na pr\u00f3xima segunda-feira (2) dever\u00e1 ser publicado a empresa vencedora do certamente.<\/p>\n<p>J\u00e1 o segundo lote, do trecho 01 que liga Costa Rica a Para\u00edso das \u00c1guas, a licita\u00e7\u00e3o acontece no pr\u00f3ximo dia 27 de maio, tamb\u00e9m \u00e0s 8h da manh\u00e3 na sede da Agesul.<\/p>\n<p>A constru\u00e7\u00e3o do anel vi\u00e1rio, com trecho de 9km em Para\u00edso das \u00c1guas est\u00e1 paralisado. Informa\u00e7\u00f5es preliminares s\u00e3o de que a empresa respons\u00e1vel abandonou a obra, com isto, atrasando sua entrega que j\u00e1 deveria ter ocorrido.<\/p>\n<p>Neste caso &#8211; se realmente confirma esta desist\u00eancia, ap\u00f3s a abertura de um processo administrativo, a segunda empresa participante do processo licitat\u00f3rio dever\u00e1 ser chamada.<\/p>\n<p>&#8220;A pavimenta\u00e7\u00e3o asf\u00e1ltica \u00e9 um sonho de mais de 40 anos e vai abrir novos caminhos e fomentar o desenvolvimento regional. Encurtar dist\u00e2ncias e beneficiar principalmente a sa\u00fade do munic\u00edpio de Para\u00edso das \u00c1guas, que hoje depende da Funda\u00e7\u00e3o Hospitalar de Costa Rica para urg\u00eancias e emerg\u00eancias, que atualmente percorre 120 km, cerca de 1h20 minutos, sendo que ap\u00f3s esta obra far\u00e1 um percurso de 60 km em cerca de 30 minutos, o que pode custar uma vida&#8221;, disse o ex-prefeito Ivan Xixi.<\/p>\n<p>Ivan Xixi tamb\u00e9m lembra dos esfor\u00e7os e uni\u00e3o das lideran\u00e7as pol\u00edticas de Para\u00edso das \u00c1guas, como prefeito, o vice-prefeito e vereadores da \u00e9poca, quando reivindicaram por esta obra. &#8220;Agradecemos ao nosso governador Reinaldo Azambuja, ao ex-secret\u00e1rio de Infraestrutura Eduardo Riedel, que em 2019, firmaram este compromisso conosco e com a popula\u00e7\u00e3o, cumprindo este t\u00e3o importante compromisso em atender nossa regi\u00e3o com esta obra de fundamental import\u00e2ncia&#8221;, destacou.<\/p>\n<p>O prefeito An\u00edzio Andrade que esteve presente na capital, juntamente com os vereadores (foto abaixo) onde recebeu das m\u00e3os do ex-secret\u00e1rio de Infraestrutura Eduardo Riedel, a publica\u00e7\u00e3o da licita\u00e7\u00e3o, agradeceu ao governador Reinaldo Azambuja e ao Eduardo Riedel pela obra t\u00e3o importante. &#8220;Nosso governador com a gest\u00e3o municipalista e presente nos 79 munic\u00edpios, faz toda a diferen\u00e7a e para n\u00f3s, uma grande conquista esta obra de pavimenta\u00e7\u00e3o. Nossos Agradecimentos especiais \u00e0 ele e ao nosso ex-secret\u00e1rio Eduardo Riedel, que antes de se afastar do cargo deixou o projeto bem encaminhado&#8221;, afirmou.<\/p>\n<p><img decoding=\"async\" title=\"Licita\u00e7\u00e3o para pavimenta\u00e7\u00e3o da MS 316 que liga Para\u00edso das \u00c1guas \u00e0 Costa Rica acontece hoje, sexta (29)\" src=\"https:\/\/www.bncnoticias.com.br\/arquivos\/noticias\/4838\/3ec9c765f5ca26f98c17aa79146c1317.jpg\" alt=\"Licita\u00e7\u00e3o para pavimenta\u00e7\u00e3o da MS 316 que liga Para\u00edso das \u00c1guas \u00e0 Costa Rica acontece hoje, sexta (29)\" width=\"100%\" \/><\/p>\n<p>&nbsp;<\/p>\n<p>*BNC Noticias<\/p>\n","protected":false},"excerpt":{"rendered":"<p>H\u00e1 mais de 40 anos se espera por este dia. Hoje, sexta-feira (29) acontece a licita\u00e7\u00e3o da MS 316, que liga Para\u00edso das \u00c1guas \u00e0 Costa Rica, o que compreende o trecho 02, com pouco mais de 30km. A licita\u00e7\u00e3o est\u00e1 prevista para \u00e0s 8h da manh\u00e3 na sede a Agesul. Na pr\u00f3xima segunda-feira (2) [&hellip;]<\/p>\n","protected":false},"author":5,"featured_media":131274,"comment_status":"closed","ping_status":"closed","sticky":false,"template":"","format":"standard","meta":{"footnotes":""},"categories":[36],"tags":[],"class_list":["post-204841","post","type-post","status-publish","format-standard","has-post-thumbnail","hentry","category-paraiso-das-aguas"],"_links":{"self":[{"href":"https:\/\/www.ocorreionews.com.br\/acervo-correio\/index.php?rest_route=\/wp\/v2\/posts\/204841","targetHints":{"allow":["GET"]}}],"collection":[{"href":"https:\/\/www.ocorreionews.com.br\/acervo-correio\/index.php?rest_route=\/wp\/v2\/posts"}],"about":[{"href":"https:\/\/www.ocorreionews.com.br\/acervo-correio\/index.php?rest_route=\/wp\/v2\/types\/post"}],"author":[{"embeddable":true,"href":"https:\/\/www.ocorreionews.com.br\/acervo-correio\/index.php?rest_route=\/wp\/v2\/users\/5"}],"replies":[{"embeddable":true,"href":"https:\/\/www.ocorreionews.com.br\/acervo-correio\/index.php?rest_route=%2Fwp%2Fv2%2Fcomments&post=204841"}],"version-history":[{"count":1,"href":"https:\/\/www.ocorreionews.com.br\/acervo-correio\/index.php?rest_route=\/wp\/v2\/posts\/204841\/revisions"}],"predecessor-version":[{"id":204843,"href":"https:\/\/www.ocorreionews.com.br\/acervo-correio\/index.php?rest_route=\/wp\/v2\/posts\/204841\/revisions\/204843"}],"wp:featuredmedia":[{"embeddable":true,"href":"https:\/\/www.ocorreionews.com.br\/acervo-correio\/index.php?rest_route=\/wp\/v2\/media\/131274"}],"wp:attachment":[{"href":"https:\/\/www.ocorreionews.com.br\/acervo-correio\/index.php?rest_route=%2Fwp%2Fv2%2Fmedia&parent=204841"}],"wp:term":[{"taxonomy":"category","embeddable":true,"href":"https:\/\/www.ocorreionews.com.br\/acervo-correio\/index.php?rest_route=%2Fwp%2Fv2%2Fcategories&post=204841"},{"taxonomy":"post_tag","embeddable":true,"href":"https:\/\/www.ocorreionews.com.br\/acervo-correio\/index.php?rest_route=%2Fwp%2Fv2%2Ftags&post=204841"}],"curies":[{"name":"wp","href":"https:\/\/api.w.org\/{rel}","templated":true}]}}